{"id":6058,"date":"2025-05-07T09:59:53","date_gmt":"2025-05-07T07:59:53","guid":{"rendered":"https:\/\/agora.xtec.cat\/cfacanovelles\/?p=6058"},"modified":"2025-05-07T10:03:56","modified_gmt":"2025-05-07T08:03:56","slug":"tema-8b-la-pilar-te-mal-de-coll","status":"publish","type":"post","link":"https:\/\/agora.xtec.cat\/cfacanovelles\/catala-2-mati\/tema-8b-la-pilar-te-mal-de-coll\/","title":{"rendered":"TEMA 8B: LA PILAR T\u00c9 MAL DE COLL"},"content":{"rendered":"<p><span style=\"font-weight: 400;\">En aquesta unitat tractarem les malalties m\u00e9s freq\u00fcents. Parlem dels seus s\u00edmptomes, de la seva prevenci\u00f3 i d\u2019alguns consells \u00fatils per afrontar-los. Sovint els problemes de salut tenen relaci\u00f3 directa amb l\u2019estat d\u2019\u00e0nim de les persones i, per tant, ens endinsarem en tots els sin\u00f2nims que podem utilitzar per a explicar-ho. <\/span><\/p>\n<p><a href=\"https:\/\/agora.xtec.cat\/cfacanovelles\/wp-content\/uploads\/usu1982\/2025\/05\/emocions-6-traduccic3b3-nataliacalix.webp\"><img loading=\"lazy\" decoding=\"async\" class=\"alignnone size-full wp-image-6059\" src=\"https:\/\/agora.xtec.cat\/cfacanovelles\/wp-content\/uploads\/usu1982\/2025\/05\/emocions-6-traduccic3b3-nataliacalix.webp\" alt=\"\" width=\"396\" height=\"454\" srcset=\"https:\/\/agora.xtec.cat\/cfacanovelles\/wp-content\/uploads\/usu1982\/2025\/05\/emocions-6-traduccic3b3-nataliacalix.webp 396w, https:\/\/agora.xtec.cat\/cfacanovelles\/wp-content\/uploads\/usu1982\/2025\/05\/emocions-6-traduccic3b3-nataliacalix-262x300.webp 262w\" sizes=\"auto, (max-width: 396px) 100vw, 396px\" \/><\/a><\/p>\n","protected":false},"excerpt":{"rendered":"<p>En aquesta unitat tractarem les malalties m\u00e9s freq\u00fcents. Parlem dels seus s\u00edmptomes, de la seva prevenci\u00f3 i d\u2019alguns consells \u00fatils per afrontar-los. Sovint els problemes de salut tenen relaci\u00f3 directa amb l\u2019estat d\u2019\u00e0nim de les persones i, per tant, ens endinsarem en tots els sin\u00f2nims&hellip;  <a href=\"https:\/\/agora.xtec.cat\/cfacanovelles\/catala-2-mati\/tema-8b-la-pilar-te-mal-de-coll\/\" title=\"Read TEMA 8B: LA PILAR T\u00c9 MAL DE COLL\">Llegeix m\u00e9s\u00bb<\/a><\/p>\n","protected":false},"author":25,"featured_media":6059,"comment_status":"closed","ping_status":"closed","sticky":false,"template":"","format":"standard","meta":{"_bbp_topic_count":0,"_bbp_reply_count":0,"_bbp_total_topic_count":0,"_bbp_total_reply_count":0,"_bbp_voice_count":0,"_bbp_anonymous_reply_count":0,"_bbp_topic_count_hidden":0,"_bbp_reply_count_hidden":0,"_bbp_forum_subforum_count":0,"footnotes":""},"categories":[142],"tags":[],"class_list":["post-6058","post","type-post","status-publish","format-standard","has-post-thumbnail","hentry","category-catala-2-mati"],"post_mailing_queue_ids":[],"_links":{"self":[{"href":"https:\/\/agora.xtec.cat\/cfacanovelles\/wp-json\/wp\/v2\/posts\/6058","targetHints":{"allow":["GET"]}}],"collection":[{"href":"https:\/\/agora.xtec.cat\/cfacanovelles\/wp-json\/wp\/v2\/posts"}],"about":[{"href":"https:\/\/agora.xtec.cat\/cfacanovelles\/wp-json\/wp\/v2\/types\/post"}],"author":[{"embeddable":true,"href":"https:\/\/agora.xtec.cat\/cfacanovelles\/wp-json\/wp\/v2\/users\/25"}],"replies":[{"embeddable":true,"href":"https:\/\/agora.xtec.cat\/cfacanovelles\/wp-json\/wp\/v2\/comments?post=6058"}],"version-history":[{"count":1,"href":"https:\/\/agora.xtec.cat\/cfacanovelles\/wp-json\/wp\/v2\/posts\/6058\/revisions"}],"predecessor-version":[{"id":6061,"href":"https:\/\/agora.xtec.cat\/cfacanovelles\/wp-json\/wp\/v2\/posts\/6058\/revisions\/6061"}],"wp:featuredmedia":[{"embeddable":true,"href":"https:\/\/agora.xtec.cat\/cfacanovelles\/wp-json\/wp\/v2\/media\/6059"}],"wp:attachment":[{"href":"https:\/\/agora.xtec.cat\/cfacanovelles\/wp-json\/wp\/v2\/media?parent=6058"}],"wp:term":[{"taxonomy":"category","embeddable":true,"href":"https:\/\/agora.xtec.cat\/cfacanovelles\/wp-json\/wp\/v2\/categories?post=6058"},{"taxonomy":"post_tag","embeddable":true,"href":"https:\/\/agora.xtec.cat\/cfacanovelles\/wp-json\/wp\/v2\/tags?post=6058"}],"curies":[{"name":"wp","href":"https:\/\/api.w.org\/{rel}","templated":true}]}}