{"id":5894,"date":"2026-04-10T14:17:17","date_gmt":"2026-04-10T12:17:17","guid":{"rendered":"https:\/\/agora.xtec.cat\/cfacanovelles\/?p=5894"},"modified":"2026-04-12T19:48:55","modified_gmt":"2026-04-12T17:48:55","slug":"tema-7-have-a-nice-weekend","status":"publish","type":"post","link":"https:\/\/agora.xtec.cat\/cfacanovelles\/angles-1\/tema-7-have-a-nice-weekend\/","title":{"rendered":"TEMA 7: Have a nice weekend!"},"content":{"rendered":"<p><span style=\"font-weight: 400;\">En aquest tema parlarem dels costums i h\u00e0bits que fem els caps de setmana. Tamb\u00e9 revisarem quin \u00e9s l\u2019ordre de les frases a les preguntes amb i sense WH words.\u00a0<\/span><\/p>\n<p><img loading=\"lazy\" decoding=\"async\" class=\"alignnone wp-image-5895\" src=\"https:\/\/agora.xtec.cat\/cfacanovelles\/wp-content\/uploads\/usu1982\/2025\/02\/angles-que-fem-en-cap-de-setmana.png\" alt=\"\" width=\"275\" height=\"181\" srcset=\"https:\/\/agora.xtec.cat\/cfacanovelles\/wp-content\/uploads\/usu1982\/2025\/02\/angles-que-fem-en-cap-de-setmana.png 578w, https:\/\/agora.xtec.cat\/cfacanovelles\/wp-content\/uploads\/usu1982\/2025\/02\/angles-que-fem-en-cap-de-setmana-300x197.png 300w\" sizes=\"auto, (max-width: 275px) 100vw, 275px\" \/>. \u00a0<a href=\"https:\/\/agora.xtec.cat\/cfacanovelles\/wp-content\/uploads\/usu1982\/2025\/02\/angles-sofa-que-fem-en-cap-de-setmana.png\"><img loading=\"lazy\" decoding=\"async\" class=\"alignnone wp-image-5896\" src=\"https:\/\/agora.xtec.cat\/cfacanovelles\/wp-content\/uploads\/usu1982\/2025\/02\/angles-sofa-que-fem-en-cap-de-setmana.png\" alt=\"\" width=\"272\" height=\"179\" srcset=\"https:\/\/agora.xtec.cat\/cfacanovelles\/wp-content\/uploads\/usu1982\/2025\/02\/angles-sofa-que-fem-en-cap-de-setmana.png 730w, https:\/\/agora.xtec.cat\/cfacanovelles\/wp-content\/uploads\/usu1982\/2025\/02\/angles-sofa-que-fem-en-cap-de-setmana-300x197.png 300w\" sizes=\"auto, (max-width: 272px) 100vw, 272px\" \/>. \u00a0<\/a><a href=\"https:\/\/agora.xtec.cat\/cfacanovelles\/wp-content\/uploads\/usu1982\/2025\/02\/angles-cuinem.png\"><img loading=\"lazy\" decoding=\"async\" class=\"wp-image-5897 aligncenter\" src=\"https:\/\/agora.xtec.cat\/cfacanovelles\/wp-content\/uploads\/usu1982\/2025\/02\/angles-cuinem.png\" alt=\"\" width=\"238\" height=\"160\" srcset=\"https:\/\/agora.xtec.cat\/cfacanovelles\/wp-content\/uploads\/usu1982\/2025\/02\/angles-cuinem.png 734w, https:\/\/agora.xtec.cat\/cfacanovelles\/wp-content\/uploads\/usu1982\/2025\/02\/angles-cuinem-300x201.png 300w\" sizes=\"auto, (max-width: 238px) 100vw, 238px\" \/><\/a><\/p>\n<p><span style=\"font-weight: 400;\">Aprendrem a fer correctament frases Imperatives i a utilitzar correctament els object pronouns.\u00a0<\/span><\/p>\n<p><span style=\"font-weight: 400;\">Per acabar, parlarem del m\u00f3n del cinema i els diferents tipus de pel\u00b7l\u00edcules que podem trobar.<\/span><\/p>\n<p><a href=\"https:\/\/agora.xtec.cat\/cfacanovelles\/wp-content\/uploads\/usu1982\/2025\/02\/angles-cinema.png\"><img loading=\"lazy\" decoding=\"async\" class=\"alignnone size-large wp-image-5898\" src=\"https:\/\/agora.xtec.cat\/cfacanovelles\/wp-content\/uploads\/usu1982\/2025\/02\/angles-cinema-1024x944.png\" alt=\"\" width=\"1024\" height=\"944\" srcset=\"https:\/\/agora.xtec.cat\/cfacanovelles\/wp-content\/uploads\/usu1982\/2025\/02\/angles-cinema-1024x944.png 1024w, https:\/\/agora.xtec.cat\/cfacanovelles\/wp-content\/uploads\/usu1982\/2025\/02\/angles-cinema-300x277.png 300w, https:\/\/agora.xtec.cat\/cfacanovelles\/wp-content\/uploads\/usu1982\/2025\/02\/angles-cinema-768x708.png 768w, https:\/\/agora.xtec.cat\/cfacanovelles\/wp-content\/uploads\/usu1982\/2025\/02\/angles-cinema.png 1117w\" sizes=\"auto, (max-width: 1024px) 100vw, 1024px\" \/><\/a><\/p>\n<p>&nbsp;<\/p>\n","protected":false},"excerpt":{"rendered":"<p>En aquest tema parlarem dels costums i h\u00e0bits que fem els caps de setmana. Tamb\u00e9 revisarem quin \u00e9s l\u2019ordre de les frases a les preguntes amb i sense WH words.\u00a0<br \/>\n. \u00a0<a href=\"https:\/\/agora.xtec.cat\/cfacanovelles\/wp-content\/uploads\/usu1982\/2025\/02\/angles-sofa-que-fem-en-cap-de-setmana.png\">. \u00a0<\/a><a href=\"https:\/\/agora.xtec.cat\/cfacanovelles\/wp-content\/uploads\/usu1982\/2025\/02\/angles-cuinem.png\"><\/a><br \/>\nAprendrem a fer correctament frases Imperatives i a utilitzar correctament els object&hellip;  <a href=\"https:\/\/agora.xtec.cat\/cfacanovelles\/angles-1\/tema-7-have-a-nice-weekend\/\" title=\"Read TEMA 7: Have a nice weekend!\">Llegeix m\u00e9s\u00bb<\/a><\/p>\n","protected":false},"author":25,"featured_media":5898,"comment_status":"closed","ping_status":"closed","sticky":false,"template":"","format":"standard","meta":{"_bbp_topic_count":0,"_bbp_reply_count":0,"_bbp_total_topic_count":0,"_bbp_total_reply_count":0,"_bbp_voice_count":0,"_bbp_anonymous_reply_count":0,"_bbp_topic_count_hidden":0,"_bbp_reply_count_hidden":0,"_bbp_forum_subforum_count":0,"footnotes":""},"categories":[152],"tags":[],"class_list":["post-5894","post","type-post","status-publish","format-standard","has-post-thumbnail","hentry","category-angles-1"],"post_mailing_queue_ids":[],"_links":{"self":[{"href":"https:\/\/agora.xtec.cat\/cfacanovelles\/wp-json\/wp\/v2\/posts\/5894","targetHints":{"allow":["GET"]}}],"collection":[{"href":"https:\/\/agora.xtec.cat\/cfacanovelles\/wp-json\/wp\/v2\/posts"}],"about":[{"href":"https:\/\/agora.xtec.cat\/cfacanovelles\/wp-json\/wp\/v2\/types\/post"}],"author":[{"embeddable":true,"href":"https:\/\/agora.xtec.cat\/cfacanovelles\/wp-json\/wp\/v2\/users\/25"}],"replies":[{"embeddable":true,"href":"https:\/\/agora.xtec.cat\/cfacanovelles\/wp-json\/wp\/v2\/comments?post=5894"}],"version-history":[{"count":1,"href":"https:\/\/agora.xtec.cat\/cfacanovelles\/wp-json\/wp\/v2\/posts\/5894\/revisions"}],"predecessor-version":[{"id":5899,"href":"https:\/\/agora.xtec.cat\/cfacanovelles\/wp-json\/wp\/v2\/posts\/5894\/revisions\/5899"}],"wp:featuredmedia":[{"embeddable":true,"href":"https:\/\/agora.xtec.cat\/cfacanovelles\/wp-json\/wp\/v2\/media\/5898"}],"wp:attachment":[{"href":"https:\/\/agora.xtec.cat\/cfacanovelles\/wp-json\/wp\/v2\/media?parent=5894"}],"wp:term":[{"taxonomy":"category","embeddable":true,"href":"https:\/\/agora.xtec.cat\/cfacanovelles\/wp-json\/wp\/v2\/categories?post=5894"},{"taxonomy":"post_tag","embeddable":true,"href":"https:\/\/agora.xtec.cat\/cfacanovelles\/wp-json\/wp\/v2\/tags?post=5894"}],"curies":[{"name":"wp","href":"https:\/\/api.w.org\/{rel}","templated":true}]}}