{"id":5879,"date":"2025-02-17T12:30:39","date_gmt":"2025-02-17T11:30:39","guid":{"rendered":"https:\/\/agora.xtec.cat\/cfacanovelles\/?p=5879"},"modified":"2025-02-17T13:24:25","modified_gmt":"2025-02-17T12:24:25","slug":"tema-3b-la-lidia-ha-tingut-un-mal-dia","status":"publish","type":"post","link":"https:\/\/agora.xtec.cat\/cfacanovelles\/catala-2-mati\/tema-3b-la-lidia-ha-tingut-un-mal-dia\/","title":{"rendered":"TEMA 3B: LA L\u00cdDIA HA TINGUT UN MAL DIA"},"content":{"rendered":"<p><span style=\"font-weight: 400;\"><a href=\"https:\/\/agora.xtec.cat\/cfacanovelles\/wp-content\/uploads\/usu1982\/2025\/02\/T3B-Verbs-infinitiu-i-participi.png\"><img loading=\"lazy\" decoding=\"async\" class=\"alignnone size-large wp-image-5891\" src=\"https:\/\/agora.xtec.cat\/cfacanovelles\/wp-content\/uploads\/usu1982\/2025\/02\/T3B-Verbs-infinitiu-i-participi-1024x303.png\" alt=\"\" width=\"1024\" height=\"303\" srcset=\"https:\/\/agora.xtec.cat\/cfacanovelles\/wp-content\/uploads\/usu1982\/2025\/02\/T3B-Verbs-infinitiu-i-participi-1024x303.png 1024w, https:\/\/agora.xtec.cat\/cfacanovelles\/wp-content\/uploads\/usu1982\/2025\/02\/T3B-Verbs-infinitiu-i-participi-300x89.png 300w, https:\/\/agora.xtec.cat\/cfacanovelles\/wp-content\/uploads\/usu1982\/2025\/02\/T3B-Verbs-infinitiu-i-participi-768x227.png 768w, https:\/\/agora.xtec.cat\/cfacanovelles\/wp-content\/uploads\/usu1982\/2025\/02\/T3B-Verbs-infinitiu-i-participi-1536x455.png 1536w, https:\/\/agora.xtec.cat\/cfacanovelles\/wp-content\/uploads\/usu1982\/2025\/02\/T3B-Verbs-infinitiu-i-participi-2048x607.png 2048w\" sizes=\"auto, (max-width: 1024px) 100vw, 1024px\" \/><\/a>En aquesta unitat parlarem d\u2019incidents dom\u00e8stics que ens poden passar: caure i trencar-nos quelcom, anar de col\u00f2nies i tornar amb un esquin\u00e7, les desgr\u00e0cies que passen al m\u00f3n, a casa hem tingut una fuita d\u2019aigua,&#8230;<\/span><\/p>\n<p><span style=\"font-weight: 400;\">Tamb\u00e9 per\u00f2, parlarem de les coses bones que ens poden passar, entre elles aprendre molt b\u00e9 catal\u00e0 i parlar-lo cada dia millor!<\/span><\/p>\n<p><span style=\"font-weight: 400;\">En aquest tema parlarem de la difer\u00e8ncia i \u00fas del verb en infinitiu i\/o la seva conjugaci\u00f3 verbal en participi.<\/span><\/p>\n<p><a href=\"https:\/\/agora.xtec.cat\/cfacanovelles\/wp-content\/uploads\/usu1982\/2025\/02\/Accidents-domestics.png\"><img loading=\"lazy\" decoding=\"async\" class=\"alignnone size-full wp-image-5887\" src=\"https:\/\/agora.xtec.cat\/cfacanovelles\/wp-content\/uploads\/usu1982\/2025\/02\/Accidents-domestics.png\" alt=\"\" width=\"659\" height=\"653\" srcset=\"https:\/\/agora.xtec.cat\/cfacanovelles\/wp-content\/uploads\/usu1982\/2025\/02\/Accidents-domestics.png 659w, https:\/\/agora.xtec.cat\/cfacanovelles\/wp-content\/uploads\/usu1982\/2025\/02\/Accidents-domestics-300x297.png 300w, https:\/\/agora.xtec.cat\/cfacanovelles\/wp-content\/uploads\/usu1982\/2025\/02\/Accidents-domestics-150x150.png 150w\" sizes=\"auto, (max-width: 659px) 100vw, 659px\" \/><\/a><\/p>\n","protected":false},"excerpt":{"rendered":"<p><a href=\"https:\/\/agora.xtec.cat\/cfacanovelles\/wp-content\/uploads\/usu1982\/2025\/02\/T3B-Verbs-infinitiu-i-participi.png\"><\/a>En aquesta unitat parlarem d\u2019incidents dom\u00e8stics que ens poden passar: caure i trencar-nos quelcom, anar de col\u00f2nies i tornar amb un esquin\u00e7, les desgr\u00e0cies que passen al m\u00f3n, a casa hem tingut una fuita d\u2019aigua,&#8230;<br \/>\nTamb\u00e9 per\u00f2, parlarem de les coses bones que ens poden&hellip;  <a href=\"https:\/\/agora.xtec.cat\/cfacanovelles\/catala-2-mati\/tema-3b-la-lidia-ha-tingut-un-mal-dia\/\" title=\"Read TEMA 3B: LA L\u00cdDIA HA TINGUT UN MAL DIA\">Llegeix m\u00e9s\u00bb<\/a><\/p>\n","protected":false},"author":25,"featured_media":5891,"comment_status":"closed","ping_status":"closed","sticky":false,"template":"","format":"standard","meta":{"_bbp_topic_count":0,"_bbp_reply_count":0,"_bbp_total_topic_count":0,"_bbp_total_reply_count":0,"_bbp_voice_count":0,"_bbp_anonymous_reply_count":0,"_bbp_topic_count_hidden":0,"_bbp_reply_count_hidden":0,"_bbp_forum_subforum_count":0,"footnotes":""},"categories":[142],"tags":[],"class_list":["post-5879","post","type-post","status-publish","format-standard","has-post-thumbnail","hentry","category-catala-2-mati"],"post_mailing_queue_ids":[],"_links":{"self":[{"href":"https:\/\/agora.xtec.cat\/cfacanovelles\/wp-json\/wp\/v2\/posts\/5879","targetHints":{"allow":["GET"]}}],"collection":[{"href":"https:\/\/agora.xtec.cat\/cfacanovelles\/wp-json\/wp\/v2\/posts"}],"about":[{"href":"https:\/\/agora.xtec.cat\/cfacanovelles\/wp-json\/wp\/v2\/types\/post"}],"author":[{"embeddable":true,"href":"https:\/\/agora.xtec.cat\/cfacanovelles\/wp-json\/wp\/v2\/users\/25"}],"replies":[{"embeddable":true,"href":"https:\/\/agora.xtec.cat\/cfacanovelles\/wp-json\/wp\/v2\/comments?post=5879"}],"version-history":[{"count":4,"href":"https:\/\/agora.xtec.cat\/cfacanovelles\/wp-json\/wp\/v2\/posts\/5879\/revisions"}],"predecessor-version":[{"id":5892,"href":"https:\/\/agora.xtec.cat\/cfacanovelles\/wp-json\/wp\/v2\/posts\/5879\/revisions\/5892"}],"wp:featuredmedia":[{"embeddable":true,"href":"https:\/\/agora.xtec.cat\/cfacanovelles\/wp-json\/wp\/v2\/media\/5891"}],"wp:attachment":[{"href":"https:\/\/agora.xtec.cat\/cfacanovelles\/wp-json\/wp\/v2\/media?parent=5879"}],"wp:term":[{"taxonomy":"category","embeddable":true,"href":"https:\/\/agora.xtec.cat\/cfacanovelles\/wp-json\/wp\/v2\/categories?post=5879"},{"taxonomy":"post_tag","embeddable":true,"href":"https:\/\/agora.xtec.cat\/cfacanovelles\/wp-json\/wp\/v2\/tags?post=5879"}],"curies":[{"name":"wp","href":"https:\/\/api.w.org\/{rel}","templated":true}]}}