{"id":5877,"date":"2025-02-17T12:29:32","date_gmt":"2025-02-17T11:29:32","guid":{"rendered":"https:\/\/agora.xtec.cat\/cfacanovelles\/?p=5877"},"modified":"2025-02-17T13:23:38","modified_gmt":"2025-02-17T12:23:38","slug":"tema-2b-tema-2b-el-jesus-es-mant-de-la-bona-cuina","status":"publish","type":"post","link":"https:\/\/agora.xtec.cat\/cfacanovelles\/catala-2-mati\/tema-2b-tema-2b-el-jesus-es-mant-de-la-bona-cuina\/","title":{"rendered":"Tema 2B: TEMA 2B: EL JES\u00daS \u00c9S MANT DE LA BONA CUINA"},"content":{"rendered":"<p><span style=\"font-weight: 400;\"><a href=\"https:\/\/agora.xtec.cat\/cfacanovelles\/wp-content\/uploads\/usu1982\/2025\/02\/T2B-que-mengem.png\"><img loading=\"lazy\" decoding=\"async\" class=\"alignnone size-large wp-image-5885\" src=\"https:\/\/agora.xtec.cat\/cfacanovelles\/wp-content\/uploads\/usu1982\/2025\/02\/T2B-que-mengem-1024x456.png\" alt=\"\" width=\"1024\" height=\"456\" srcset=\"https:\/\/agora.xtec.cat\/cfacanovelles\/wp-content\/uploads\/usu1982\/2025\/02\/T2B-que-mengem-1024x456.png 1024w, https:\/\/agora.xtec.cat\/cfacanovelles\/wp-content\/uploads\/usu1982\/2025\/02\/T2B-que-mengem-300x133.png 300w, https:\/\/agora.xtec.cat\/cfacanovelles\/wp-content\/uploads\/usu1982\/2025\/02\/T2B-que-mengem-768x342.png 768w, https:\/\/agora.xtec.cat\/cfacanovelles\/wp-content\/uploads\/usu1982\/2025\/02\/T2B-que-mengem-1536x683.png 1536w, https:\/\/agora.xtec.cat\/cfacanovelles\/wp-content\/uploads\/usu1982\/2025\/02\/T2B-que-mengem-2048x911.png 2048w\" sizes=\"auto, (max-width: 1024px) 100vw, 1024px\" \/><\/a>En aquesta unitat tractarem els diferents punts de vista de la gastronomia. Parlarem de qu\u00e8 mengem i de quines son les receptes tradicionals catalanes. Tamb\u00e9 anirem a fer un men\u00fa i triarem el que m\u00e9s s\u2019ajusti als nostres interessos. Per acabar, tamb\u00e9 ens endinsarem la fabricaci\u00f3 de les conserves aliment\u00e0ries que es fan arreu del m\u00f3n: com es fan i de qu\u00e8 se\u2019n fan. <\/span><\/p>\n","protected":false},"excerpt":{"rendered":"<p><a href=\"https:\/\/agora.xtec.cat\/cfacanovelles\/wp-content\/uploads\/usu1982\/2025\/02\/T2B-que-mengem.png\"><\/a>En aquesta unitat tractarem els diferents punts de vista de la gastronomia. Parlarem de qu\u00e8 mengem i de quines son les receptes tradicionals catalanes. Tamb\u00e9 anirem a fer un men\u00fa i triarem el que m\u00e9s s\u2019ajusti als nostres interessos. Per acabar, tamb\u00e9 ens endinsarem&hellip;  <a href=\"https:\/\/agora.xtec.cat\/cfacanovelles\/catala-2-mati\/tema-2b-tema-2b-el-jesus-es-mant-de-la-bona-cuina\/\" title=\"Read Tema 2B: TEMA 2B: EL JES\u00daS \u00c9S MANT DE LA BONA CUINA\">Llegeix m\u00e9s\u00bb<\/a><\/p>\n","protected":false},"author":25,"featured_media":5885,"comment_status":"closed","ping_status":"closed","sticky":false,"template":"","format":"standard","meta":{"_bbp_topic_count":0,"_bbp_reply_count":0,"_bbp_total_topic_count":0,"_bbp_total_reply_count":0,"_bbp_voice_count":0,"_bbp_anonymous_reply_count":0,"_bbp_topic_count_hidden":0,"_bbp_reply_count_hidden":0,"_bbp_forum_subforum_count":0,"footnotes":""},"categories":[142],"tags":[],"class_list":["post-5877","post","type-post","status-publish","format-standard","has-post-thumbnail","hentry","category-catala-2-mati"],"post_mailing_queue_ids":[],"_links":{"self":[{"href":"https:\/\/agora.xtec.cat\/cfacanovelles\/wp-json\/wp\/v2\/posts\/5877","targetHints":{"allow":["GET"]}}],"collection":[{"href":"https:\/\/agora.xtec.cat\/cfacanovelles\/wp-json\/wp\/v2\/posts"}],"about":[{"href":"https:\/\/agora.xtec.cat\/cfacanovelles\/wp-json\/wp\/v2\/types\/post"}],"author":[{"embeddable":true,"href":"https:\/\/agora.xtec.cat\/cfacanovelles\/wp-json\/wp\/v2\/users\/25"}],"replies":[{"embeddable":true,"href":"https:\/\/agora.xtec.cat\/cfacanovelles\/wp-json\/wp\/v2\/comments?post=5877"}],"version-history":[{"count":2,"href":"https:\/\/agora.xtec.cat\/cfacanovelles\/wp-json\/wp\/v2\/posts\/5877\/revisions"}],"predecessor-version":[{"id":5889,"href":"https:\/\/agora.xtec.cat\/cfacanovelles\/wp-json\/wp\/v2\/posts\/5877\/revisions\/5889"}],"wp:featuredmedia":[{"embeddable":true,"href":"https:\/\/agora.xtec.cat\/cfacanovelles\/wp-json\/wp\/v2\/media\/5885"}],"wp:attachment":[{"href":"https:\/\/agora.xtec.cat\/cfacanovelles\/wp-json\/wp\/v2\/media?parent=5877"}],"wp:term":[{"taxonomy":"category","embeddable":true,"href":"https:\/\/agora.xtec.cat\/cfacanovelles\/wp-json\/wp\/v2\/categories?post=5877"},{"taxonomy":"post_tag","embeddable":true,"href":"https:\/\/agora.xtec.cat\/cfacanovelles\/wp-json\/wp\/v2\/tags?post=5877"}],"curies":[{"name":"wp","href":"https:\/\/api.w.org\/{rel}","templated":true}]}}