{"id":5862,"date":"2025-02-11T17:46:39","date_gmt":"2025-02-11T16:46:39","guid":{"rendered":"https:\/\/agora.xtec.cat\/cfacanovelles\/?p=5862"},"modified":"2025-02-11T17:46:39","modified_gmt":"2025-02-11T16:46:39","slug":"xerrada-sobre-la-unio-europea","status":"publish","type":"post","link":"https:\/\/agora.xtec.cat\/cfacanovelles\/portada\/xerrada-sobre-la-unio-europea\/","title":{"rendered":"Xerrada sobre la Uni\u00f3 Europea"},"content":{"rendered":"<p>Els i les alumnes del GES he tingut el plaer d&#8217;escoltar la xerrada informativa sobre el funcionament i l&#8217;organitzaci\u00f3 de la Uni\u00f3 Europea. Aquesta ha estat a c\u00e0rrec del catedr\u00e0tic en Dret Constitucional <strong>Joan Llu\u00eds Perez Francesch.<\/strong> L&#8217;alumnat ha pogut fer preguntes sobre aquesta organitzaci\u00f3 paneuropea i s&#8217;han assabentat que molts aspectes quotidians depenen de la legislaci\u00f3 comunit\u00e0ria com ara els taps lligats a les ampolles de pl\u00e0stic.<img loading=\"lazy\" decoding=\"async\" class=\"wp-image-5863  aligncenter\" src=\"https:\/\/agora.xtec.cat\/cfacanovelles\/wp-content\/uploads\/usu1982\/2025\/02\/Xerrada-UE-1024x768.jpeg\" alt=\"\" width=\"475\" height=\"356\" srcset=\"https:\/\/agora.xtec.cat\/cfacanovelles\/wp-content\/uploads\/usu1982\/2025\/02\/Xerrada-UE-1024x768.jpeg 1024w, https:\/\/agora.xtec.cat\/cfacanovelles\/wp-content\/uploads\/usu1982\/2025\/02\/Xerrada-UE-300x225.jpeg 300w, https:\/\/agora.xtec.cat\/cfacanovelles\/wp-content\/uploads\/usu1982\/2025\/02\/Xerrada-UE-768x576.jpeg 768w, https:\/\/agora.xtec.cat\/cfacanovelles\/wp-content\/uploads\/usu1982\/2025\/02\/Xerrada-UE-1536x1152.jpeg 1536w, https:\/\/agora.xtec.cat\/cfacanovelles\/wp-content\/uploads\/usu1982\/2025\/02\/Xerrada-UE-200x150.jpeg 200w, https:\/\/agora.xtec.cat\/cfacanovelles\/wp-content\/uploads\/usu1982\/2025\/02\/Xerrada-UE.jpeg 1600w\" sizes=\"auto, (max-width: 475px) 100vw, 475px\" \/><\/p>\n","protected":false},"excerpt":{"rendered":"<p>Els i les alumnes del GES he tingut el plaer d&#8217;escoltar la xerrada informativa sobre el funcionament i l&#8217;organitzaci\u00f3 de la Uni\u00f3 Europea. Aquesta ha estat a c\u00e0rrec del catedr\u00e0tic en Dret Constitucional Joan Llu\u00eds Perez Francesch. L&#8217;alumnat ha pogut fer preguntes sobre aquesta organitzaci\u00f3&hellip;  <a href=\"https:\/\/agora.xtec.cat\/cfacanovelles\/portada\/xerrada-sobre-la-unio-europea\/\" title=\"Read Xerrada sobre la Uni\u00f3 Europea\">Llegeix m\u00e9s\u00bb<\/a><\/p>\n","protected":false},"author":4,"featured_media":5864,"comment_status":"open","ping_status":"closed","sticky":false,"template":"","format":"standard","meta":{"_bbp_topic_count":0,"_bbp_reply_count":0,"_bbp_total_topic_count":0,"_bbp_total_reply_count":0,"_bbp_voice_count":0,"_bbp_anonymous_reply_count":0,"_bbp_topic_count_hidden":0,"_bbp_reply_count_hidden":0,"_bbp_forum_subforum_count":0,"footnotes":""},"categories":[29],"tags":[],"class_list":["post-5862","post","type-post","status-publish","format-standard","has-post-thumbnail","hentry","category-portada"],"post_mailing_queue_ids":[],"_links":{"self":[{"href":"https:\/\/agora.xtec.cat\/cfacanovelles\/wp-json\/wp\/v2\/posts\/5862","targetHints":{"allow":["GET"]}}],"collection":[{"href":"https:\/\/agora.xtec.cat\/cfacanovelles\/wp-json\/wp\/v2\/posts"}],"about":[{"href":"https:\/\/agora.xtec.cat\/cfacanovelles\/wp-json\/wp\/v2\/types\/post"}],"author":[{"embeddable":true,"href":"https:\/\/agora.xtec.cat\/cfacanovelles\/wp-json\/wp\/v2\/users\/4"}],"replies":[{"embeddable":true,"href":"https:\/\/agora.xtec.cat\/cfacanovelles\/wp-json\/wp\/v2\/comments?post=5862"}],"version-history":[{"count":1,"href":"https:\/\/agora.xtec.cat\/cfacanovelles\/wp-json\/wp\/v2\/posts\/5862\/revisions"}],"predecessor-version":[{"id":5865,"href":"https:\/\/agora.xtec.cat\/cfacanovelles\/wp-json\/wp\/v2\/posts\/5862\/revisions\/5865"}],"wp:featuredmedia":[{"embeddable":true,"href":"https:\/\/agora.xtec.cat\/cfacanovelles\/wp-json\/wp\/v2\/media\/5864"}],"wp:attachment":[{"href":"https:\/\/agora.xtec.cat\/cfacanovelles\/wp-json\/wp\/v2\/media?parent=5862"}],"wp:term":[{"taxonomy":"category","embeddable":true,"href":"https:\/\/agora.xtec.cat\/cfacanovelles\/wp-json\/wp\/v2\/categories?post=5862"},{"taxonomy":"post_tag","embeddable":true,"href":"https:\/\/agora.xtec.cat\/cfacanovelles\/wp-json\/wp\/v2\/tags?post=5862"}],"curies":[{"name":"wp","href":"https:\/\/api.w.org\/{rel}","templated":true}]}}