{"id":5794,"date":"2025-01-11T17:51:24","date_gmt":"2025-01-11T16:51:24","guid":{"rendered":"https:\/\/agora.xtec.cat\/cfacanovelles\/?p=5794"},"modified":"2025-01-11T18:16:12","modified_gmt":"2025-01-11T17:16:12","slug":"tema-7-recorden-quan-vas-arribar-a-catalunya","status":"publish","type":"post","link":"https:\/\/agora.xtec.cat\/cfacanovelles\/catala-2-mati\/tema-7-recorden-quan-vas-arribar-a-catalunya\/","title":{"rendered":"TEMA 7: RECORDES QUAN VAS ARRIBAR A CATALUNYA?"},"content":{"rendered":"<p><span style=\"font-weight: 400;\">Aquesta unitat tracta del passat: d\u2019on vau n\u00e9ixer, d\u2019on vau estudiar i d\u2019on vau treballar. Parla d\u2019un passat lluny\u00e0. Tamb\u00e9 parlem del passat recent tot explicant qu\u00e8 v\u00e0rem fer ahir.\u00a0<\/span><\/p>\n<p>&nbsp;<\/p>\n<p><span style=\"font-weight: 400;\">Parlarem del passat dels nostres companys i companyes de classe.<\/span><\/p>\n<p>&nbsp;<\/p>\n<p><span style=\"font-weight: 400;\">Tamb\u00e9 comentarem els encontres i desencontres que hem tingut recentment.<\/span><\/p>\n<p>&nbsp;<\/p>\n<p><a href=\"https:\/\/agora.xtec.cat\/cfacanovelles\/wp-content\/uploads\/usu1982\/2025\/01\/maleta-de-viatge.png\"><img loading=\"lazy\" decoding=\"async\" class=\"alignnone size-full wp-image-5795\" src=\"https:\/\/agora.xtec.cat\/cfacanovelles\/wp-content\/uploads\/usu1982\/2025\/01\/maleta-de-viatge.png\" alt=\"\" width=\"769\" height=\"507\" srcset=\"https:\/\/agora.xtec.cat\/cfacanovelles\/wp-content\/uploads\/usu1982\/2025\/01\/maleta-de-viatge.png 769w, https:\/\/agora.xtec.cat\/cfacanovelles\/wp-content\/uploads\/usu1982\/2025\/01\/maleta-de-viatge-300x198.png 300w\" sizes=\"auto, (max-width: 769px) 100vw, 769px\" \/><\/a><\/p>\n","protected":false},"excerpt":{"rendered":"<p>Aquesta unitat tracta del passat: d\u2019on vau n\u00e9ixer, d\u2019on vau estudiar i d\u2019on vau treballar. Parla d\u2019un passat lluny\u00e0. Tamb\u00e9 parlem del passat recent tot explicant qu\u00e8 v\u00e0rem fer ahir.\u00a0<br \/>\n&nbsp;<br \/>\nParlarem del passat dels nostres companys i companyes de classe.<br \/>\n&nbsp;<br \/>\nTamb\u00e9 comentarem els encontres i desencontres que&hellip;  <a href=\"https:\/\/agora.xtec.cat\/cfacanovelles\/catala-2-mati\/tema-7-recorden-quan-vas-arribar-a-catalunya\/\" title=\"Read TEMA 7: RECORDES QUAN VAS ARRIBAR A CATALUNYA?\">Llegeix m\u00e9s\u00bb<\/a><\/p>\n","protected":false},"author":25,"featured_media":5795,"comment_status":"closed","ping_status":"closed","sticky":false,"template":"","format":"standard","meta":{"_bbp_topic_count":0,"_bbp_reply_count":0,"_bbp_total_topic_count":0,"_bbp_total_reply_count":0,"_bbp_voice_count":0,"_bbp_anonymous_reply_count":0,"_bbp_topic_count_hidden":0,"_bbp_reply_count_hidden":0,"_bbp_forum_subforum_count":0,"footnotes":""},"categories":[142],"tags":[],"class_list":["post-5794","post","type-post","status-publish","format-standard","has-post-thumbnail","hentry","category-catala-2-mati"],"post_mailing_queue_ids":[],"_links":{"self":[{"href":"https:\/\/agora.xtec.cat\/cfacanovelles\/wp-json\/wp\/v2\/posts\/5794","targetHints":{"allow":["GET"]}}],"collection":[{"href":"https:\/\/agora.xtec.cat\/cfacanovelles\/wp-json\/wp\/v2\/posts"}],"about":[{"href":"https:\/\/agora.xtec.cat\/cfacanovelles\/wp-json\/wp\/v2\/types\/post"}],"author":[{"embeddable":true,"href":"https:\/\/agora.xtec.cat\/cfacanovelles\/wp-json\/wp\/v2\/users\/25"}],"replies":[{"embeddable":true,"href":"https:\/\/agora.xtec.cat\/cfacanovelles\/wp-json\/wp\/v2\/comments?post=5794"}],"version-history":[{"count":2,"href":"https:\/\/agora.xtec.cat\/cfacanovelles\/wp-json\/wp\/v2\/posts\/5794\/revisions"}],"predecessor-version":[{"id":5806,"href":"https:\/\/agora.xtec.cat\/cfacanovelles\/wp-json\/wp\/v2\/posts\/5794\/revisions\/5806"}],"wp:featuredmedia":[{"embeddable":true,"href":"https:\/\/agora.xtec.cat\/cfacanovelles\/wp-json\/wp\/v2\/media\/5795"}],"wp:attachment":[{"href":"https:\/\/agora.xtec.cat\/cfacanovelles\/wp-json\/wp\/v2\/media?parent=5794"}],"wp:term":[{"taxonomy":"category","embeddable":true,"href":"https:\/\/agora.xtec.cat\/cfacanovelles\/wp-json\/wp\/v2\/categories?post=5794"},{"taxonomy":"post_tag","embeddable":true,"href":"https:\/\/agora.xtec.cat\/cfacanovelles\/wp-json\/wp\/v2\/tags?post=5794"}],"curies":[{"name":"wp","href":"https:\/\/api.w.org\/{rel}","templated":true}]}}