{"id":5741,"date":"2025-01-07T18:06:21","date_gmt":"2025-01-07T17:06:21","guid":{"rendered":"https:\/\/agora.xtec.cat\/cfacanovelles\/?p=5741"},"modified":"2025-01-07T18:18:05","modified_gmt":"2025-01-07T17:18:05","slug":"concert-de-nadal-tarda","status":"publish","type":"post","link":"https:\/\/agora.xtec.cat\/cfacanovelles\/general\/concert-de-nadal-tarda\/","title":{"rendered":"Concert de Nadal tarda"},"content":{"rendered":"<p>Divendres, 20 a la tarda, el darrer dia del primer trimestre, hem fet un concert per a celebrar el final del primer trimestre. Tots els grups han preparat una petita actuaci\u00f3. Despr\u00e9s de l&#8217;actuaci\u00f3 esmentada, tots els assistents hem fet cagar el ti\u00f3. Per acabar, hem compartit menjars t\u00edpics dels nostres pa\u00efsos d&#8217;origen. Ha estat una festa molt bonica i emotiva.<\/p>\n<p>Moltes gr\u00e0cies a tots els participants. Sense vosaltres no hauria estat possible!<\/p>\n<p>Aqu\u00ed teniu algunes de les imatges del concert de la tarda. Esperem que us agradin!<\/p>\n<p>&nbsp;<\/p>\n<p>Felicitaci\u00f3 de festes del Director del CFA<\/p>\n<p><a href=\"https:\/\/agora.xtec.cat\/cfacanovelles\/wp-content\/uploads\/usu1982\/2025\/01\/PHOTO-2025-01-03-08-29-37.jpg\"><img loading=\"lazy\" decoding=\"async\" class=\"alignnone wp-image-5747\" src=\"https:\/\/agora.xtec.cat\/cfacanovelles\/wp-content\/uploads\/usu1982\/2025\/01\/PHOTO-2025-01-03-08-29-37-768x1024.jpg\" alt=\"\" width=\"347\" height=\"463\" srcset=\"https:\/\/agora.xtec.cat\/cfacanovelles\/wp-content\/uploads\/usu1982\/2025\/01\/PHOTO-2025-01-03-08-29-37-768x1024.jpg 768w, https:\/\/agora.xtec.cat\/cfacanovelles\/wp-content\/uploads\/usu1982\/2025\/01\/PHOTO-2025-01-03-08-29-37-225x300.jpg 225w, https:\/\/agora.xtec.cat\/cfacanovelles\/wp-content\/uploads\/usu1982\/2025\/01\/PHOTO-2025-01-03-08-29-37-1152x1536.jpg 1152w, https:\/\/agora.xtec.cat\/cfacanovelles\/wp-content\/uploads\/usu1982\/2025\/01\/PHOTO-2025-01-03-08-29-37.jpg 1200w\" sizes=\"auto, (max-width: 347px) 100vw, 347px\" \/><\/a><\/p>\n<p>&nbsp;<\/p>\n<p>Angl\u00e8s 3: Can\u00e7\u00f3 WHITE CHRISTMAS<\/p>\n<p><a href=\"https:\/\/agora.xtec.cat\/cfacanovelles\/wp-content\/uploads\/usu1982\/2025\/01\/PHOTO-2025-01-03-08-29-37-1.jpg\"><img loading=\"lazy\" decoding=\"async\" class=\"alignnone wp-image-5751\" src=\"https:\/\/agora.xtec.cat\/cfacanovelles\/wp-content\/uploads\/usu1982\/2025\/01\/PHOTO-2025-01-03-08-29-37-1-1024x768.jpg\" alt=\"\" width=\"447\" height=\"335\" srcset=\"https:\/\/agora.xtec.cat\/cfacanovelles\/wp-content\/uploads\/usu1982\/2025\/01\/PHOTO-2025-01-03-08-29-37-1-1024x768.jpg 1024w, https:\/\/agora.xtec.cat\/cfacanovelles\/wp-content\/uploads\/usu1982\/2025\/01\/PHOTO-2025-01-03-08-29-37-1-300x225.jpg 300w, https:\/\/agora.xtec.cat\/cfacanovelles\/wp-content\/uploads\/usu1982\/2025\/01\/PHOTO-2025-01-03-08-29-37-1-768x576.jpg 768w, https:\/\/agora.xtec.cat\/cfacanovelles\/wp-content\/uploads\/usu1982\/2025\/01\/PHOTO-2025-01-03-08-29-37-1-1536x1152.jpg 1536w, https:\/\/agora.xtec.cat\/cfacanovelles\/wp-content\/uploads\/usu1982\/2025\/01\/PHOTO-2025-01-03-08-29-37-1-200x150.jpg 200w, https:\/\/agora.xtec.cat\/cfacanovelles\/wp-content\/uploads\/usu1982\/2025\/01\/PHOTO-2025-01-03-08-29-37-1.jpg 1600w\" sizes=\"auto, (max-width: 447px) 100vw, 447px\" \/><\/a><\/p>\n<div style=\"width: 848px;\" class=\"wp-video\"><!--[if lt IE 9]><script>document.createElement('video');<\/script><![endif]-->\n<video class=\"wp-video-shortcode\" id=\"video-5741-1\" width=\"848\" height=\"480\" preload=\"metadata\" controls=\"controls\"><source type=\"video\/mp4\" src=\"https:\/\/agora.xtec.cat\/cfacanovelles\/wp-content\/uploads\/usu1982\/2025\/01\/VIDEO-2025-01-03-08-29-37-1.mp4?_=1\" \/><a href=\"https:\/\/agora.xtec.cat\/cfacanovelles\/wp-content\/uploads\/usu1982\/2025\/01\/VIDEO-2025-01-03-08-29-37-1.mp4\">https:\/\/agora.xtec.cat\/cfacanovelles\/wp-content\/uploads\/usu1982\/2025\/01\/VIDEO-2025-01-03-08-29-37-1.mp4<\/a><\/video><\/div>\n<p>&nbsp;<\/p>\n<p><a href=\"https:\/\/agora.xtec.cat\/cfacanovelles\/wp-content\/uploads\/usu1982\/2025\/01\/PHOTO-2025-01-03-08-29-37-2.jpg\"><img loading=\"lazy\" decoding=\"async\" class=\"alignnone wp-image-5748\" src=\"https:\/\/agora.xtec.cat\/cfacanovelles\/wp-content\/uploads\/usu1982\/2025\/01\/PHOTO-2025-01-03-08-29-37-2-1024x768.jpg\" alt=\"\" width=\"433\" height=\"325\" srcset=\"https:\/\/agora.xtec.cat\/cfacanovelles\/wp-content\/uploads\/usu1982\/2025\/01\/PHOTO-2025-01-03-08-29-37-2-1024x768.jpg 1024w, https:\/\/agora.xtec.cat\/cfacanovelles\/wp-content\/uploads\/usu1982\/2025\/01\/PHOTO-2025-01-03-08-29-37-2-300x225.jpg 300w, https:\/\/agora.xtec.cat\/cfacanovelles\/wp-content\/uploads\/usu1982\/2025\/01\/PHOTO-2025-01-03-08-29-37-2-768x576.jpg 768w, https:\/\/agora.xtec.cat\/cfacanovelles\/wp-content\/uploads\/usu1982\/2025\/01\/PHOTO-2025-01-03-08-29-37-2-1536x1152.jpg 1536w, https:\/\/agora.xtec.cat\/cfacanovelles\/wp-content\/uploads\/usu1982\/2025\/01\/PHOTO-2025-01-03-08-29-37-2-200x150.jpg 200w, https:\/\/agora.xtec.cat\/cfacanovelles\/wp-content\/uploads\/usu1982\/2025\/01\/PHOTO-2025-01-03-08-29-37-2.jpg 1600w\" sizes=\"auto, (max-width: 433px) 100vw, 433px\" \/><\/a><\/p>\n<p>&nbsp;<\/p>\n<p>Angl\u00e8s 2: Can\u00e7\u00f3 JINGLE BELL ROCK<\/p>\n<p><a href=\"https:\/\/agora.xtec.cat\/cfacanovelles\/wp-content\/uploads\/usu1982\/2025\/01\/PHOTO-2025-01-03-08-29-37-3.jpg\"><img loading=\"lazy\" decoding=\"async\" class=\"alignnone wp-image-5752\" src=\"https:\/\/agora.xtec.cat\/cfacanovelles\/wp-content\/uploads\/usu1982\/2025\/01\/PHOTO-2025-01-03-08-29-37-3-1024x768.jpg\" alt=\"\" width=\"391\" height=\"293\" srcset=\"https:\/\/agora.xtec.cat\/cfacanovelles\/wp-content\/uploads\/usu1982\/2025\/01\/PHOTO-2025-01-03-08-29-37-3-1024x768.jpg 1024w, https:\/\/agora.xtec.cat\/cfacanovelles\/wp-content\/uploads\/usu1982\/2025\/01\/PHOTO-2025-01-03-08-29-37-3-300x225.jpg 300w, https:\/\/agora.xtec.cat\/cfacanovelles\/wp-content\/uploads\/usu1982\/2025\/01\/PHOTO-2025-01-03-08-29-37-3-768x576.jpg 768w, https:\/\/agora.xtec.cat\/cfacanovelles\/wp-content\/uploads\/usu1982\/2025\/01\/PHOTO-2025-01-03-08-29-37-3-1536x1152.jpg 1536w, https:\/\/agora.xtec.cat\/cfacanovelles\/wp-content\/uploads\/usu1982\/2025\/01\/PHOTO-2025-01-03-08-29-37-3-200x150.jpg 200w, https:\/\/agora.xtec.cat\/cfacanovelles\/wp-content\/uploads\/usu1982\/2025\/01\/PHOTO-2025-01-03-08-29-37-3.jpg 1600w\" sizes=\"auto, (max-width: 391px) 100vw, 391px\" \/><\/a><\/p>\n<div style=\"width: 848px;\" class=\"wp-video\"><video class=\"wp-video-shortcode\" id=\"video-5741-2\" width=\"848\" height=\"480\" preload=\"metadata\" controls=\"controls\"><source type=\"video\/mp4\" src=\"https:\/\/agora.xtec.cat\/cfacanovelles\/wp-content\/uploads\/usu1982\/2025\/01\/VIDEO-2025-01-03-08-29-37.mp4?_=2\" \/><a href=\"https:\/\/agora.xtec.cat\/cfacanovelles\/wp-content\/uploads\/usu1982\/2025\/01\/VIDEO-2025-01-03-08-29-37.mp4\">https:\/\/agora.xtec.cat\/cfacanovelles\/wp-content\/uploads\/usu1982\/2025\/01\/VIDEO-2025-01-03-08-29-37.mp4<\/a><\/video><\/div>\n<p>&nbsp;<\/p>\n<p><a href=\"https:\/\/agora.xtec.cat\/cfacanovelles\/wp-content\/uploads\/usu1982\/2025\/01\/PHOTO-2025-01-03-08-32-24.jpg\"><img loading=\"lazy\" decoding=\"async\" class=\"alignnone wp-image-5754\" src=\"https:\/\/agora.xtec.cat\/cfacanovelles\/wp-content\/uploads\/usu1982\/2025\/01\/PHOTO-2025-01-03-08-32-24-768x1024.jpg\" alt=\"\" width=\"398\" height=\"531\" srcset=\"https:\/\/agora.xtec.cat\/cfacanovelles\/wp-content\/uploads\/usu1982\/2025\/01\/PHOTO-2025-01-03-08-32-24-768x1024.jpg 768w, https:\/\/agora.xtec.cat\/cfacanovelles\/wp-content\/uploads\/usu1982\/2025\/01\/PHOTO-2025-01-03-08-32-24-225x300.jpg 225w, https:\/\/agora.xtec.cat\/cfacanovelles\/wp-content\/uploads\/usu1982\/2025\/01\/PHOTO-2025-01-03-08-32-24-1152x1536.jpg 1152w, https:\/\/agora.xtec.cat\/cfacanovelles\/wp-content\/uploads\/usu1982\/2025\/01\/PHOTO-2025-01-03-08-32-24.jpg 1200w\" sizes=\"auto, (max-width: 398px) 100vw, 398px\" \/><\/a><\/p>\n<p>Angl\u00e8s 1: Can\u00e7\u00f3 HELLO REINDER<\/p>\n<p><a href=\"https:\/\/agora.xtec.cat\/cfacanovelles\/wp-content\/uploads\/usu1982\/2025\/01\/PHOTO-2025-01-03-08-32-24-2.jpg\"><img loading=\"lazy\" decoding=\"async\" class=\"alignnone wp-image-5756\" src=\"https:\/\/agora.xtec.cat\/cfacanovelles\/wp-content\/uploads\/usu1982\/2025\/01\/PHOTO-2025-01-03-08-32-24-2-1024x768.jpg\" alt=\"\" width=\"449\" height=\"337\" srcset=\"https:\/\/agora.xtec.cat\/cfacanovelles\/wp-content\/uploads\/usu1982\/2025\/01\/PHOTO-2025-01-03-08-32-24-2-1024x768.jpg 1024w, https:\/\/agora.xtec.cat\/cfacanovelles\/wp-content\/uploads\/usu1982\/2025\/01\/PHOTO-2025-01-03-08-32-24-2-300x225.jpg 300w, https:\/\/agora.xtec.cat\/cfacanovelles\/wp-content\/uploads\/usu1982\/2025\/01\/PHOTO-2025-01-03-08-32-24-2-768x576.jpg 768w, https:\/\/agora.xtec.cat\/cfacanovelles\/wp-content\/uploads\/usu1982\/2025\/01\/PHOTO-2025-01-03-08-32-24-2-1536x1152.jpg 1536w, https:\/\/agora.xtec.cat\/cfacanovelles\/wp-content\/uploads\/usu1982\/2025\/01\/PHOTO-2025-01-03-08-32-24-2-200x150.jpg 200w, https:\/\/agora.xtec.cat\/cfacanovelles\/wp-content\/uploads\/usu1982\/2025\/01\/PHOTO-2025-01-03-08-32-24-2.jpg 1600w\" sizes=\"auto, (max-width: 449px) 100vw, 449px\" \/><\/a><\/p>\n<div style=\"width: 848px;\" class=\"wp-video\"><video class=\"wp-video-shortcode\" id=\"video-5741-3\" width=\"848\" height=\"480\" preload=\"metadata\" controls=\"controls\"><source type=\"video\/mp4\" src=\"https:\/\/agora.xtec.cat\/cfacanovelles\/wp-content\/uploads\/usu1982\/2025\/01\/VIDEO-2025-01-07-16-17-40.mp4?_=3\" \/><a href=\"https:\/\/agora.xtec.cat\/cfacanovelles\/wp-content\/uploads\/usu1982\/2025\/01\/VIDEO-2025-01-07-16-17-40.mp4\">https:\/\/agora.xtec.cat\/cfacanovelles\/wp-content\/uploads\/usu1982\/2025\/01\/VIDEO-2025-01-07-16-17-40.mp4<\/a><\/video><\/div>\n<p>&nbsp;<\/p>\n<p>GES 1 I 2: Reciten diversos poemes de Nadal<\/p>\n<p><a href=\"https:\/\/agora.xtec.cat\/cfacanovelles\/wp-content\/uploads\/usu1982\/2025\/01\/PHOTO-2025-01-03-08-32-24-1-1.jpg\"><img loading=\"lazy\" decoding=\"async\" class=\"alignnone wp-image-5758\" src=\"https:\/\/agora.xtec.cat\/cfacanovelles\/wp-content\/uploads\/usu1982\/2025\/01\/PHOTO-2025-01-03-08-32-24-1-1-1024x768.jpg\" alt=\"\" width=\"453\" height=\"340\" srcset=\"https:\/\/agora.xtec.cat\/cfacanovelles\/wp-content\/uploads\/usu1982\/2025\/01\/PHOTO-2025-01-03-08-32-24-1-1-1024x768.jpg 1024w, https:\/\/agora.xtec.cat\/cfacanovelles\/wp-content\/uploads\/usu1982\/2025\/01\/PHOTO-2025-01-03-08-32-24-1-1-300x225.jpg 300w, https:\/\/agora.xtec.cat\/cfacanovelles\/wp-content\/uploads\/usu1982\/2025\/01\/PHOTO-2025-01-03-08-32-24-1-1-768x576.jpg 768w, https:\/\/agora.xtec.cat\/cfacanovelles\/wp-content\/uploads\/usu1982\/2025\/01\/PHOTO-2025-01-03-08-32-24-1-1-1536x1152.jpg 1536w, https:\/\/agora.xtec.cat\/cfacanovelles\/wp-content\/uploads\/usu1982\/2025\/01\/PHOTO-2025-01-03-08-32-24-1-1-200x150.jpg 200w, https:\/\/agora.xtec.cat\/cfacanovelles\/wp-content\/uploads\/usu1982\/2025\/01\/PHOTO-2025-01-03-08-32-24-1-1.jpg 1600w\" sizes=\"auto, (max-width: 453px) 100vw, 453px\" \/>. \u00a0\u00a0<\/a><a href=\"https:\/\/agora.xtec.cat\/cfacanovelles\/wp-content\/uploads\/usu1982\/2025\/01\/PHOTO-2025-01-03-08-32-24-2-1.jpg\"><img loading=\"lazy\" decoding=\"async\" class=\"alignnone wp-image-5759\" src=\"https:\/\/agora.xtec.cat\/cfacanovelles\/wp-content\/uploads\/usu1982\/2025\/01\/PHOTO-2025-01-03-08-32-24-2-1-768x1024.jpg\" alt=\"\" width=\"245\" height=\"327\" srcset=\"https:\/\/agora.xtec.cat\/cfacanovelles\/wp-content\/uploads\/usu1982\/2025\/01\/PHOTO-2025-01-03-08-32-24-2-1-768x1024.jpg 768w, https:\/\/agora.xtec.cat\/cfacanovelles\/wp-content\/uploads\/usu1982\/2025\/01\/PHOTO-2025-01-03-08-32-24-2-1-225x300.jpg 225w, https:\/\/agora.xtec.cat\/cfacanovelles\/wp-content\/uploads\/usu1982\/2025\/01\/PHOTO-2025-01-03-08-32-24-2-1-1152x1536.jpg 1152w, https:\/\/agora.xtec.cat\/cfacanovelles\/wp-content\/uploads\/usu1982\/2025\/01\/PHOTO-2025-01-03-08-32-24-2-1.jpg 1200w\" sizes=\"auto, (max-width: 245px) 100vw, 245px\" \/><\/a><\/p>\n<p><a href=\"https:\/\/agora.xtec.cat\/cfacanovelles\/wp-content\/uploads\/usu1982\/2025\/01\/PHOTO-2025-01-03-08-33-21.jpg\"><img loading=\"lazy\" decoding=\"async\" class=\"alignnone wp-image-5760\" src=\"https:\/\/agora.xtec.cat\/cfacanovelles\/wp-content\/uploads\/usu1982\/2025\/01\/PHOTO-2025-01-03-08-33-21-768x1024.jpg\" alt=\"\" width=\"337\" height=\"450\" srcset=\"https:\/\/agora.xtec.cat\/cfacanovelles\/wp-content\/uploads\/usu1982\/2025\/01\/PHOTO-2025-01-03-08-33-21-768x1024.jpg 768w, https:\/\/agora.xtec.cat\/cfacanovelles\/wp-content\/uploads\/usu1982\/2025\/01\/PHOTO-2025-01-03-08-33-21-225x300.jpg 225w, https:\/\/agora.xtec.cat\/cfacanovelles\/wp-content\/uploads\/usu1982\/2025\/01\/PHOTO-2025-01-03-08-33-21-1152x1536.jpg 1152w, https:\/\/agora.xtec.cat\/cfacanovelles\/wp-content\/uploads\/usu1982\/2025\/01\/PHOTO-2025-01-03-08-33-21.jpg 1200w\" sizes=\"auto, (max-width: 337px) 100vw, 337px\" \/><\/a><\/p>\n<p>&nbsp;<\/p>\n<p>Instrumental 2 i 3: Poema EL CAGANER (de Francesca Aubanell)<\/p>\n<p><a href=\"https:\/\/agora.xtec.cat\/cfacanovelles\/wp-content\/uploads\/usu1982\/2025\/01\/PHOTO-2025-01-03-08-33-21-1.jpg\"><img loading=\"lazy\" decoding=\"async\" class=\"alignnone wp-image-5761\" src=\"https:\/\/agora.xtec.cat\/cfacanovelles\/wp-content\/uploads\/usu1982\/2025\/01\/PHOTO-2025-01-03-08-33-21-1-1024x768.jpg\" alt=\"\" width=\"393\" height=\"295\" srcset=\"https:\/\/agora.xtec.cat\/cfacanovelles\/wp-content\/uploads\/usu1982\/2025\/01\/PHOTO-2025-01-03-08-33-21-1-1024x768.jpg 1024w, https:\/\/agora.xtec.cat\/cfacanovelles\/wp-content\/uploads\/usu1982\/2025\/01\/PHOTO-2025-01-03-08-33-21-1-300x225.jpg 300w, https:\/\/agora.xtec.cat\/cfacanovelles\/wp-content\/uploads\/usu1982\/2025\/01\/PHOTO-2025-01-03-08-33-21-1-768x576.jpg 768w, https:\/\/agora.xtec.cat\/cfacanovelles\/wp-content\/uploads\/usu1982\/2025\/01\/PHOTO-2025-01-03-08-33-21-1-1536x1152.jpg 1536w, https:\/\/agora.xtec.cat\/cfacanovelles\/wp-content\/uploads\/usu1982\/2025\/01\/PHOTO-2025-01-03-08-33-21-1-200x150.jpg 200w, https:\/\/agora.xtec.cat\/cfacanovelles\/wp-content\/uploads\/usu1982\/2025\/01\/PHOTO-2025-01-03-08-33-21-1.jpg 1600w\" sizes=\"auto, (max-width: 393px) 100vw, 393px\" \/><\/a><\/p>\n<p><a href=\"https:\/\/agora.xtec.cat\/cfacanovelles\/wp-content\/uploads\/usu1982\/2025\/01\/PHOTO-2025-01-03-08-33-21-2.jpg\"><img loading=\"lazy\" decoding=\"async\" class=\"alignnone wp-image-5762\" src=\"https:\/\/agora.xtec.cat\/cfacanovelles\/wp-content\/uploads\/usu1982\/2025\/01\/PHOTO-2025-01-03-08-33-21-2-768x1024.jpg\" alt=\"\" width=\"393\" height=\"524\" srcset=\"https:\/\/agora.xtec.cat\/cfacanovelles\/wp-content\/uploads\/usu1982\/2025\/01\/PHOTO-2025-01-03-08-33-21-2-768x1024.jpg 768w, https:\/\/agora.xtec.cat\/cfacanovelles\/wp-content\/uploads\/usu1982\/2025\/01\/PHOTO-2025-01-03-08-33-21-2-225x300.jpg 225w, https:\/\/agora.xtec.cat\/cfacanovelles\/wp-content\/uploads\/usu1982\/2025\/01\/PHOTO-2025-01-03-08-33-21-2-1152x1536.jpg 1152w, https:\/\/agora.xtec.cat\/cfacanovelles\/wp-content\/uploads\/usu1982\/2025\/01\/PHOTO-2025-01-03-08-33-21-2.jpg 1200w\" sizes=\"auto, (max-width: 393px) 100vw, 393px\" \/><\/a><\/p>\n<p>&nbsp;<\/p>\n<p>Instrumental 1A i 1B: Adaptaci\u00f3 de la can\u00e7\u00f3 \u00c9S UN DESIG amb acompanyament de Guitarra en directe!<\/p>\n<p><a href=\"https:\/\/agora.xtec.cat\/cfacanovelles\/wp-content\/uploads\/usu1982\/2025\/01\/PHOTO-2025-01-03-08-33-21-4.jpg\"><img loading=\"lazy\" decoding=\"async\" class=\"alignnone wp-image-5764\" src=\"https:\/\/agora.xtec.cat\/cfacanovelles\/wp-content\/uploads\/usu1982\/2025\/01\/PHOTO-2025-01-03-08-33-21-4-1024x768.jpg\" alt=\"\" width=\"479\" height=\"359\" srcset=\"https:\/\/agora.xtec.cat\/cfacanovelles\/wp-content\/uploads\/usu1982\/2025\/01\/PHOTO-2025-01-03-08-33-21-4-1024x768.jpg 1024w, https:\/\/agora.xtec.cat\/cfacanovelles\/wp-content\/uploads\/usu1982\/2025\/01\/PHOTO-2025-01-03-08-33-21-4-300x225.jpg 300w, https:\/\/agora.xtec.cat\/cfacanovelles\/wp-content\/uploads\/usu1982\/2025\/01\/PHOTO-2025-01-03-08-33-21-4-768x576.jpg 768w, https:\/\/agora.xtec.cat\/cfacanovelles\/wp-content\/uploads\/usu1982\/2025\/01\/PHOTO-2025-01-03-08-33-21-4-1536x1152.jpg 1536w, https:\/\/agora.xtec.cat\/cfacanovelles\/wp-content\/uploads\/usu1982\/2025\/01\/PHOTO-2025-01-03-08-33-21-4-200x150.jpg 200w, https:\/\/agora.xtec.cat\/cfacanovelles\/wp-content\/uploads\/usu1982\/2025\/01\/PHOTO-2025-01-03-08-33-21-4.jpg 1600w\" sizes=\"auto, (max-width: 479px) 100vw, 479px\" \/><\/a><\/p>\n<div style=\"width: 848px;\" class=\"wp-video\"><video class=\"wp-video-shortcode\" id=\"video-5741-4\" width=\"848\" height=\"480\" preload=\"metadata\" controls=\"controls\"><source type=\"video\/mp4\" src=\"https:\/\/agora.xtec.cat\/cfacanovelles\/wp-content\/uploads\/usu1982\/2025\/01\/VIDEO-2025-01-03-08-32-24-1.mp4?_=4\" \/><a href=\"https:\/\/agora.xtec.cat\/cfacanovelles\/wp-content\/uploads\/usu1982\/2025\/01\/VIDEO-2025-01-03-08-32-24-1.mp4\">https:\/\/agora.xtec.cat\/cfacanovelles\/wp-content\/uploads\/usu1982\/2025\/01\/VIDEO-2025-01-03-08-32-24-1.mp4<\/a><\/video><\/div>\n<p>&nbsp;<\/p>\n<p>Castell\u00e0 1 i 2: Can\u00e7\u00f3 QUE BONITO ES QUERER (de Manuel Carrasco)<\/p>\n<p><a href=\"https:\/\/agora.xtec.cat\/cfacanovelles\/wp-content\/uploads\/usu1982\/2025\/01\/PHOTO-2025-01-03-08-33-56-3.jpg\"><img loading=\"lazy\" decoding=\"async\" class=\"alignnone wp-image-5768\" src=\"https:\/\/agora.xtec.cat\/cfacanovelles\/wp-content\/uploads\/usu1982\/2025\/01\/PHOTO-2025-01-03-08-33-56-3-1024x768.jpg\" alt=\"\" width=\"719\" height=\"539\" srcset=\"https:\/\/agora.xtec.cat\/cfacanovelles\/wp-content\/uploads\/usu1982\/2025\/01\/PHOTO-2025-01-03-08-33-56-3-1024x768.jpg 1024w, https:\/\/agora.xtec.cat\/cfacanovelles\/wp-content\/uploads\/usu1982\/2025\/01\/PHOTO-2025-01-03-08-33-56-3-300x225.jpg 300w, https:\/\/agora.xtec.cat\/cfacanovelles\/wp-content\/uploads\/usu1982\/2025\/01\/PHOTO-2025-01-03-08-33-56-3-768x576.jpg 768w, https:\/\/agora.xtec.cat\/cfacanovelles\/wp-content\/uploads\/usu1982\/2025\/01\/PHOTO-2025-01-03-08-33-56-3-1536x1152.jpg 1536w, https:\/\/agora.xtec.cat\/cfacanovelles\/wp-content\/uploads\/usu1982\/2025\/01\/PHOTO-2025-01-03-08-33-56-3-200x150.jpg 200w, https:\/\/agora.xtec.cat\/cfacanovelles\/wp-content\/uploads\/usu1982\/2025\/01\/PHOTO-2025-01-03-08-33-56-3.jpg 1600w\" sizes=\"auto, (max-width: 719px) 100vw, 719px\" \/><\/a><\/p>\n<div style=\"width: 848px;\" class=\"wp-video\"><video class=\"wp-video-shortcode\" id=\"video-5741-5\" width=\"848\" height=\"480\" preload=\"metadata\" controls=\"controls\"><source type=\"video\/mp4\" src=\"https:\/\/agora.xtec.cat\/cfacanovelles\/wp-content\/uploads\/usu1982\/2025\/01\/VIDEO-2025-01-03-08-33-56-1.mp4?_=5\" \/><a href=\"https:\/\/agora.xtec.cat\/cfacanovelles\/wp-content\/uploads\/usu1982\/2025\/01\/VIDEO-2025-01-03-08-33-56-1.mp4\">https:\/\/agora.xtec.cat\/cfacanovelles\/wp-content\/uploads\/usu1982\/2025\/01\/VIDEO-2025-01-03-08-33-56-1.mp4<\/a><\/video><\/div>\n<p>&nbsp;<\/p>\n<p>Castell\u00e0 3: Poemes Varis molt bonics recitats pels alumnes.<\/p>\n<p><a href=\"https:\/\/agora.xtec.cat\/cfacanovelles\/wp-content\/uploads\/usu1982\/2025\/01\/PHOTO-2025-01-03-08-33-56-1.jpg\"><img loading=\"lazy\" decoding=\"async\" class=\"alignnone wp-image-5766\" src=\"https:\/\/agora.xtec.cat\/cfacanovelles\/wp-content\/uploads\/usu1982\/2025\/01\/PHOTO-2025-01-03-08-33-56-1-1024x768.jpg\" alt=\"\" width=\"403\" height=\"302\" srcset=\"https:\/\/agora.xtec.cat\/cfacanovelles\/wp-content\/uploads\/usu1982\/2025\/01\/PHOTO-2025-01-03-08-33-56-1-1024x768.jpg 1024w, https:\/\/agora.xtec.cat\/cfacanovelles\/wp-content\/uploads\/usu1982\/2025\/01\/PHOTO-2025-01-03-08-33-56-1-300x225.jpg 300w, https:\/\/agora.xtec.cat\/cfacanovelles\/wp-content\/uploads\/usu1982\/2025\/01\/PHOTO-2025-01-03-08-33-56-1-768x576.jpg 768w, https:\/\/agora.xtec.cat\/cfacanovelles\/wp-content\/uploads\/usu1982\/2025\/01\/PHOTO-2025-01-03-08-33-56-1-1536x1152.jpg 1536w, https:\/\/agora.xtec.cat\/cfacanovelles\/wp-content\/uploads\/usu1982\/2025\/01\/PHOTO-2025-01-03-08-33-56-1-200x150.jpg 200w, https:\/\/agora.xtec.cat\/cfacanovelles\/wp-content\/uploads\/usu1982\/2025\/01\/PHOTO-2025-01-03-08-33-56-1.jpg 1600w\" sizes=\"auto, (max-width: 403px) 100vw, 403px\" \/>\u00a0<\/a><\/p>\n<p>&nbsp;<\/p>\n<div style=\"width: 848px;\" class=\"wp-video\"><video class=\"wp-video-shortcode\" id=\"video-5741-6\" width=\"848\" height=\"480\" preload=\"metadata\" controls=\"controls\"><source type=\"video\/mp4\" src=\"https:\/\/agora.xtec.cat\/cfacanovelles\/wp-content\/uploads\/usu1982\/2025\/01\/VIDEO-2025-01-03-08-33-56.mp4?_=6\" \/><a href=\"https:\/\/agora.xtec.cat\/cfacanovelles\/wp-content\/uploads\/usu1982\/2025\/01\/VIDEO-2025-01-03-08-33-56.mp4\">https:\/\/agora.xtec.cat\/cfacanovelles\/wp-content\/uploads\/usu1982\/2025\/01\/VIDEO-2025-01-03-08-33-56.mp4<\/a><\/video><\/div>\n<p><a href=\"https:\/\/agora.xtec.cat\/cfacanovelles\/wp-content\/uploads\/usu1982\/2025\/01\/PHOTO-2025-01-03-08-33-56-2.jpg\"><img loading=\"lazy\" decoding=\"async\" class=\"alignnone wp-image-5767\" src=\"https:\/\/agora.xtec.cat\/cfacanovelles\/wp-content\/uploads\/usu1982\/2025\/01\/PHOTO-2025-01-03-08-33-56-2-768x1024.jpg\" alt=\"\" width=\"359\" height=\"479\" srcset=\"https:\/\/agora.xtec.cat\/cfacanovelles\/wp-content\/uploads\/usu1982\/2025\/01\/PHOTO-2025-01-03-08-33-56-2-768x1024.jpg 768w, https:\/\/agora.xtec.cat\/cfacanovelles\/wp-content\/uploads\/usu1982\/2025\/01\/PHOTO-2025-01-03-08-33-56-2-225x300.jpg 225w, https:\/\/agora.xtec.cat\/cfacanovelles\/wp-content\/uploads\/usu1982\/2025\/01\/PHOTO-2025-01-03-08-33-56-2-1152x1536.jpg 1152w, https:\/\/agora.xtec.cat\/cfacanovelles\/wp-content\/uploads\/usu1982\/2025\/01\/PHOTO-2025-01-03-08-33-56-2.jpg 1200w\" sizes=\"auto, (max-width: 359px) 100vw, 359px\" \/><\/a><\/p>\n<p>&nbsp;<\/p>\n<p>Catal\u00e0 1: Can\u00e7\u00f3 EL VINT-I-CINC DE DESEMBRE<\/p>\n<p><a href=\"https:\/\/agora.xtec.cat\/cfacanovelles\/wp-content\/uploads\/usu1982\/2025\/01\/PHOTO-2025-01-03-08-33-56.jpg\"><img loading=\"lazy\" decoding=\"async\" class=\"alignnone wp-image-5765\" src=\"https:\/\/agora.xtec.cat\/cfacanovelles\/wp-content\/uploads\/usu1982\/2025\/01\/PHOTO-2025-01-03-08-33-56-1024x768.jpg\" alt=\"\" width=\"369\" height=\"277\" srcset=\"https:\/\/agora.xtec.cat\/cfacanovelles\/wp-content\/uploads\/usu1982\/2025\/01\/PHOTO-2025-01-03-08-33-56-1024x768.jpg 1024w, https:\/\/agora.xtec.cat\/cfacanovelles\/wp-content\/uploads\/usu1982\/2025\/01\/PHOTO-2025-01-03-08-33-56-300x225.jpg 300w, https:\/\/agora.xtec.cat\/cfacanovelles\/wp-content\/uploads\/usu1982\/2025\/01\/PHOTO-2025-01-03-08-33-56-768x576.jpg 768w, https:\/\/agora.xtec.cat\/cfacanovelles\/wp-content\/uploads\/usu1982\/2025\/01\/PHOTO-2025-01-03-08-33-56-1536x1152.jpg 1536w, https:\/\/agora.xtec.cat\/cfacanovelles\/wp-content\/uploads\/usu1982\/2025\/01\/PHOTO-2025-01-03-08-33-56-200x150.jpg 200w, https:\/\/agora.xtec.cat\/cfacanovelles\/wp-content\/uploads\/usu1982\/2025\/01\/PHOTO-2025-01-03-08-33-56.jpg 1600w\" sizes=\"auto, (max-width: 369px) 100vw, 369px\" \/>.\u00a0<\/a><\/p>\n<div style=\"width: 848px;\" class=\"wp-video\"><video class=\"wp-video-shortcode\" id=\"video-5741-7\" width=\"848\" height=\"480\" preload=\"metadata\" controls=\"controls\"><source type=\"video\/mp4\" src=\"https:\/\/agora.xtec.cat\/cfacanovelles\/wp-content\/uploads\/usu1982\/2025\/01\/VIDEO-2025-01-03-08-34-43.mp4?_=7\" \/><a href=\"https:\/\/agora.xtec.cat\/cfacanovelles\/wp-content\/uploads\/usu1982\/2025\/01\/VIDEO-2025-01-03-08-34-43.mp4\">https:\/\/agora.xtec.cat\/cfacanovelles\/wp-content\/uploads\/usu1982\/2025\/01\/VIDEO-2025-01-03-08-34-43.mp4<\/a><\/video><\/div>\n<p><a href=\"https:\/\/agora.xtec.cat\/cfacanovelles\/wp-content\/uploads\/usu1982\/2025\/01\/PHOTO-2025-01-03-08-33-56.jpg\">\u00a0 <\/a><a href=\"https:\/\/agora.xtec.cat\/cfacanovelles\/wp-content\/uploads\/usu1982\/2025\/01\/PHOTO-2025-01-03-08-34-43-5.jpg\"><img loading=\"lazy\" decoding=\"async\" class=\"alignnone wp-image-5774\" src=\"https:\/\/agora.xtec.cat\/cfacanovelles\/wp-content\/uploads\/usu1982\/2025\/01\/PHOTO-2025-01-03-08-34-43-5-768x1024.jpg\" alt=\"\" width=\"265\" height=\"353\" srcset=\"https:\/\/agora.xtec.cat\/cfacanovelles\/wp-content\/uploads\/usu1982\/2025\/01\/PHOTO-2025-01-03-08-34-43-5-768x1024.jpg 768w, https:\/\/agora.xtec.cat\/cfacanovelles\/wp-content\/uploads\/usu1982\/2025\/01\/PHOTO-2025-01-03-08-34-43-5-225x300.jpg 225w, https:\/\/agora.xtec.cat\/cfacanovelles\/wp-content\/uploads\/usu1982\/2025\/01\/PHOTO-2025-01-03-08-34-43-5-1152x1536.jpg 1152w, https:\/\/agora.xtec.cat\/cfacanovelles\/wp-content\/uploads\/usu1982\/2025\/01\/PHOTO-2025-01-03-08-34-43-5.jpg 1200w\" sizes=\"auto, (max-width: 265px) 100vw, 265px\" \/><\/a><\/p>\n<p>COMPETIC 2 I 3: Presentaci\u00f3 de desitjos Nadalencs i desig d&#8217;un feli\u00e7 2025.<\/p>\n<p><a href=\"https:\/\/agora.xtec.cat\/cfacanovelles\/wp-content\/uploads\/usu1982\/2025\/01\/PHOTO-2025-01-03-08-34-43-1.jpg\"><img loading=\"lazy\" decoding=\"async\" class=\"alignnone wp-image-5769\" src=\"https:\/\/agora.xtec.cat\/cfacanovelles\/wp-content\/uploads\/usu1982\/2025\/01\/PHOTO-2025-01-03-08-34-43-1-1024x768.jpg\" alt=\"\" width=\"385\" height=\"289\" srcset=\"https:\/\/agora.xtec.cat\/cfacanovelles\/wp-content\/uploads\/usu1982\/2025\/01\/PHOTO-2025-01-03-08-34-43-1-1024x768.jpg 1024w, https:\/\/agora.xtec.cat\/cfacanovelles\/wp-content\/uploads\/usu1982\/2025\/01\/PHOTO-2025-01-03-08-34-43-1-300x225.jpg 300w, https:\/\/agora.xtec.cat\/cfacanovelles\/wp-content\/uploads\/usu1982\/2025\/01\/PHOTO-2025-01-03-08-34-43-1-768x576.jpg 768w, https:\/\/agora.xtec.cat\/cfacanovelles\/wp-content\/uploads\/usu1982\/2025\/01\/PHOTO-2025-01-03-08-34-43-1-1536x1152.jpg 1536w, https:\/\/agora.xtec.cat\/cfacanovelles\/wp-content\/uploads\/usu1982\/2025\/01\/PHOTO-2025-01-03-08-34-43-1-200x150.jpg 200w, https:\/\/agora.xtec.cat\/cfacanovelles\/wp-content\/uploads\/usu1982\/2025\/01\/PHOTO-2025-01-03-08-34-43-1.jpg 1600w\" sizes=\"auto, (max-width: 385px) 100vw, 385px\" \/>.<\/a><\/p>\n<div style=\"width: 848px;\" class=\"wp-video\"><video class=\"wp-video-shortcode\" id=\"video-5741-8\" width=\"848\" height=\"480\" preload=\"metadata\" controls=\"controls\"><source type=\"video\/mp4\" src=\"https:\/\/agora.xtec.cat\/cfacanovelles\/wp-content\/uploads\/usu1982\/2025\/01\/VIDEO-2025-01-03-08-34-43-1.mp4?_=8\" \/><a href=\"https:\/\/agora.xtec.cat\/cfacanovelles\/wp-content\/uploads\/usu1982\/2025\/01\/VIDEO-2025-01-03-08-34-43-1.mp4\">https:\/\/agora.xtec.cat\/cfacanovelles\/wp-content\/uploads\/usu1982\/2025\/01\/VIDEO-2025-01-03-08-34-43-1.mp4<\/a><\/video><\/div>\n<p><a href=\"https:\/\/agora.xtec.cat\/cfacanovelles\/wp-content\/uploads\/usu1982\/2025\/01\/PHOTO-2025-01-03-08-34-43-2.jpg\"><img loading=\"lazy\" decoding=\"async\" class=\"wp-image-5771 aligncenter\" src=\"https:\/\/agora.xtec.cat\/cfacanovelles\/wp-content\/uploads\/usu1982\/2025\/01\/PHOTO-2025-01-03-08-34-43-2-1024x768.jpg\" alt=\"\" width=\"384\" height=\"288\" srcset=\"https:\/\/agora.xtec.cat\/cfacanovelles\/wp-content\/uploads\/usu1982\/2025\/01\/PHOTO-2025-01-03-08-34-43-2-1024x768.jpg 1024w, https:\/\/agora.xtec.cat\/cfacanovelles\/wp-content\/uploads\/usu1982\/2025\/01\/PHOTO-2025-01-03-08-34-43-2-300x225.jpg 300w, https:\/\/agora.xtec.cat\/cfacanovelles\/wp-content\/uploads\/usu1982\/2025\/01\/PHOTO-2025-01-03-08-34-43-2-768x576.jpg 768w, https:\/\/agora.xtec.cat\/cfacanovelles\/wp-content\/uploads\/usu1982\/2025\/01\/PHOTO-2025-01-03-08-34-43-2-1536x1152.jpg 1536w, https:\/\/agora.xtec.cat\/cfacanovelles\/wp-content\/uploads\/usu1982\/2025\/01\/PHOTO-2025-01-03-08-34-43-2-200x150.jpg 200w, https:\/\/agora.xtec.cat\/cfacanovelles\/wp-content\/uploads\/usu1982\/2025\/01\/PHOTO-2025-01-03-08-34-43-2.jpg 1600w\" sizes=\"auto, (max-width: 384px) 100vw, 384px\" \/><\/a><\/p>\n<p><a href=\"https:\/\/agora.xtec.cat\/cfacanovelles\/wp-content\/uploads\/usu1982\/2025\/01\/PHOTO-2025-01-03-08-34-43.jpg\"><img loading=\"lazy\" decoding=\"async\" class=\"alignnone wp-image-5770\" src=\"https:\/\/agora.xtec.cat\/cfacanovelles\/wp-content\/uploads\/usu1982\/2025\/01\/PHOTO-2025-01-03-08-34-43-768x1024.jpg\" alt=\"\" width=\"365\" height=\"487\" srcset=\"https:\/\/agora.xtec.cat\/cfacanovelles\/wp-content\/uploads\/usu1982\/2025\/01\/PHOTO-2025-01-03-08-34-43-768x1024.jpg 768w, https:\/\/agora.xtec.cat\/cfacanovelles\/wp-content\/uploads\/usu1982\/2025\/01\/PHOTO-2025-01-03-08-34-43-225x300.jpg 225w, https:\/\/agora.xtec.cat\/cfacanovelles\/wp-content\/uploads\/usu1982\/2025\/01\/PHOTO-2025-01-03-08-34-43-1152x1536.jpg 1152w, https:\/\/agora.xtec.cat\/cfacanovelles\/wp-content\/uploads\/usu1982\/2025\/01\/PHOTO-2025-01-03-08-34-43.jpg 1200w\" sizes=\"auto, (max-width: 365px) 100vw, 365px\" \/><\/a><\/p>\n<p>Despr\u00e9s de totes les actuacions els m\u00e9s petits de la sala han cagat el ti\u00f3. I com que s&#8217;han portat molt b\u00e9&#8230; han tingut un bon regalet dol\u00e7!<\/p>\n<p><a href=\"https:\/\/agora.xtec.cat\/cfacanovelles\/wp-content\/uploads\/usu1982\/2025\/01\/PHOTO-2025-01-03-08-34-43-7.jpg\"><img loading=\"lazy\" decoding=\"async\" class=\"alignnone wp-image-5778\" src=\"https:\/\/agora.xtec.cat\/cfacanovelles\/wp-content\/uploads\/usu1982\/2025\/01\/PHOTO-2025-01-03-08-34-43-7-768x1024.jpg\" alt=\"\" width=\"395\" height=\"527\" srcset=\"https:\/\/agora.xtec.cat\/cfacanovelles\/wp-content\/uploads\/usu1982\/2025\/01\/PHOTO-2025-01-03-08-34-43-7-768x1024.jpg 768w, https:\/\/agora.xtec.cat\/cfacanovelles\/wp-content\/uploads\/usu1982\/2025\/01\/PHOTO-2025-01-03-08-34-43-7-225x300.jpg 225w, https:\/\/agora.xtec.cat\/cfacanovelles\/wp-content\/uploads\/usu1982\/2025\/01\/PHOTO-2025-01-03-08-34-43-7-1152x1536.jpg 1152w, https:\/\/agora.xtec.cat\/cfacanovelles\/wp-content\/uploads\/usu1982\/2025\/01\/PHOTO-2025-01-03-08-34-43-7.jpg 1200w\" sizes=\"auto, (max-width: 395px) 100vw, 395px\" \/><\/a><\/p>\n<p>En acabat hem fet un pica-pica de germanor. Ha estat un bon moment per a parlar amb companys i profes molt bonic!<\/p>\n<p><a href=\"https:\/\/agora.xtec.cat\/cfacanovelles\/wp-content\/uploads\/usu1982\/2025\/01\/PHOTO-2025-01-03-08-34-43-3.jpg\"><img loading=\"lazy\" decoding=\"async\" class=\"alignnone wp-image-5772\" src=\"https:\/\/agora.xtec.cat\/cfacanovelles\/wp-content\/uploads\/usu1982\/2025\/01\/PHOTO-2025-01-03-08-34-43-3-1024x768.jpg\" alt=\"\" width=\"361\" height=\"271\" srcset=\"https:\/\/agora.xtec.cat\/cfacanovelles\/wp-content\/uploads\/usu1982\/2025\/01\/PHOTO-2025-01-03-08-34-43-3-1024x768.jpg 1024w, https:\/\/agora.xtec.cat\/cfacanovelles\/wp-content\/uploads\/usu1982\/2025\/01\/PHOTO-2025-01-03-08-34-43-3-300x225.jpg 300w, https:\/\/agora.xtec.cat\/cfacanovelles\/wp-content\/uploads\/usu1982\/2025\/01\/PHOTO-2025-01-03-08-34-43-3-768x576.jpg 768w, https:\/\/agora.xtec.cat\/cfacanovelles\/wp-content\/uploads\/usu1982\/2025\/01\/PHOTO-2025-01-03-08-34-43-3-1536x1152.jpg 1536w, https:\/\/agora.xtec.cat\/cfacanovelles\/wp-content\/uploads\/usu1982\/2025\/01\/PHOTO-2025-01-03-08-34-43-3-200x150.jpg 200w, https:\/\/agora.xtec.cat\/cfacanovelles\/wp-content\/uploads\/usu1982\/2025\/01\/PHOTO-2025-01-03-08-34-43-3.jpg 1600w\" sizes=\"auto, (max-width: 361px) 100vw, 361px\" \/>. \u00a0<\/a><a href=\"https:\/\/agora.xtec.cat\/cfacanovelles\/wp-content\/uploads\/usu1982\/2025\/01\/PHOTO-2025-01-03-08-34-43-4.jpg\"><img loading=\"lazy\" decoding=\"async\" class=\"wp-image-5773 aligncenter\" src=\"https:\/\/agora.xtec.cat\/cfacanovelles\/wp-content\/uploads\/usu1982\/2025\/01\/PHOTO-2025-01-03-08-34-43-4-1024x768.jpg\" alt=\"\" width=\"424\" height=\"318\" srcset=\"https:\/\/agora.xtec.cat\/cfacanovelles\/wp-content\/uploads\/usu1982\/2025\/01\/PHOTO-2025-01-03-08-34-43-4-1024x768.jpg 1024w, https:\/\/agora.xtec.cat\/cfacanovelles\/wp-content\/uploads\/usu1982\/2025\/01\/PHOTO-2025-01-03-08-34-43-4-300x225.jpg 300w, https:\/\/agora.xtec.cat\/cfacanovelles\/wp-content\/uploads\/usu1982\/2025\/01\/PHOTO-2025-01-03-08-34-43-4-768x576.jpg 768w, https:\/\/agora.xtec.cat\/cfacanovelles\/wp-content\/uploads\/usu1982\/2025\/01\/PHOTO-2025-01-03-08-34-43-4-1536x1152.jpg 1536w, https:\/\/agora.xtec.cat\/cfacanovelles\/wp-content\/uploads\/usu1982\/2025\/01\/PHOTO-2025-01-03-08-34-43-4-200x150.jpg 200w, https:\/\/agora.xtec.cat\/cfacanovelles\/wp-content\/uploads\/usu1982\/2025\/01\/PHOTO-2025-01-03-08-34-43-4.jpg 1600w\" sizes=\"auto, (max-width: 424px) 100vw, 424px\" \/>. \u00a0<\/a><\/p>\n<p><a href=\"https:\/\/agora.xtec.cat\/cfacanovelles\/wp-content\/uploads\/usu1982\/2025\/01\/PHOTO-2025-01-03-08-34-43-6.jpg\"><img loading=\"lazy\" decoding=\"async\" class=\"alignnone size-large wp-image-5775\" src=\"https:\/\/agora.xtec.cat\/cfacanovelles\/wp-content\/uploads\/usu1982\/2025\/01\/PHOTO-2025-01-03-08-34-43-6-1024x768.jpg\" alt=\"\" width=\"1024\" height=\"768\" srcset=\"https:\/\/agora.xtec.cat\/cfacanovelles\/wp-content\/uploads\/usu1982\/2025\/01\/PHOTO-2025-01-03-08-34-43-6-1024x768.jpg 1024w, https:\/\/agora.xtec.cat\/cfacanovelles\/wp-content\/uploads\/usu1982\/2025\/01\/PHOTO-2025-01-03-08-34-43-6-300x225.jpg 300w, https:\/\/agora.xtec.cat\/cfacanovelles\/wp-content\/uploads\/usu1982\/2025\/01\/PHOTO-2025-01-03-08-34-43-6-768x576.jpg 768w, https:\/\/agora.xtec.cat\/cfacanovelles\/wp-content\/uploads\/usu1982\/2025\/01\/PHOTO-2025-01-03-08-34-43-6-1536x1152.jpg 1536w, https:\/\/agora.xtec.cat\/cfacanovelles\/wp-content\/uploads\/usu1982\/2025\/01\/PHOTO-2025-01-03-08-34-43-6-200x150.jpg 200w, https:\/\/agora.xtec.cat\/cfacanovelles\/wp-content\/uploads\/usu1982\/2025\/01\/PHOTO-2025-01-03-08-34-43-6.jpg 1600w\" sizes=\"auto, (max-width: 1024px) 100vw, 1024px\" \/><\/a><\/p>\n<p>Moltes gr\u00e0cies a tots els assistents!<\/p>\n","protected":false},"excerpt":{"rendered":"<p>Divendres, 20 a la tarda, el darrer dia del primer trimestre, hem fet un concert per a celebrar el final del primer trimestre. Tots els grups han preparat una petita actuaci\u00f3. Despr\u00e9s de l&#8217;actuaci\u00f3 esmentada, tots els assistents hem fet cagar el ti\u00f3. Per acabar,&hellip;  <a href=\"https:\/\/agora.xtec.cat\/cfacanovelles\/general\/concert-de-nadal-tarda\/\" title=\"Read Concert de Nadal tarda\">Llegeix m\u00e9s\u00bb<\/a><\/p>\n","protected":false},"author":25,"featured_media":5722,"comment_status":"closed","ping_status":"closed","sticky":false,"template":"","format":"standard","meta":{"_bbp_topic_count":0,"_bbp_reply_count":0,"_bbp_total_topic_count":0,"_bbp_total_reply_count":0,"_bbp_voice_count":0,"_bbp_anonymous_reply_count":0,"_bbp_topic_count_hidden":0,"_bbp_reply_count_hidden":0,"_bbp_forum_subforum_count":0,"footnotes":""},"categories":[1,29],"tags":[],"class_list":["post-5741","post","type-post","status-publish","format-standard","has-post-thumbnail","hentry","category-general","category-portada"],"post_mailing_queue_ids":[],"_links":{"self":[{"href":"https:\/\/agora.xtec.cat\/cfacanovelles\/wp-json\/wp\/v2\/posts\/5741","targetHints":{"allow":["GET"]}}],"collection":[{"href":"https:\/\/agora.xtec.cat\/cfacanovelles\/wp-json\/wp\/v2\/posts"}],"about":[{"href":"https:\/\/agora.xtec.cat\/cfacanovelles\/wp-json\/wp\/v2\/types\/post"}],"author":[{"embeddable":true,"href":"https:\/\/agora.xtec.cat\/cfacanovelles\/wp-json\/wp\/v2\/users\/25"}],"replies":[{"embeddable":true,"href":"https:\/\/agora.xtec.cat\/cfacanovelles\/wp-json\/wp\/v2\/comments?post=5741"}],"version-history":[{"count":4,"href":"https:\/\/agora.xtec.cat\/cfacanovelles\/wp-json\/wp\/v2\/posts\/5741\/revisions"}],"predecessor-version":[{"id":5788,"href":"https:\/\/agora.xtec.cat\/cfacanovelles\/wp-json\/wp\/v2\/posts\/5741\/revisions\/5788"}],"wp:featuredmedia":[{"embeddable":true,"href":"https:\/\/agora.xtec.cat\/cfacanovelles\/wp-json\/wp\/v2\/media\/5722"}],"wp:attachment":[{"href":"https:\/\/agora.xtec.cat\/cfacanovelles\/wp-json\/wp\/v2\/media?parent=5741"}],"wp:term":[{"taxonomy":"category","embeddable":true,"href":"https:\/\/agora.xtec.cat\/cfacanovelles\/wp-json\/wp\/v2\/categories?post=5741"},{"taxonomy":"post_tag","embeddable":true,"href":"https:\/\/agora.xtec.cat\/cfacanovelles\/wp-json\/wp\/v2\/tags?post=5741"}],"curies":[{"name":"wp","href":"https:\/\/api.w.org\/{rel}","templated":true}]}}