{"id":5721,"date":"2025-01-07T17:12:47","date_gmt":"2025-01-07T16:12:47","guid":{"rendered":"https:\/\/agora.xtec.cat\/cfacanovelles\/?p=5721"},"modified":"2025-01-07T17:19:11","modified_gmt":"2025-01-07T16:19:11","slug":"concert-de-nadal-mati","status":"publish","type":"post","link":"https:\/\/agora.xtec.cat\/cfacanovelles\/general\/concert-de-nadal-mati\/","title":{"rendered":"Concert de Nadal mat\u00ed"},"content":{"rendered":"<p>El darrer dia del primer trimestre hem fet un concert per a celebrar el final del primer trimestre. Tots els grups han preparat una petita actuaci\u00f3. Despr\u00e9s de l&#8217;actuaci\u00f3 esmentada, tots els assistents hem fet cagar el ti\u00f3. Per acabar, hem compartit menjars t\u00edpics dels nostres pa\u00efsos d&#8217;origen. Ha estat una festa molt bonica i emotiva.<\/p>\n<p>Moltes gr\u00e0cies a tots els participants. Sense vosaltres no hauria estat possible!<\/p>\n<p>Aqu\u00ed teniu algunes de les imatges del mat\u00ed. Esperem que us agradin!<\/p>\n<p><a href=\"https:\/\/agora.xtec.cat\/cfacanovelles\/wp-content\/uploads\/usu1982\/2025\/01\/PHOTO-2025-01-03-07-59-03.jpg\"><img loading=\"lazy\" decoding=\"async\" class=\"alignnone wp-image-5722\" src=\"https:\/\/agora.xtec.cat\/cfacanovelles\/wp-content\/uploads\/usu1982\/2025\/01\/PHOTO-2025-01-03-07-59-03-768x1024.jpg\" alt=\"\" width=\"275\" height=\"367\" srcset=\"https:\/\/agora.xtec.cat\/cfacanovelles\/wp-content\/uploads\/usu1982\/2025\/01\/PHOTO-2025-01-03-07-59-03-768x1024.jpg 768w, https:\/\/agora.xtec.cat\/cfacanovelles\/wp-content\/uploads\/usu1982\/2025\/01\/PHOTO-2025-01-03-07-59-03-225x300.jpg 225w, https:\/\/agora.xtec.cat\/cfacanovelles\/wp-content\/uploads\/usu1982\/2025\/01\/PHOTO-2025-01-03-07-59-03-1152x1536.jpg 1152w, https:\/\/agora.xtec.cat\/cfacanovelles\/wp-content\/uploads\/usu1982\/2025\/01\/PHOTO-2025-01-03-07-59-03.jpg 1200w\" sizes=\"auto, (max-width: 275px) 100vw, 275px\" \/><\/a> <a href=\"https:\/\/agora.xtec.cat\/cfacanovelles\/wp-content\/uploads\/usu1982\/2025\/01\/PHOTO-2025-01-03-07-59-03-1.jpg\"><img loading=\"lazy\" decoding=\"async\" class=\"alignnone wp-image-5723\" src=\"https:\/\/agora.xtec.cat\/cfacanovelles\/wp-content\/uploads\/usu1982\/2025\/01\/PHOTO-2025-01-03-07-59-03-1-768x1024.jpg\" alt=\"\" width=\"273\" height=\"364\" srcset=\"https:\/\/agora.xtec.cat\/cfacanovelles\/wp-content\/uploads\/usu1982\/2025\/01\/PHOTO-2025-01-03-07-59-03-1-768x1024.jpg 768w, https:\/\/agora.xtec.cat\/cfacanovelles\/wp-content\/uploads\/usu1982\/2025\/01\/PHOTO-2025-01-03-07-59-03-1-225x300.jpg 225w, https:\/\/agora.xtec.cat\/cfacanovelles\/wp-content\/uploads\/usu1982\/2025\/01\/PHOTO-2025-01-03-07-59-03-1-1152x1536.jpg 1152w, https:\/\/agora.xtec.cat\/cfacanovelles\/wp-content\/uploads\/usu1982\/2025\/01\/PHOTO-2025-01-03-07-59-03-1.jpg 1200w\" sizes=\"auto, (max-width: 273px) 100vw, 273px\" \/><\/a><\/p>\n<p>&nbsp;<\/p>\n<p>Instrumental 1: Can\u00e7\u00f3 popular Catalana ARA VE NADAL<\/p>\n<p><a href=\"https:\/\/agora.xtec.cat\/cfacanovelles\/wp-content\/uploads\/usu1982\/2025\/01\/PHOTO-2025-01-03-07-59-03-2.jpg\"><img loading=\"lazy\" decoding=\"async\" class=\"alignnone wp-image-5724\" src=\"https:\/\/agora.xtec.cat\/cfacanovelles\/wp-content\/uploads\/usu1982\/2025\/01\/PHOTO-2025-01-03-07-59-03-2-1024x768.jpg\" alt=\"\" width=\"427\" height=\"320\" srcset=\"https:\/\/agora.xtec.cat\/cfacanovelles\/wp-content\/uploads\/usu1982\/2025\/01\/PHOTO-2025-01-03-07-59-03-2-1024x768.jpg 1024w, https:\/\/agora.xtec.cat\/cfacanovelles\/wp-content\/uploads\/usu1982\/2025\/01\/PHOTO-2025-01-03-07-59-03-2-300x225.jpg 300w, https:\/\/agora.xtec.cat\/cfacanovelles\/wp-content\/uploads\/usu1982\/2025\/01\/PHOTO-2025-01-03-07-59-03-2-768x576.jpg 768w, https:\/\/agora.xtec.cat\/cfacanovelles\/wp-content\/uploads\/usu1982\/2025\/01\/PHOTO-2025-01-03-07-59-03-2-1536x1152.jpg 1536w, https:\/\/agora.xtec.cat\/cfacanovelles\/wp-content\/uploads\/usu1982\/2025\/01\/PHOTO-2025-01-03-07-59-03-2-200x150.jpg 200w, https:\/\/agora.xtec.cat\/cfacanovelles\/wp-content\/uploads\/usu1982\/2025\/01\/PHOTO-2025-01-03-07-59-03-2.jpg 1600w\" sizes=\"auto, (max-width: 427px) 100vw, 427px\" \/> <\/a><a href=\"https:\/\/agora.xtec.cat\/cfacanovelles\/wp-content\/uploads\/usu1982\/2025\/01\/PHOTO-2025-01-03-08-02-11.jpg\"><img loading=\"lazy\" decoding=\"async\" class=\"alignnone wp-image-5725\" src=\"https:\/\/agora.xtec.cat\/cfacanovelles\/wp-content\/uploads\/usu1982\/2025\/01\/PHOTO-2025-01-03-08-02-11-1024x768.jpg\" alt=\"\" width=\"345\" height=\"259\" srcset=\"https:\/\/agora.xtec.cat\/cfacanovelles\/wp-content\/uploads\/usu1982\/2025\/01\/PHOTO-2025-01-03-08-02-11-1024x768.jpg 1024w, https:\/\/agora.xtec.cat\/cfacanovelles\/wp-content\/uploads\/usu1982\/2025\/01\/PHOTO-2025-01-03-08-02-11-300x225.jpg 300w, https:\/\/agora.xtec.cat\/cfacanovelles\/wp-content\/uploads\/usu1982\/2025\/01\/PHOTO-2025-01-03-08-02-11-768x576.jpg 768w, https:\/\/agora.xtec.cat\/cfacanovelles\/wp-content\/uploads\/usu1982\/2025\/01\/PHOTO-2025-01-03-08-02-11-1536x1152.jpg 1536w, https:\/\/agora.xtec.cat\/cfacanovelles\/wp-content\/uploads\/usu1982\/2025\/01\/PHOTO-2025-01-03-08-02-11-200x150.jpg 200w, https:\/\/agora.xtec.cat\/cfacanovelles\/wp-content\/uploads\/usu1982\/2025\/01\/PHOTO-2025-01-03-08-02-11.jpg 1600w\" sizes=\"auto, (max-width: 345px) 100vw, 345px\" \/>. \u00a0<\/a><\/p>\n<div style=\"width: 848px;\" class=\"wp-video\"><!--[if lt IE 9]><script>document.createElement('video');<\/script><![endif]-->\n<video class=\"wp-video-shortcode\" id=\"video-5721-1\" width=\"848\" height=\"480\" preload=\"metadata\" controls=\"controls\"><source type=\"video\/mp4\" src=\"https:\/\/agora.xtec.cat\/cfacanovelles\/wp-content\/uploads\/usu1982\/2025\/01\/VIDEO-2025-01-03-07-59-03.mp4?_=1\" \/><a href=\"https:\/\/agora.xtec.cat\/cfacanovelles\/wp-content\/uploads\/usu1982\/2025\/01\/VIDEO-2025-01-03-07-59-03.mp4\">https:\/\/agora.xtec.cat\/cfacanovelles\/wp-content\/uploads\/usu1982\/2025\/01\/VIDEO-2025-01-03-07-59-03.mp4<\/a><\/video><\/div>\n<p>&nbsp;<\/p>\n<p>Instrumental II i III: Poema de Nadal L&#8217;ESCOLA \u00c9S TANCADA<\/p>\n<p><a href=\"https:\/\/agora.xtec.cat\/cfacanovelles\/wp-content\/uploads\/usu1982\/2025\/01\/PHOTO-2025-01-03-08-02-11-1.jpg\"><img loading=\"lazy\" decoding=\"async\" class=\"alignnone wp-image-5726\" src=\"https:\/\/agora.xtec.cat\/cfacanovelles\/wp-content\/uploads\/usu1982\/2025\/01\/PHOTO-2025-01-03-08-02-11-1-1024x768.jpg\" alt=\"\" width=\"343\" height=\"257\" srcset=\"https:\/\/agora.xtec.cat\/cfacanovelles\/wp-content\/uploads\/usu1982\/2025\/01\/PHOTO-2025-01-03-08-02-11-1-1024x768.jpg 1024w, https:\/\/agora.xtec.cat\/cfacanovelles\/wp-content\/uploads\/usu1982\/2025\/01\/PHOTO-2025-01-03-08-02-11-1-300x225.jpg 300w, https:\/\/agora.xtec.cat\/cfacanovelles\/wp-content\/uploads\/usu1982\/2025\/01\/PHOTO-2025-01-03-08-02-11-1-768x576.jpg 768w, https:\/\/agora.xtec.cat\/cfacanovelles\/wp-content\/uploads\/usu1982\/2025\/01\/PHOTO-2025-01-03-08-02-11-1-1536x1152.jpg 1536w, https:\/\/agora.xtec.cat\/cfacanovelles\/wp-content\/uploads\/usu1982\/2025\/01\/PHOTO-2025-01-03-08-02-11-1-200x150.jpg 200w, https:\/\/agora.xtec.cat\/cfacanovelles\/wp-content\/uploads\/usu1982\/2025\/01\/PHOTO-2025-01-03-08-02-11-1.jpg 1600w\" sizes=\"auto, (max-width: 343px) 100vw, 343px\" \/> \u00a0<\/a><a href=\"https:\/\/agora.xtec.cat\/cfacanovelles\/wp-content\/uploads\/usu1982\/2025\/01\/PHOTO-2025-01-03-08-02-11-2.jpg\"><img loading=\"lazy\" decoding=\"async\" class=\"alignnone wp-image-5727\" src=\"https:\/\/agora.xtec.cat\/cfacanovelles\/wp-content\/uploads\/usu1982\/2025\/01\/PHOTO-2025-01-03-08-02-11-2-1024x768.jpg\" alt=\"\" width=\"338\" height=\"253\" srcset=\"https:\/\/agora.xtec.cat\/cfacanovelles\/wp-content\/uploads\/usu1982\/2025\/01\/PHOTO-2025-01-03-08-02-11-2-1024x768.jpg 1024w, https:\/\/agora.xtec.cat\/cfacanovelles\/wp-content\/uploads\/usu1982\/2025\/01\/PHOTO-2025-01-03-08-02-11-2-300x225.jpg 300w, https:\/\/agora.xtec.cat\/cfacanovelles\/wp-content\/uploads\/usu1982\/2025\/01\/PHOTO-2025-01-03-08-02-11-2-768x576.jpg 768w, https:\/\/agora.xtec.cat\/cfacanovelles\/wp-content\/uploads\/usu1982\/2025\/01\/PHOTO-2025-01-03-08-02-11-2-1536x1152.jpg 1536w, https:\/\/agora.xtec.cat\/cfacanovelles\/wp-content\/uploads\/usu1982\/2025\/01\/PHOTO-2025-01-03-08-02-11-2-200x150.jpg 200w, https:\/\/agora.xtec.cat\/cfacanovelles\/wp-content\/uploads\/usu1982\/2025\/01\/PHOTO-2025-01-03-08-02-11-2.jpg 1600w\" sizes=\"auto, (max-width: 338px) 100vw, 338px\" \/>. \u00a0<\/a><\/p>\n<div style=\"width: 848px;\" class=\"wp-video\"><video class=\"wp-video-shortcode\" id=\"video-5721-2\" width=\"848\" height=\"480\" preload=\"metadata\" controls=\"controls\"><source type=\"video\/mp4\" src=\"https:\/\/agora.xtec.cat\/cfacanovelles\/wp-content\/uploads\/usu1982\/2025\/01\/VIDEO-2025-01-03-08-02-11-1.mp4?_=2\" \/><a href=\"https:\/\/agora.xtec.cat\/cfacanovelles\/wp-content\/uploads\/usu1982\/2025\/01\/VIDEO-2025-01-03-08-02-11-1.mp4\">https:\/\/agora.xtec.cat\/cfacanovelles\/wp-content\/uploads\/usu1982\/2025\/01\/VIDEO-2025-01-03-08-02-11-1.mp4<\/a><\/video><\/div>\n<p>&nbsp;<\/p>\n<p>Instrumental 4: Can\u00e7\u00f3 NADAL DE COLORS<\/p>\n<p><a href=\"https:\/\/agora.xtec.cat\/cfacanovelles\/wp-content\/uploads\/usu1982\/2025\/01\/PHOTO-2025-01-03-08-04-12.jpg\"><img loading=\"lazy\" decoding=\"async\" class=\"alignnone wp-image-5728\" src=\"https:\/\/agora.xtec.cat\/cfacanovelles\/wp-content\/uploads\/usu1982\/2025\/01\/PHOTO-2025-01-03-08-04-12-1024x970.jpg\" alt=\"\" width=\"372\" height=\"352\" srcset=\"https:\/\/agora.xtec.cat\/cfacanovelles\/wp-content\/uploads\/usu1982\/2025\/01\/PHOTO-2025-01-03-08-04-12-1024x970.jpg 1024w, https:\/\/agora.xtec.cat\/cfacanovelles\/wp-content\/uploads\/usu1982\/2025\/01\/PHOTO-2025-01-03-08-04-12-300x284.jpg 300w, https:\/\/agora.xtec.cat\/cfacanovelles\/wp-content\/uploads\/usu1982\/2025\/01\/PHOTO-2025-01-03-08-04-12-768x728.jpg 768w, https:\/\/agora.xtec.cat\/cfacanovelles\/wp-content\/uploads\/usu1982\/2025\/01\/PHOTO-2025-01-03-08-04-12-1536x1455.jpg 1536w, https:\/\/agora.xtec.cat\/cfacanovelles\/wp-content\/uploads\/usu1982\/2025\/01\/PHOTO-2025-01-03-08-04-12.jpg 1600w\" sizes=\"auto, (max-width: 372px) 100vw, 372px\" \/><\/a><a href=\"https:\/\/agora.xtec.cat\/cfacanovelles\/wp-content\/uploads\/usu1982\/2025\/01\/PHOTO-2025-01-03-08-02-11-3.jpg\"><img loading=\"lazy\" decoding=\"async\" class=\"alignnone wp-image-5729\" src=\"https:\/\/agora.xtec.cat\/cfacanovelles\/wp-content\/uploads\/usu1982\/2025\/01\/PHOTO-2025-01-03-08-02-11-3-1024x768.jpg\" alt=\"\" width=\"441\" height=\"331\" srcset=\"https:\/\/agora.xtec.cat\/cfacanovelles\/wp-content\/uploads\/usu1982\/2025\/01\/PHOTO-2025-01-03-08-02-11-3-1024x768.jpg 1024w, https:\/\/agora.xtec.cat\/cfacanovelles\/wp-content\/uploads\/usu1982\/2025\/01\/PHOTO-2025-01-03-08-02-11-3-300x225.jpg 300w, https:\/\/agora.xtec.cat\/cfacanovelles\/wp-content\/uploads\/usu1982\/2025\/01\/PHOTO-2025-01-03-08-02-11-3-768x576.jpg 768w, https:\/\/agora.xtec.cat\/cfacanovelles\/wp-content\/uploads\/usu1982\/2025\/01\/PHOTO-2025-01-03-08-02-11-3-1536x1152.jpg 1536w, https:\/\/agora.xtec.cat\/cfacanovelles\/wp-content\/uploads\/usu1982\/2025\/01\/PHOTO-2025-01-03-08-02-11-3-200x150.jpg 200w, https:\/\/agora.xtec.cat\/cfacanovelles\/wp-content\/uploads\/usu1982\/2025\/01\/PHOTO-2025-01-03-08-02-11-3.jpg 1600w\" sizes=\"auto, (max-width: 441px) 100vw, 441px\" \/><\/a><\/p>\n<div style=\"width: 848px;\" class=\"wp-video\"><video class=\"wp-video-shortcode\" id=\"video-5721-3\" width=\"848\" height=\"480\" preload=\"metadata\" controls=\"controls\"><source type=\"video\/mp4\" src=\"https:\/\/agora.xtec.cat\/cfacanovelles\/wp-content\/uploads\/usu1982\/2025\/01\/VIDEO-2025-01-03-08-02-11.mp4?_=3\" \/><a href=\"https:\/\/agora.xtec.cat\/cfacanovelles\/wp-content\/uploads\/usu1982\/2025\/01\/VIDEO-2025-01-03-08-02-11.mp4\">https:\/\/agora.xtec.cat\/cfacanovelles\/wp-content\/uploads\/usu1982\/2025\/01\/VIDEO-2025-01-03-08-02-11.mp4<\/a><\/video><\/div>\n<p>&nbsp;<\/p>\n<p>Catal\u00e0 1 i 2: Can\u00e7\u00f3 CAMINS (de Sopa de Cabra)<\/p>\n<p><a href=\"https:\/\/agora.xtec.cat\/cfacanovelles\/wp-content\/uploads\/usu1982\/2025\/01\/PHOTO-2025-01-03-08-04-12-1.jpg\"><img loading=\"lazy\" decoding=\"async\" class=\"alignnone wp-image-5733\" src=\"https:\/\/agora.xtec.cat\/cfacanovelles\/wp-content\/uploads\/usu1982\/2025\/01\/PHOTO-2025-01-03-08-04-12-1-1024x768.jpg\" alt=\"\" width=\"439\" height=\"329\" srcset=\"https:\/\/agora.xtec.cat\/cfacanovelles\/wp-content\/uploads\/usu1982\/2025\/01\/PHOTO-2025-01-03-08-04-12-1-1024x768.jpg 1024w, https:\/\/agora.xtec.cat\/cfacanovelles\/wp-content\/uploads\/usu1982\/2025\/01\/PHOTO-2025-01-03-08-04-12-1-300x225.jpg 300w, https:\/\/agora.xtec.cat\/cfacanovelles\/wp-content\/uploads\/usu1982\/2025\/01\/PHOTO-2025-01-03-08-04-12-1-768x576.jpg 768w, https:\/\/agora.xtec.cat\/cfacanovelles\/wp-content\/uploads\/usu1982\/2025\/01\/PHOTO-2025-01-03-08-04-12-1-1536x1152.jpg 1536w, https:\/\/agora.xtec.cat\/cfacanovelles\/wp-content\/uploads\/usu1982\/2025\/01\/PHOTO-2025-01-03-08-04-12-1-200x150.jpg 200w, https:\/\/agora.xtec.cat\/cfacanovelles\/wp-content\/uploads\/usu1982\/2025\/01\/PHOTO-2025-01-03-08-04-12-1.jpg 1600w\" sizes=\"auto, (max-width: 439px) 100vw, 439px\" \/><\/a><\/p>\n<div style=\"width: 848px;\" class=\"wp-video\"><video class=\"wp-video-shortcode\" id=\"video-5721-4\" width=\"848\" height=\"480\" preload=\"metadata\" controls=\"controls\"><source type=\"video\/mp4\" src=\"https:\/\/agora.xtec.cat\/cfacanovelles\/wp-content\/uploads\/usu1982\/2025\/01\/VIDEO-2025-01-03-08-04-12-1.mp4?_=4\" \/><a href=\"https:\/\/agora.xtec.cat\/cfacanovelles\/wp-content\/uploads\/usu1982\/2025\/01\/VIDEO-2025-01-03-08-04-12-1.mp4\">https:\/\/agora.xtec.cat\/cfacanovelles\/wp-content\/uploads\/usu1982\/2025\/01\/VIDEO-2025-01-03-08-04-12-1.mp4<\/a><\/video><\/div>\n<p>&nbsp;<\/p>\n<p>Castell\u00e0 2 i 3: Can\u00e7\u00f3 MADRE TIERRA (de Chayanne)<\/p>\n<p><a href=\"https:\/\/agora.xtec.cat\/cfacanovelles\/wp-content\/uploads\/usu1982\/2025\/01\/PHOTO-2025-01-03-08-04-12-3.jpg\"><img loading=\"lazy\" decoding=\"async\" class=\"alignnone wp-image-5735\" src=\"https:\/\/agora.xtec.cat\/cfacanovelles\/wp-content\/uploads\/usu1982\/2025\/01\/PHOTO-2025-01-03-08-04-12-3-1024x768.jpg\" alt=\"\" width=\"380\" height=\"285\" srcset=\"https:\/\/agora.xtec.cat\/cfacanovelles\/wp-content\/uploads\/usu1982\/2025\/01\/PHOTO-2025-01-03-08-04-12-3-1024x768.jpg 1024w, https:\/\/agora.xtec.cat\/cfacanovelles\/wp-content\/uploads\/usu1982\/2025\/01\/PHOTO-2025-01-03-08-04-12-3-300x225.jpg 300w, https:\/\/agora.xtec.cat\/cfacanovelles\/wp-content\/uploads\/usu1982\/2025\/01\/PHOTO-2025-01-03-08-04-12-3-768x576.jpg 768w, https:\/\/agora.xtec.cat\/cfacanovelles\/wp-content\/uploads\/usu1982\/2025\/01\/PHOTO-2025-01-03-08-04-12-3-1536x1152.jpg 1536w, https:\/\/agora.xtec.cat\/cfacanovelles\/wp-content\/uploads\/usu1982\/2025\/01\/PHOTO-2025-01-03-08-04-12-3-200x150.jpg 200w, https:\/\/agora.xtec.cat\/cfacanovelles\/wp-content\/uploads\/usu1982\/2025\/01\/PHOTO-2025-01-03-08-04-12-3.jpg 1600w\" sizes=\"auto, (max-width: 380px) 100vw, 380px\" \/>.\u00a0 <\/a><a href=\"https:\/\/agora.xtec.cat\/cfacanovelles\/wp-content\/uploads\/usu1982\/2025\/01\/PHOTO-2025-01-03-08-04-12-2.jpg\"><img loading=\"lazy\" decoding=\"async\" class=\"alignnone wp-image-5734\" src=\"https:\/\/agora.xtec.cat\/cfacanovelles\/wp-content\/uploads\/usu1982\/2025\/01\/PHOTO-2025-01-03-08-04-12-2-768x1024.jpg\" alt=\"\" width=\"214\" height=\"286\" srcset=\"https:\/\/agora.xtec.cat\/cfacanovelles\/wp-content\/uploads\/usu1982\/2025\/01\/PHOTO-2025-01-03-08-04-12-2-768x1024.jpg 768w, https:\/\/agora.xtec.cat\/cfacanovelles\/wp-content\/uploads\/usu1982\/2025\/01\/PHOTO-2025-01-03-08-04-12-2-225x300.jpg 225w, https:\/\/agora.xtec.cat\/cfacanovelles\/wp-content\/uploads\/usu1982\/2025\/01\/PHOTO-2025-01-03-08-04-12-2-1152x1536.jpg 1152w, https:\/\/agora.xtec.cat\/cfacanovelles\/wp-content\/uploads\/usu1982\/2025\/01\/PHOTO-2025-01-03-08-04-12-2.jpg 1200w\" sizes=\"auto, (max-width: 214px) 100vw, 214px\" \/><\/a><\/p>\n<div style=\"width: 848px;\" class=\"wp-video\"><video class=\"wp-video-shortcode\" id=\"video-5721-5\" width=\"848\" height=\"480\" preload=\"metadata\" controls=\"controls\"><source type=\"video\/mp4\" src=\"https:\/\/agora.xtec.cat\/cfacanovelles\/wp-content\/uploads\/usu1982\/2025\/01\/VIDEO-2025-01-03-08-04-12.mp4?_=5\" \/><a href=\"https:\/\/agora.xtec.cat\/cfacanovelles\/wp-content\/uploads\/usu1982\/2025\/01\/VIDEO-2025-01-03-08-04-12.mp4\">https:\/\/agora.xtec.cat\/cfacanovelles\/wp-content\/uploads\/usu1982\/2025\/01\/VIDEO-2025-01-03-08-04-12.mp4<\/a><\/video><\/div>\n<p>Pica-Pica final de festa<\/p>\n<p><a href=\"https:\/\/agora.xtec.cat\/cfacanovelles\/wp-content\/uploads\/usu1982\/2025\/01\/PHOTO-2025-01-03-08-04-44.jpg\"><img loading=\"lazy\" decoding=\"async\" class=\"alignnone wp-image-5736\" src=\"https:\/\/agora.xtec.cat\/cfacanovelles\/wp-content\/uploads\/usu1982\/2025\/01\/PHOTO-2025-01-03-08-04-44-1024x768.jpg\" alt=\"\" width=\"413\" height=\"310\" srcset=\"https:\/\/agora.xtec.cat\/cfacanovelles\/wp-content\/uploads\/usu1982\/2025\/01\/PHOTO-2025-01-03-08-04-44-1024x768.jpg 1024w, https:\/\/agora.xtec.cat\/cfacanovelles\/wp-content\/uploads\/usu1982\/2025\/01\/PHOTO-2025-01-03-08-04-44-300x225.jpg 300w, https:\/\/agora.xtec.cat\/cfacanovelles\/wp-content\/uploads\/usu1982\/2025\/01\/PHOTO-2025-01-03-08-04-44-768x576.jpg 768w, https:\/\/agora.xtec.cat\/cfacanovelles\/wp-content\/uploads\/usu1982\/2025\/01\/PHOTO-2025-01-03-08-04-44-1536x1152.jpg 1536w, https:\/\/agora.xtec.cat\/cfacanovelles\/wp-content\/uploads\/usu1982\/2025\/01\/PHOTO-2025-01-03-08-04-44-200x150.jpg 200w, https:\/\/agora.xtec.cat\/cfacanovelles\/wp-content\/uploads\/usu1982\/2025\/01\/PHOTO-2025-01-03-08-04-44.jpg 1600w\" sizes=\"auto, (max-width: 413px) 100vw, 413px\" \/>. \u00a0\u00a0\u00a0<\/a><\/p>\n<p><a href=\"https:\/\/agora.xtec.cat\/cfacanovelles\/wp-content\/uploads\/usu1982\/2025\/01\/PHOTO-2025-01-03-08-04-44-1.jpg\"><img loading=\"lazy\" decoding=\"async\" class=\"wp-image-5737 aligncenter\" src=\"https:\/\/agora.xtec.cat\/cfacanovelles\/wp-content\/uploads\/usu1982\/2025\/01\/PHOTO-2025-01-03-08-04-44-1-1024x768.jpg\" alt=\"\" width=\"403\" height=\"302\" srcset=\"https:\/\/agora.xtec.cat\/cfacanovelles\/wp-content\/uploads\/usu1982\/2025\/01\/PHOTO-2025-01-03-08-04-44-1-1024x768.jpg 1024w, https:\/\/agora.xtec.cat\/cfacanovelles\/wp-content\/uploads\/usu1982\/2025\/01\/PHOTO-2025-01-03-08-04-44-1-300x225.jpg 300w, https:\/\/agora.xtec.cat\/cfacanovelles\/wp-content\/uploads\/usu1982\/2025\/01\/PHOTO-2025-01-03-08-04-44-1-768x576.jpg 768w, https:\/\/agora.xtec.cat\/cfacanovelles\/wp-content\/uploads\/usu1982\/2025\/01\/PHOTO-2025-01-03-08-04-44-1-1536x1152.jpg 1536w, https:\/\/agora.xtec.cat\/cfacanovelles\/wp-content\/uploads\/usu1982\/2025\/01\/PHOTO-2025-01-03-08-04-44-1-200x150.jpg 200w, https:\/\/agora.xtec.cat\/cfacanovelles\/wp-content\/uploads\/usu1982\/2025\/01\/PHOTO-2025-01-03-08-04-44-1.jpg 1600w\" sizes=\"auto, (max-width: 403px) 100vw, 403px\" \/><\/a><\/p>\n<p><a href=\"https:\/\/agora.xtec.cat\/cfacanovelles\/wp-content\/uploads\/usu1982\/2025\/01\/PHOTO-2025-01-03-08-04-59.jpg\"><img loading=\"lazy\" decoding=\"async\" class=\"wp-image-5738 alignright\" src=\"https:\/\/agora.xtec.cat\/cfacanovelles\/wp-content\/uploads\/usu1982\/2025\/01\/PHOTO-2025-01-03-08-04-59-1024x768.jpg\" alt=\"\" width=\"405\" height=\"304\" srcset=\"https:\/\/agora.xtec.cat\/cfacanovelles\/wp-content\/uploads\/usu1982\/2025\/01\/PHOTO-2025-01-03-08-04-59-1024x768.jpg 1024w, https:\/\/agora.xtec.cat\/cfacanovelles\/wp-content\/uploads\/usu1982\/2025\/01\/PHOTO-2025-01-03-08-04-59-300x225.jpg 300w, https:\/\/agora.xtec.cat\/cfacanovelles\/wp-content\/uploads\/usu1982\/2025\/01\/PHOTO-2025-01-03-08-04-59-768x576.jpg 768w, https:\/\/agora.xtec.cat\/cfacanovelles\/wp-content\/uploads\/usu1982\/2025\/01\/PHOTO-2025-01-03-08-04-59-1536x1152.jpg 1536w, https:\/\/agora.xtec.cat\/cfacanovelles\/wp-content\/uploads\/usu1982\/2025\/01\/PHOTO-2025-01-03-08-04-59-200x150.jpg 200w, https:\/\/agora.xtec.cat\/cfacanovelles\/wp-content\/uploads\/usu1982\/2025\/01\/PHOTO-2025-01-03-08-04-59.jpg 1600w\" sizes=\"auto, (max-width: 405px) 100vw, 405px\" \/><\/a><\/p>\n<p>&nbsp;<\/p>\n","protected":false},"excerpt":{"rendered":"<p>El darrer dia del primer trimestre hem fet un concert per a celebrar el final del primer trimestre. Tots els grups han preparat una petita actuaci\u00f3. Despr\u00e9s de l&#8217;actuaci\u00f3 esmentada, tots els assistents hem fet cagar el ti\u00f3. Per acabar, hem compartit menjars t\u00edpics dels&hellip;  <a href=\"https:\/\/agora.xtec.cat\/cfacanovelles\/general\/concert-de-nadal-mati\/\" title=\"Read Concert de Nadal mat\u00ed\">Llegeix m\u00e9s\u00bb<\/a><\/p>\n","protected":false},"author":25,"featured_media":5723,"comment_status":"closed","ping_status":"closed","sticky":false,"template":"","format":"standard","meta":{"_bbp_topic_count":0,"_bbp_reply_count":0,"_bbp_total_topic_count":0,"_bbp_total_reply_count":0,"_bbp_voice_count":0,"_bbp_anonymous_reply_count":0,"_bbp_topic_count_hidden":0,"_bbp_reply_count_hidden":0,"_bbp_forum_subforum_count":0,"footnotes":""},"categories":[1,29],"tags":[],"class_list":["post-5721","post","type-post","status-publish","format-standard","has-post-thumbnail","hentry","category-general","category-portada"],"post_mailing_queue_ids":[],"_links":{"self":[{"href":"https:\/\/agora.xtec.cat\/cfacanovelles\/wp-json\/wp\/v2\/posts\/5721","targetHints":{"allow":["GET"]}}],"collection":[{"href":"https:\/\/agora.xtec.cat\/cfacanovelles\/wp-json\/wp\/v2\/posts"}],"about":[{"href":"https:\/\/agora.xtec.cat\/cfacanovelles\/wp-json\/wp\/v2\/types\/post"}],"author":[{"embeddable":true,"href":"https:\/\/agora.xtec.cat\/cfacanovelles\/wp-json\/wp\/v2\/users\/25"}],"replies":[{"embeddable":true,"href":"https:\/\/agora.xtec.cat\/cfacanovelles\/wp-json\/wp\/v2\/comments?post=5721"}],"version-history":[{"count":3,"href":"https:\/\/agora.xtec.cat\/cfacanovelles\/wp-json\/wp\/v2\/posts\/5721\/revisions"}],"predecessor-version":[{"id":5746,"href":"https:\/\/agora.xtec.cat\/cfacanovelles\/wp-json\/wp\/v2\/posts\/5721\/revisions\/5746"}],"wp:featuredmedia":[{"embeddable":true,"href":"https:\/\/agora.xtec.cat\/cfacanovelles\/wp-json\/wp\/v2\/media\/5723"}],"wp:attachment":[{"href":"https:\/\/agora.xtec.cat\/cfacanovelles\/wp-json\/wp\/v2\/media?parent=5721"}],"wp:term":[{"taxonomy":"category","embeddable":true,"href":"https:\/\/agora.xtec.cat\/cfacanovelles\/wp-json\/wp\/v2\/categories?post=5721"},{"taxonomy":"post_tag","embeddable":true,"href":"https:\/\/agora.xtec.cat\/cfacanovelles\/wp-json\/wp\/v2\/tags?post=5721"}],"curies":[{"name":"wp","href":"https:\/\/api.w.org\/{rel}","templated":true}]}}