{"id":5700,"date":"2024-12-12T12:30:59","date_gmt":"2024-12-12T11:30:59","guid":{"rendered":"https:\/\/agora.xtec.cat\/cfacanovelles\/?p=5700"},"modified":"2024-12-12T12:30:59","modified_gmt":"2024-12-12T11:30:59","slug":"el-nadal-ja-ha-arribat","status":"publish","type":"post","link":"https:\/\/agora.xtec.cat\/cfacanovelles\/general\/el-nadal-ja-ha-arribat\/","title":{"rendered":"El Nadal ja ha arribat!"},"content":{"rendered":"<p>Al Centre de Formaci\u00f3 d&#8217;Adults de Canovelles el Nadal ja ha arribat!<\/p>\n<p>Gr\u00e0cies a l&#8217;ajut de tots els alumnes de l&#8217;escola, ja tenim el Hall decorat. Fins i tot hem fet un arbre amb les mans de tots els estudiants del centre.<\/p>\n<p>Tamb\u00e9 tenim a punt el Ti\u00f3. Ja li estem donant menjar perqu\u00e8 el farem cagar al concert que farem el dia 20 de desembre a Can Palots.<\/p>\n<p>Mireu que bonic que ha quedat!<\/p>\n<p><a href=\"https:\/\/agora.xtec.cat\/cfacanovelles\/wp-content\/uploads\/usu1982\/2024\/12\/PHOTO-2024-12-12-12-19-29-1.jpg\"><img loading=\"lazy\" decoding=\"async\" class=\"alignnone  wp-image-5702\" src=\"https:\/\/agora.xtec.cat\/cfacanovelles\/wp-content\/uploads\/usu1982\/2024\/12\/PHOTO-2024-12-12-12-19-29-1-1015x1024.jpg\" alt=\"\" width=\"615\" height=\"620\" srcset=\"https:\/\/agora.xtec.cat\/cfacanovelles\/wp-content\/uploads\/usu1982\/2024\/12\/PHOTO-2024-12-12-12-19-29-1-1015x1024.jpg 1015w, https:\/\/agora.xtec.cat\/cfacanovelles\/wp-content\/uploads\/usu1982\/2024\/12\/PHOTO-2024-12-12-12-19-29-1-297x300.jpg 297w, https:\/\/agora.xtec.cat\/cfacanovelles\/wp-content\/uploads\/usu1982\/2024\/12\/PHOTO-2024-12-12-12-19-29-1-150x150.jpg 150w, https:\/\/agora.xtec.cat\/cfacanovelles\/wp-content\/uploads\/usu1982\/2024\/12\/PHOTO-2024-12-12-12-19-29-1-768x775.jpg 768w, https:\/\/agora.xtec.cat\/cfacanovelles\/wp-content\/uploads\/usu1982\/2024\/12\/PHOTO-2024-12-12-12-19-29-1-1523x1536.jpg 1523w, https:\/\/agora.xtec.cat\/cfacanovelles\/wp-content\/uploads\/usu1982\/2024\/12\/PHOTO-2024-12-12-12-19-29-1.jpg 1586w\" sizes=\"auto, (max-width: 615px) 100vw, 615px\" \/><\/a> <a href=\"https:\/\/agora.xtec.cat\/cfacanovelles\/wp-content\/uploads\/usu1982\/2024\/12\/PHOTO-2024-12-12-12-19-29-2.jpg\"><img loading=\"lazy\" decoding=\"async\" class=\"alignnone size-large wp-image-5703\" src=\"https:\/\/agora.xtec.cat\/cfacanovelles\/wp-content\/uploads\/usu1982\/2024\/12\/PHOTO-2024-12-12-12-19-29-2-1024x307.jpg\" alt=\"\" width=\"1024\" height=\"307\" srcset=\"https:\/\/agora.xtec.cat\/cfacanovelles\/wp-content\/uploads\/usu1982\/2024\/12\/PHOTO-2024-12-12-12-19-29-2-1024x307.jpg 1024w, https:\/\/agora.xtec.cat\/cfacanovelles\/wp-content\/uploads\/usu1982\/2024\/12\/PHOTO-2024-12-12-12-19-29-2-300x90.jpg 300w, https:\/\/agora.xtec.cat\/cfacanovelles\/wp-content\/uploads\/usu1982\/2024\/12\/PHOTO-2024-12-12-12-19-29-2-768x230.jpg 768w, https:\/\/agora.xtec.cat\/cfacanovelles\/wp-content\/uploads\/usu1982\/2024\/12\/PHOTO-2024-12-12-12-19-29-2-1536x460.jpg 1536w, https:\/\/agora.xtec.cat\/cfacanovelles\/wp-content\/uploads\/usu1982\/2024\/12\/PHOTO-2024-12-12-12-19-29-2.jpg 1600w\" sizes=\"auto, (max-width: 1024px) 100vw, 1024px\" \/><\/a> <a href=\"https:\/\/agora.xtec.cat\/cfacanovelles\/wp-content\/uploads\/usu1982\/2024\/12\/PHOTO-2024-12-12-12-19-29-3.jpg\"><img loading=\"lazy\" decoding=\"async\" class=\"alignnone  wp-image-5704\" src=\"https:\/\/agora.xtec.cat\/cfacanovelles\/wp-content\/uploads\/usu1982\/2024\/12\/PHOTO-2024-12-12-12-19-29-3-1024x768.jpg\" alt=\"\" width=\"549\" height=\"412\" srcset=\"https:\/\/agora.xtec.cat\/cfacanovelles\/wp-content\/uploads\/usu1982\/2024\/12\/PHOTO-2024-12-12-12-19-29-3-1024x768.jpg 1024w, https:\/\/agora.xtec.cat\/cfacanovelles\/wp-content\/uploads\/usu1982\/2024\/12\/PHOTO-2024-12-12-12-19-29-3-300x225.jpg 300w, https:\/\/agora.xtec.cat\/cfacanovelles\/wp-content\/uploads\/usu1982\/2024\/12\/PHOTO-2024-12-12-12-19-29-3-768x576.jpg 768w, https:\/\/agora.xtec.cat\/cfacanovelles\/wp-content\/uploads\/usu1982\/2024\/12\/PHOTO-2024-12-12-12-19-29-3-1536x1152.jpg 1536w, https:\/\/agora.xtec.cat\/cfacanovelles\/wp-content\/uploads\/usu1982\/2024\/12\/PHOTO-2024-12-12-12-19-29-3-200x150.jpg 200w, https:\/\/agora.xtec.cat\/cfacanovelles\/wp-content\/uploads\/usu1982\/2024\/12\/PHOTO-2024-12-12-12-19-29-3.jpg 1600w\" sizes=\"auto, (max-width: 549px) 100vw, 549px\" \/> <\/a><a href=\"https:\/\/agora.xtec.cat\/cfacanovelles\/wp-content\/uploads\/usu1982\/2024\/12\/PHOTO-2024-12-12-12-19-29.jpg\"><img loading=\"lazy\" decoding=\"async\" class=\"alignnone  wp-image-5701\" src=\"https:\/\/agora.xtec.cat\/cfacanovelles\/wp-content\/uploads\/usu1982\/2024\/12\/PHOTO-2024-12-12-12-19-29-1024x768.jpg\" alt=\"\" width=\"547\" height=\"410\" srcset=\"https:\/\/agora.xtec.cat\/cfacanovelles\/wp-content\/uploads\/usu1982\/2024\/12\/PHOTO-2024-12-12-12-19-29-1024x768.jpg 1024w, https:\/\/agora.xtec.cat\/cfacanovelles\/wp-content\/uploads\/usu1982\/2024\/12\/PHOTO-2024-12-12-12-19-29-300x225.jpg 300w, https:\/\/agora.xtec.cat\/cfacanovelles\/wp-content\/uploads\/usu1982\/2024\/12\/PHOTO-2024-12-12-12-19-29-768x576.jpg 768w, https:\/\/agora.xtec.cat\/cfacanovelles\/wp-content\/uploads\/usu1982\/2024\/12\/PHOTO-2024-12-12-12-19-29-1536x1152.jpg 1536w, https:\/\/agora.xtec.cat\/cfacanovelles\/wp-content\/uploads\/usu1982\/2024\/12\/PHOTO-2024-12-12-12-19-29-200x150.jpg 200w, https:\/\/agora.xtec.cat\/cfacanovelles\/wp-content\/uploads\/usu1982\/2024\/12\/PHOTO-2024-12-12-12-19-29.jpg 1600w\" sizes=\"auto, (max-width: 547px) 100vw, 547px\" \/><\/a><\/p>\n","protected":false},"excerpt":{"rendered":"<p>Al Centre de Formaci\u00f3 d&#8217;Adults de Canovelles el Nadal ja ha arribat!<br \/>\nGr\u00e0cies a l&#8217;ajut de tots els alumnes de l&#8217;escola, ja tenim el Hall decorat. Fins i tot hem fet un arbre amb les mans de tots els estudiants del centre.<br \/>\nTamb\u00e9 tenim a punt el&hellip;  <a href=\"https:\/\/agora.xtec.cat\/cfacanovelles\/general\/el-nadal-ja-ha-arribat\/\" title=\"Read El Nadal ja ha arribat!\">Llegeix m\u00e9s\u00bb<\/a><\/p>\n","protected":false},"author":25,"featured_media":5702,"comment_status":"closed","ping_status":"closed","sticky":false,"template":"","format":"standard","meta":{"_bbp_topic_count":0,"_bbp_reply_count":0,"_bbp_total_topic_count":0,"_bbp_total_reply_count":0,"_bbp_voice_count":0,"_bbp_anonymous_reply_count":0,"_bbp_topic_count_hidden":0,"_bbp_reply_count_hidden":0,"_bbp_forum_subforum_count":0,"footnotes":""},"categories":[1,29],"tags":[],"class_list":["post-5700","post","type-post","status-publish","format-standard","has-post-thumbnail","hentry","category-general","category-portada"],"post_mailing_queue_ids":[],"_links":{"self":[{"href":"https:\/\/agora.xtec.cat\/cfacanovelles\/wp-json\/wp\/v2\/posts\/5700","targetHints":{"allow":["GET"]}}],"collection":[{"href":"https:\/\/agora.xtec.cat\/cfacanovelles\/wp-json\/wp\/v2\/posts"}],"about":[{"href":"https:\/\/agora.xtec.cat\/cfacanovelles\/wp-json\/wp\/v2\/types\/post"}],"author":[{"embeddable":true,"href":"https:\/\/agora.xtec.cat\/cfacanovelles\/wp-json\/wp\/v2\/users\/25"}],"replies":[{"embeddable":true,"href":"https:\/\/agora.xtec.cat\/cfacanovelles\/wp-json\/wp\/v2\/comments?post=5700"}],"version-history":[{"count":1,"href":"https:\/\/agora.xtec.cat\/cfacanovelles\/wp-json\/wp\/v2\/posts\/5700\/revisions"}],"predecessor-version":[{"id":5705,"href":"https:\/\/agora.xtec.cat\/cfacanovelles\/wp-json\/wp\/v2\/posts\/5700\/revisions\/5705"}],"wp:featuredmedia":[{"embeddable":true,"href":"https:\/\/agora.xtec.cat\/cfacanovelles\/wp-json\/wp\/v2\/media\/5702"}],"wp:attachment":[{"href":"https:\/\/agora.xtec.cat\/cfacanovelles\/wp-json\/wp\/v2\/media?parent=5700"}],"wp:term":[{"taxonomy":"category","embeddable":true,"href":"https:\/\/agora.xtec.cat\/cfacanovelles\/wp-json\/wp\/v2\/categories?post=5700"},{"taxonomy":"post_tag","embeddable":true,"href":"https:\/\/agora.xtec.cat\/cfacanovelles\/wp-json\/wp\/v2\/tags?post=5700"}],"curies":[{"name":"wp","href":"https:\/\/api.w.org\/{rel}","templated":true}]}}