{"id":5670,"date":"2024-11-18T11:42:33","date_gmt":"2024-11-18T10:42:33","guid":{"rendered":"https:\/\/agora.xtec.cat\/cfacanovelles\/?p=5670"},"modified":"2024-11-20T07:54:38","modified_gmt":"2024-11-20T06:54:38","slug":"tema-6-com-es-casa-teva","status":"publish","type":"post","link":"https:\/\/agora.xtec.cat\/cfacanovelles\/catala-2-mati\/tema-6-com-es-casa-teva\/","title":{"rendered":"Tema 6: COM \u00c9S CASA TEVA?"},"content":{"rendered":"<p><span style=\"font-weight: 400;\">Aquesta unitat tracta de la casa on vivim. Coneixerem com \u00e9s una casa. Parlarem d\u2019on guardem les coses i ens endinsarem dins el m\u00f3n de la cerca de pis nou!\u00a0<\/span><\/p>\n<p><span style=\"font-weight: 400;\">Aix\u00ed mateix, aprendrem els noms de les parts de la casa i dels mobles que hi ha. Com \u00e9s la casa on vius i has viscut de petita? Ens la descrius\u2026<\/span><\/p>\n<p>Tamb\u00e9 \u00e9s important no oblidar els seg\u00fcents aspectes gramaticals:<\/p>\n<p><span style=\"font-weight: 400;\">Vols seguir practicant els verbs? Segueix practicant com conjugar-los!\u00a0<\/span><a href=\"http:\/\/enxaneta.info\/activitats\/verbs\/14\"><span style=\"font-weight: 400;\">Seguim amb els verbs<\/span><\/a><\/p>\n<p>Tamb\u00e9 \u00e9s important continuar practicant els pronoms febles que v\u00e0rem comen\u00e7ar a vaure en el tema anterior. T&#8217;hi animes?\u00a0<a href=\"https:\/\/www.cpnl.cat\/gramatica\/66\/37-els-pronoms-febles\">Practiquem els pronoms febles<\/a><\/p>\n<p><a href=\"https:\/\/agora.xtec.cat\/cfacanovelles\/wp-content\/uploads\/usu1982\/2024\/11\/venda-de-pisos-1.png\"><img loading=\"lazy\" decoding=\"async\" class=\"alignnone size-large wp-image-5680\" src=\"https:\/\/agora.xtec.cat\/cfacanovelles\/wp-content\/uploads\/usu1982\/2024\/11\/venda-de-pisos-1-1024x570.png\" alt=\"\" width=\"1024\" height=\"570\" srcset=\"https:\/\/agora.xtec.cat\/cfacanovelles\/wp-content\/uploads\/usu1982\/2024\/11\/venda-de-pisos-1-1024x570.png 1024w, https:\/\/agora.xtec.cat\/cfacanovelles\/wp-content\/uploads\/usu1982\/2024\/11\/venda-de-pisos-1-300x167.png 300w, https:\/\/agora.xtec.cat\/cfacanovelles\/wp-content\/uploads\/usu1982\/2024\/11\/venda-de-pisos-1-768x427.png 768w, https:\/\/agora.xtec.cat\/cfacanovelles\/wp-content\/uploads\/usu1982\/2024\/11\/venda-de-pisos-1.png 1113w\" sizes=\"auto, (max-width: 1024px) 100vw, 1024px\" \/><\/a><\/p>\n<p>&nbsp;<\/p>\n","protected":false},"excerpt":{"rendered":"<p>Aquesta unitat tracta de la casa on vivim. Coneixerem com \u00e9s una casa. Parlarem d\u2019on guardem les coses i ens endinsarem dins el m\u00f3n de la cerca de pis nou!\u00a0<br \/>\nAix\u00ed mateix, aprendrem els noms de les parts de la casa i dels mobles que hi&hellip;  <a href=\"https:\/\/agora.xtec.cat\/cfacanovelles\/catala-2-mati\/tema-6-com-es-casa-teva\/\" title=\"Read Tema 6: COM \u00c9S CASA TEVA?\">Llegeix m\u00e9s\u00bb<\/a><\/p>\n","protected":false},"author":25,"featured_media":5680,"comment_status":"closed","ping_status":"closed","sticky":false,"template":"","format":"standard","meta":{"_bbp_topic_count":0,"_bbp_reply_count":0,"_bbp_total_topic_count":0,"_bbp_total_reply_count":0,"_bbp_voice_count":0,"_bbp_anonymous_reply_count":0,"_bbp_topic_count_hidden":0,"_bbp_reply_count_hidden":0,"_bbp_forum_subforum_count":0,"footnotes":""},"categories":[142],"tags":[],"class_list":["post-5670","post","type-post","status-publish","format-standard","has-post-thumbnail","hentry","category-catala-2-mati"],"post_mailing_queue_ids":[],"_links":{"self":[{"href":"https:\/\/agora.xtec.cat\/cfacanovelles\/wp-json\/wp\/v2\/posts\/5670","targetHints":{"allow":["GET"]}}],"collection":[{"href":"https:\/\/agora.xtec.cat\/cfacanovelles\/wp-json\/wp\/v2\/posts"}],"about":[{"href":"https:\/\/agora.xtec.cat\/cfacanovelles\/wp-json\/wp\/v2\/types\/post"}],"author":[{"embeddable":true,"href":"https:\/\/agora.xtec.cat\/cfacanovelles\/wp-json\/wp\/v2\/users\/25"}],"replies":[{"embeddable":true,"href":"https:\/\/agora.xtec.cat\/cfacanovelles\/wp-json\/wp\/v2\/comments?post=5670"}],"version-history":[{"count":2,"href":"https:\/\/agora.xtec.cat\/cfacanovelles\/wp-json\/wp\/v2\/posts\/5670\/revisions"}],"predecessor-version":[{"id":5681,"href":"https:\/\/agora.xtec.cat\/cfacanovelles\/wp-json\/wp\/v2\/posts\/5670\/revisions\/5681"}],"wp:featuredmedia":[{"embeddable":true,"href":"https:\/\/agora.xtec.cat\/cfacanovelles\/wp-json\/wp\/v2\/media\/5680"}],"wp:attachment":[{"href":"https:\/\/agora.xtec.cat\/cfacanovelles\/wp-json\/wp\/v2\/media?parent=5670"}],"wp:term":[{"taxonomy":"category","embeddable":true,"href":"https:\/\/agora.xtec.cat\/cfacanovelles\/wp-json\/wp\/v2\/categories?post=5670"},{"taxonomy":"post_tag","embeddable":true,"href":"https:\/\/agora.xtec.cat\/cfacanovelles\/wp-json\/wp\/v2\/tags?post=5670"}],"curies":[{"name":"wp","href":"https:\/\/api.w.org\/{rel}","templated":true}]}}