{"id":5616,"date":"2026-01-18T06:34:10","date_gmt":"2026-01-18T05:34:10","guid":{"rendered":"https:\/\/agora.xtec.cat\/cfacanovelles\/?p=5616"},"modified":"2026-01-19T14:46:44","modified_gmt":"2026-01-19T13:46:44","slug":"tema-4-como-somos","status":"publish","type":"post","link":"https:\/\/agora.xtec.cat\/cfacanovelles\/instrumental\/instrumental-4-mati\/tema-4-como-somos\/","title":{"rendered":"TEMA 4: C\u00d3MO SOMOS"},"content":{"rendered":"<p><span style=\"font-weight: 400;\">En aquest tema treballarem:<\/span><\/p>\n<p>&nbsp;<\/p>\n<p><span style=\"font-weight: 400;\">-La descripci\u00f3 f\u00edsica de les persones i de mi mateix<\/span><\/p>\n<p><span style=\"font-weight: 400;\">-Adjectius diversos que ens ajudin a descriure\u2019ns b\u00e9.<\/span><\/p>\n<p><span style=\"font-weight: 400;\">-El g\u00e8nere (mascul\u00ed i femen\u00ed) dels adjectius.<\/span><\/p>\n<p><span style=\"font-weight: 400;\">-El verb ser, portar, estar<\/span><\/p>\n<p><span style=\"font-weight: 400;\">-Les diferents parts del cos.<\/span><\/p>\n<p><span style=\"font-weight: 400;\">-Les peces de vestir.<\/span><\/p>\n<p><span style=\"font-weight: 400;\">-Els colors.<\/span><\/p>\n<p><span style=\"font-weight: 400;\">-Les emocions i com ens fan sentir.\u00a0<\/span><\/p>\n<p><span style=\"font-weight: 400;\">-Els ant\u00f2nims i els sin\u00f2nims dels adjectius treballats.<\/span><\/p>\n<p><span style=\"font-weight: 400;\">-Els articles determinats.\u00a0<\/span><\/p>\n<p><span style=\"font-weight: 400;\">-Les frases exclamatives i interrogatives.<\/span><\/p>\n<p>&nbsp;<\/p>\n<p>Vols comen\u00e7ar a practicar? Aqu\u00ed tens un exercici:<\/p>\n<p><a href=\"https:\/\/agora.xtec.cat\/cfacanovelles\/wp-content\/uploads\/usu1982\/2024\/11\/estats-danim.png\"><img loading=\"lazy\" decoding=\"async\" class=\"alignnone wp-image-5617\" src=\"https:\/\/agora.xtec.cat\/cfacanovelles\/wp-content\/uploads\/usu1982\/2024\/11\/estats-danim-799x1024.png\" alt=\"\" width=\"328\" height=\"420\" srcset=\"https:\/\/agora.xtec.cat\/cfacanovelles\/wp-content\/uploads\/usu1982\/2024\/11\/estats-danim-799x1024.png 799w, https:\/\/agora.xtec.cat\/cfacanovelles\/wp-content\/uploads\/usu1982\/2024\/11\/estats-danim-234x300.png 234w, https:\/\/agora.xtec.cat\/cfacanovelles\/wp-content\/uploads\/usu1982\/2024\/11\/estats-danim-768x985.png 768w, https:\/\/agora.xtec.cat\/cfacanovelles\/wp-content\/uploads\/usu1982\/2024\/11\/estats-danim.png 862w\" sizes=\"auto, (max-width: 328px) 100vw, 328px\" \/><\/a><\/p>\n<p><span style=\"font-weight: 400;\">Per aprendre m\u00e9s pots practicar vocabulari en estes p\u00e0gines: <\/span><\/p>\n<p><a href=\"https:\/\/aprenderespanol.org\/vocabulario\/alimentos-comida.html\">ALIMENTOS \u2013 COMIDA<\/a><br \/>\n<a href=\"https:\/\/aprenderespanol.org\/vocabulario\/cuerpo-humano-salud-emociones.html\">ESTADOS DE \u00c1NIMO<\/a><\/p>\n<p>&nbsp;<\/p>\n","protected":false},"excerpt":{"rendered":"<p>En aquest tema treballarem:<br \/>\n&nbsp;<br \/>\n-La descripci\u00f3 f\u00edsica de les persones i de mi mateix<br \/>\n-Adjectius diversos que ens ajudin a descriure\u2019ns b\u00e9.<br \/>\n-El g\u00e8nere (mascul\u00ed i femen\u00ed) dels adjectius.<br \/>\n-El verb ser, portar, estar<br \/>\n-Les diferents parts del cos.<br \/>\n-Les peces de vestir.<br \/>\n-Els colors.<br \/>\n-Les emocions i com ens fan sentir.\u00a0<br \/>\n-Els ant\u00f2nims&hellip;  <a href=\"https:\/\/agora.xtec.cat\/cfacanovelles\/instrumental\/instrumental-4-mati\/tema-4-como-somos\/\" title=\"Read TEMA 4: C\u00d3MO SOMOS\">Llegeix m\u00e9s\u00bb<\/a><\/p>\n","protected":false},"author":25,"featured_media":5617,"comment_status":"closed","ping_status":"closed","sticky":false,"template":"","format":"standard","meta":{"_bbp_topic_count":0,"_bbp_reply_count":0,"_bbp_total_topic_count":0,"_bbp_total_reply_count":0,"_bbp_voice_count":0,"_bbp_anonymous_reply_count":0,"_bbp_topic_count_hidden":0,"_bbp_reply_count_hidden":0,"_bbp_forum_subforum_count":0,"footnotes":""},"categories":[189],"tags":[],"class_list":["post-5616","post","type-post","status-publish","format-standard","has-post-thumbnail","hentry","category-instrumental-4-mati"],"post_mailing_queue_ids":[],"_links":{"self":[{"href":"https:\/\/agora.xtec.cat\/cfacanovelles\/wp-json\/wp\/v2\/posts\/5616","targetHints":{"allow":["GET"]}}],"collection":[{"href":"https:\/\/agora.xtec.cat\/cfacanovelles\/wp-json\/wp\/v2\/posts"}],"about":[{"href":"https:\/\/agora.xtec.cat\/cfacanovelles\/wp-json\/wp\/v2\/types\/post"}],"author":[{"embeddable":true,"href":"https:\/\/agora.xtec.cat\/cfacanovelles\/wp-json\/wp\/v2\/users\/25"}],"replies":[{"embeddable":true,"href":"https:\/\/agora.xtec.cat\/cfacanovelles\/wp-json\/wp\/v2\/comments?post=5616"}],"version-history":[{"count":2,"href":"https:\/\/agora.xtec.cat\/cfacanovelles\/wp-json\/wp\/v2\/posts\/5616\/revisions"}],"predecessor-version":[{"id":5619,"href":"https:\/\/agora.xtec.cat\/cfacanovelles\/wp-json\/wp\/v2\/posts\/5616\/revisions\/5619"}],"wp:featuredmedia":[{"embeddable":true,"href":"https:\/\/agora.xtec.cat\/cfacanovelles\/wp-json\/wp\/v2\/media\/5617"}],"wp:attachment":[{"href":"https:\/\/agora.xtec.cat\/cfacanovelles\/wp-json\/wp\/v2\/media?parent=5616"}],"wp:term":[{"taxonomy":"category","embeddable":true,"href":"https:\/\/agora.xtec.cat\/cfacanovelles\/wp-json\/wp\/v2\/categories?post=5616"},{"taxonomy":"post_tag","embeddable":true,"href":"https:\/\/agora.xtec.cat\/cfacanovelles\/wp-json\/wp\/v2\/tags?post=5616"}],"curies":[{"name":"wp","href":"https:\/\/api.w.org\/{rel}","templated":true}]}}