{"id":5581,"date":"2024-10-17T07:09:00","date_gmt":"2024-10-17T05:09:00","guid":{"rendered":"https:\/\/agora.xtec.cat\/cfacanovelles\/?p=5581"},"modified":"2024-10-17T07:09:23","modified_gmt":"2024-10-17T05:09:23","slug":"web-tema-3-que-fas-durant-el-dia","status":"publish","type":"post","link":"https:\/\/agora.xtec.cat\/cfacanovelles\/catala-2-mati\/web-tema-3-que-fas-durant-el-dia\/","title":{"rendered":"TEMA 3: QU\u00c8 FAS DURANT EL DIA?"},"content":{"rendered":"<p><span style=\"font-weight: 400;\">En aquesta unitat parlem de les coses que fem durant el dia (anar a fer enc\u00e0rrecs, treballar, hobbies, obligacions,&#8230;)<\/span><\/p>\n<p><span style=\"font-weight: 400;\">Tamb\u00e9 sobre qu\u00e8 fem a les diferents parts del dia (mat\u00ed, migdia, vespre, nit).<\/span><\/p>\n<p><span style=\"font-weight: 400;\">Al final de la unitat debatrem amb els companys sobre les coses que vosaltres feu durant el dia. Qu\u00e8 feu igual i qu\u00e8 feu diferent.<\/span><\/p>\n<p><a href=\"https:\/\/agora.xtec.cat\/cfacanovelles\/wp-content\/uploads\/usu1982\/2024\/10\/T3-Catala-que-fa-durant-el-dia.png\"><img loading=\"lazy\" decoding=\"async\" class=\"alignnone size-large wp-image-5582\" src=\"https:\/\/agora.xtec.cat\/cfacanovelles\/wp-content\/uploads\/usu1982\/2024\/10\/T3-Catala-que-fa-durant-el-dia-1024x405.png\" alt=\"\" width=\"1024\" height=\"405\" srcset=\"https:\/\/agora.xtec.cat\/cfacanovelles\/wp-content\/uploads\/usu1982\/2024\/10\/T3-Catala-que-fa-durant-el-dia-1024x405.png 1024w, https:\/\/agora.xtec.cat\/cfacanovelles\/wp-content\/uploads\/usu1982\/2024\/10\/T3-Catala-que-fa-durant-el-dia-300x119.png 300w, https:\/\/agora.xtec.cat\/cfacanovelles\/wp-content\/uploads\/usu1982\/2024\/10\/T3-Catala-que-fa-durant-el-dia-768x304.png 768w, https:\/\/agora.xtec.cat\/cfacanovelles\/wp-content\/uploads\/usu1982\/2024\/10\/T3-Catala-que-fa-durant-el-dia.png 1233w\" sizes=\"auto, (max-width: 1024px) 100vw, 1024px\" \/><\/a><\/p>\n<p>&nbsp;<\/p>\n<p><span style=\"font-weight: 400;\">VOLS APRENDRE M\u00c9S? PARCTICA LA SEG\u00dcENT COMPRENSI\u00d3 LECTORA:<\/span><\/p>\n<p><em><strong>Llegeix aquest text sobre la Sandra i contesta les preguntes<\/strong><\/em><\/p>\n<p><span style=\"font-weight: 400;\">La Sandra \u00e9s una alumna del Centre de Formaci\u00f3 d\u2019Adults. Ella \u00e9s del Per\u00fa i t\u00e9 20 anys.<\/span><\/p>\n<p><span style=\"font-weight: 400;\">Treballa en una parada de carn del mercat. A\u00a0 la feina despatxa la carn, cobra i prepara croquetes i canalons. Treballa de 7 del mat\u00ed a 3 de la tarda.<\/span><\/p>\n<p><span style=\"font-weight: 400;\">\u00c9s una noia m\u00e9s aviat baixeta. T\u00e9 els cabells molt negres i els ulls tamb\u00e9 negres. A la feina sempre porta els cabells recollits en una cua. De car\u00e0cter \u00e9s molt pacient, discreta i educada.<\/span><\/p>\n<p><span style=\"font-weight: 400;\">Viu en un pis al centre al centre del poble, al carrer de la Lluna, n\u00famero 57 2n 3a amb el seu oncle, la seva tia i els seus dos cosins. El seu carrer sempre est\u00e0 molt animat perqu\u00e8 hi ha botigues i bars.<\/span><\/p>\n<p><span style=\"font-weight: 400;\">Com que treballa fins a les tres sempre dina sola, per\u00f2 al vespre sopa amb la seva fam\u00edlia. Sopen a les nou del ve i la Sandra a les 10 ja va a dormir perqu\u00e8 cada dia es lleva a les 6.<\/span><\/p>\n<p>&nbsp;<\/p>\n<p><span style=\"font-weight: 400;\">1.On treballa la Sandra?<\/span><\/p>\n<p><span style=\"font-weight: 400;\">En una parada de carn del mercat.<\/span><\/p>\n<p><span style=\"font-weight: 400;\">En una carnisseria.<\/span><\/p>\n<p><span style=\"font-weight: 400;\">En un supermercat<\/span><\/p>\n<p><span style=\"font-weight: 400;\">2.Qu\u00e8 fa a la feina?<\/span><\/p>\n<p><span style=\"font-weight: 400;\">Despatxa i cobra.<\/span><\/p>\n<p><span style=\"font-weight: 400;\">Despatxa, cobra i prepara\u00a0 canalons.<\/span><\/p>\n<p><span style=\"font-weight: 400;\">Despatxa, cobra i prepara canalons i croquetes.<\/span><\/p>\n<p><span style=\"font-weight: 400;\">3.<\/span><span style=\"font-weight: 400;\">A quina hora comen\u00e7a a treballar la Sandra?<\/span><\/p>\n<p><span style=\"font-weight: 400;\">4.La Sandra \u00e9s\u2026<\/span><\/p>\n<p><span style=\"font-weight: 400;\">Pacient, educada i riallera.<\/span><\/p>\n<p><span style=\"font-weight: 400;\">Discreta, pacient i riallera.<\/span><\/p>\n<p><span style=\"font-weight: 400;\">Educada, discreta i pacient.<\/span><\/p>\n<p><span style=\"font-weight: 400;\">5.La Sandra viu<\/span><\/p>\n<p><span style=\"font-weight: 400;\">Al centre del poble.<\/span><\/p>\n<p><span style=\"font-weight: 400;\">A les afores del poble.<\/span><\/p>\n<p><span style=\"font-weight: 400;\">A prop del centre del poble.<\/span><\/p>\n<p><span style=\"font-weight: 400;\">6.Amb qui viu la Sandra?<\/span><\/p>\n<p><span style=\"font-weight: 400;\">7.La Sandra dina amb\u2026<\/span><\/p>\n<p><span style=\"font-weight: 400;\">Els seu oncle.<\/span><\/p>\n<p><span style=\"font-weight: 400;\">El seu oncle , la seva tia i els seus cosins.<\/span><\/p>\n<p><span style=\"font-weight: 400;\">Sola.<\/span><\/p>\n<p><span style=\"font-weight: 400;\">8.<\/span><span style=\"font-weight: 400;\">Per qu\u00e8 va a dormir a les 10 de la nit?<\/span><\/p>\n<p><span style=\"font-weight: 400;\">9.<\/span><span style=\"font-weight: 400;\">Quan va a l\u2019 Escola d\u2019 Adults, la Sandra?<\/span><\/p>\n","protected":false},"excerpt":{"rendered":"<p>En aquesta unitat parlem de les coses que fem durant el dia (anar a fer enc\u00e0rrecs, treballar, hobbies, obligacions,&#8230;)<br \/>\nTamb\u00e9 sobre qu\u00e8 fem a les diferents parts del dia (mat\u00ed, migdia, vespre, nit).<br \/>\nAl final de la unitat debatrem amb els companys sobre les coses que vosaltres&hellip;  <a href=\"https:\/\/agora.xtec.cat\/cfacanovelles\/catala-2-mati\/web-tema-3-que-fas-durant-el-dia\/\" title=\"Read TEMA 3: QU\u00c8 FAS DURANT EL DIA?\">Llegeix m\u00e9s\u00bb<\/a><\/p>\n","protected":false},"author":25,"featured_media":5582,"comment_status":"closed","ping_status":"closed","sticky":false,"template":"","format":"standard","meta":{"_bbp_topic_count":0,"_bbp_reply_count":0,"_bbp_total_topic_count":0,"_bbp_total_reply_count":0,"_bbp_voice_count":0,"_bbp_anonymous_reply_count":0,"_bbp_topic_count_hidden":0,"_bbp_reply_count_hidden":0,"_bbp_forum_subforum_count":0,"footnotes":""},"categories":[142],"tags":[],"class_list":["post-5581","post","type-post","status-publish","format-standard","has-post-thumbnail","hentry","category-catala-2-mati"],"post_mailing_queue_ids":[],"_links":{"self":[{"href":"https:\/\/agora.xtec.cat\/cfacanovelles\/wp-json\/wp\/v2\/posts\/5581","targetHints":{"allow":["GET"]}}],"collection":[{"href":"https:\/\/agora.xtec.cat\/cfacanovelles\/wp-json\/wp\/v2\/posts"}],"about":[{"href":"https:\/\/agora.xtec.cat\/cfacanovelles\/wp-json\/wp\/v2\/types\/post"}],"author":[{"embeddable":true,"href":"https:\/\/agora.xtec.cat\/cfacanovelles\/wp-json\/wp\/v2\/users\/25"}],"replies":[{"embeddable":true,"href":"https:\/\/agora.xtec.cat\/cfacanovelles\/wp-json\/wp\/v2\/comments?post=5581"}],"version-history":[{"count":2,"href":"https:\/\/agora.xtec.cat\/cfacanovelles\/wp-json\/wp\/v2\/posts\/5581\/revisions"}],"predecessor-version":[{"id":5584,"href":"https:\/\/agora.xtec.cat\/cfacanovelles\/wp-json\/wp\/v2\/posts\/5581\/revisions\/5584"}],"wp:featuredmedia":[{"embeddable":true,"href":"https:\/\/agora.xtec.cat\/cfacanovelles\/wp-json\/wp\/v2\/media\/5582"}],"wp:attachment":[{"href":"https:\/\/agora.xtec.cat\/cfacanovelles\/wp-json\/wp\/v2\/media?parent=5581"}],"wp:term":[{"taxonomy":"category","embeddable":true,"href":"https:\/\/agora.xtec.cat\/cfacanovelles\/wp-json\/wp\/v2\/categories?post=5581"},{"taxonomy":"post_tag","embeddable":true,"href":"https:\/\/agora.xtec.cat\/cfacanovelles\/wp-json\/wp\/v2\/tags?post=5581"}],"curies":[{"name":"wp","href":"https:\/\/api.w.org\/{rel}","templated":true}]}}