{"id":5478,"date":"2025-10-08T21:04:24","date_gmt":"2025-10-08T19:04:24","guid":{"rendered":"https:\/\/agora.xtec.cat\/cfacanovelles\/?p=5478"},"modified":"2025-10-11T17:51:28","modified_gmt":"2025-10-11T15:51:28","slug":"tema-1-ens-presentem","status":"publish","type":"post","link":"https:\/\/agora.xtec.cat\/cfacanovelles\/instrumental\/instrumental-4-mati\/tema-1-ens-presentem\/","title":{"rendered":"Tema 1: ENS PRESENTEM I ENS CONEIXEM"},"content":{"rendered":"<p>TEMA 1: ENS PRESENTEM I ENS CONEIXEM<\/p>\n<p>-L&#8217;alfabet o l&#8217;abecedari<\/p>\n<p>-El nom de les lletres<\/p>\n<p>-Els d\u00edgrafs<\/p>\n<p>-D\u00edgrafs que es separen i d\u00edgrafs que no es separen<\/p>\n<p>-L&#8217;ordre alfabetic de les paraules<\/p>\n<p>&nbsp;<\/p>\n<blockquote class=\"wp-embedded-content\" data-secret=\"5RaCdiBp9E\"><p><a href=\"https:\/\/www.auladecatala.com\/alfabet\/\">L&#8217;alfabet i els d\u00edgrafs<\/a><\/p><\/blockquote>\n<p><iframe loading=\"lazy\" class=\"wp-embedded-content\" sandbox=\"allow-scripts\" security=\"restricted\" style=\"position: absolute; visibility: hidden;\" title=\"&#8220;L&#8217;alfabet i els d\u00edgrafs&#8221; &#8212; Aula de catal\u00e0\" src=\"https:\/\/www.auladecatala.com\/alfabet\/embed\/#?secret=5RaCdiBp9E\" data-secret=\"5RaCdiBp9E\" width=\"500\" height=\"282\" frameborder=\"0\" marginwidth=\"0\" marginheight=\"0\" scrolling=\"no\"><\/iframe><\/p>\n<p><span style=\"font-weight: 400;\">Practiquem la presentaci\u00f3:\u00a0<\/span><\/p>\n<p><b>Em dic<\/b><span style=\"font-weight: 400;\"> Montserrat i el meu cognom \u00e9s Lacbili. <\/span><b>S\u00f3c<\/b><span style=\"font-weight: 400;\"> de Granollers (prov\u00edncia de Barcelona) i <\/span><b>visc<\/b><span style=\"font-weight: 400;\"> a l\u2019Escala, <\/span><b>a prop de<\/b><span style=\"font-weight: 400;\"> Figueres i <\/span><b>lluny de<\/b><span style=\"font-weight: 400;\"> Tarragona\u2026 <\/span><b>\u00a0El meu<\/b><span style=\"font-weight: 400;\"> color preferit \u00e9s el turquesa i <\/span><b>la meva<\/b><span style=\"font-weight: 400;\"> llengua materna \u00e9s el catal\u00e0. <\/span><b>M\u2019agrada<\/b><span style=\"font-weight: 400;\"> molt cantar i tamb\u00e9 anar al gimn\u00e0s. <\/span><b>No m\u2019agrada<\/b><span style=\"font-weight: 400;\"> la nata.<\/span><\/p>\n<p>I&#8230;tu qui ets? Et presentes?<\/p>\n<p><strong><em>PRACTIQUEM LA COMPET\u00c8NCIA DIGITAL<\/em><\/strong>: ENVIA UN EMAIL A LA TEVA PROFESSORA PER A PRESENTAR-TE.<\/p>\n<p>LA FAM\u00cdLIA: Dibuixem el nostre arbre geneal\u00f2gic.<\/p>\n<p><iframe loading=\"lazy\" title=\"El vocabulari de la fam\u00edlia\" width=\"500\" height=\"281\" src=\"https:\/\/www.youtube.com\/embed\/NRoy7J3gt1g?feature=oembed\" frameborder=\"0\" allow=\"accelerometer; autoplay; clipboard-write; encrypted-media; gyroscope; picture-in-picture; web-share\" referrerpolicy=\"strict-origin-when-cross-origin\" allowfullscreen><\/iframe><\/p>\n<p>&nbsp;<\/p>\n<p>Pregunta als teus companys el qu\u00e8 hem treballat en aquest tema: Com es diuen?, D&#8217;on son? Qu\u00e8 els hi agrada&#8230;?<\/p>\n","protected":false},"excerpt":{"rendered":"<p>TEMA 1: ENS PRESENTEM I ENS CONEIXEM<br \/>\n-L&#8217;alfabet o l&#8217;abecedari<br \/>\n-El nom de les lletres<br \/>\n-Els d\u00edgrafs<br \/>\n-D\u00edgrafs que es separen i d\u00edgrafs que no es separen<br \/>\n-L&#8217;ordre alfabetic de les paraules<br \/>\n&nbsp;<br \/>\n<a href=\"https:\/\/www.auladecatala.com\/alfabet\/\">L&#8217;alfabet i els d\u00edgrafs<\/a><\/p>\n<p>Practiquem la presentaci\u00f3:\u00a0<br \/>\nEm dic Montserrat i el meu cognom \u00e9s Lacbili. S\u00f3c de Granollers (prov\u00edncia&hellip;  <a href=\"https:\/\/agora.xtec.cat\/cfacanovelles\/instrumental\/instrumental-4-mati\/tema-1-ens-presentem\/\" title=\"Read Tema 1: ENS PRESENTEM I ENS CONEIXEM\">Llegeix m\u00e9s\u00bb<\/a><\/p>\n","protected":false},"author":25,"featured_media":5485,"comment_status":"closed","ping_status":"closed","sticky":false,"template":"","format":"standard","meta":{"_bbp_topic_count":0,"_bbp_reply_count":0,"_bbp_total_topic_count":0,"_bbp_total_reply_count":0,"_bbp_voice_count":0,"_bbp_anonymous_reply_count":0,"_bbp_topic_count_hidden":0,"_bbp_reply_count_hidden":0,"_bbp_forum_subforum_count":0,"footnotes":""},"categories":[189],"tags":[203],"class_list":["post-5478","post","type-post","status-publish","format-standard","has-post-thumbnail","hentry","category-instrumental-4-mati","tag-instrumental4"],"post_mailing_queue_ids":[],"_links":{"self":[{"href":"https:\/\/agora.xtec.cat\/cfacanovelles\/wp-json\/wp\/v2\/posts\/5478","targetHints":{"allow":["GET"]}}],"collection":[{"href":"https:\/\/agora.xtec.cat\/cfacanovelles\/wp-json\/wp\/v2\/posts"}],"about":[{"href":"https:\/\/agora.xtec.cat\/cfacanovelles\/wp-json\/wp\/v2\/types\/post"}],"author":[{"embeddable":true,"href":"https:\/\/agora.xtec.cat\/cfacanovelles\/wp-json\/wp\/v2\/users\/25"}],"replies":[{"embeddable":true,"href":"https:\/\/agora.xtec.cat\/cfacanovelles\/wp-json\/wp\/v2\/comments?post=5478"}],"version-history":[{"count":7,"href":"https:\/\/agora.xtec.cat\/cfacanovelles\/wp-json\/wp\/v2\/posts\/5478\/revisions"}],"predecessor-version":[{"id":6295,"href":"https:\/\/agora.xtec.cat\/cfacanovelles\/wp-json\/wp\/v2\/posts\/5478\/revisions\/6295"}],"wp:featuredmedia":[{"embeddable":true,"href":"https:\/\/agora.xtec.cat\/cfacanovelles\/wp-json\/wp\/v2\/media\/5485"}],"wp:attachment":[{"href":"https:\/\/agora.xtec.cat\/cfacanovelles\/wp-json\/wp\/v2\/media?parent=5478"}],"wp:term":[{"taxonomy":"category","embeddable":true,"href":"https:\/\/agora.xtec.cat\/cfacanovelles\/wp-json\/wp\/v2\/categories?post=5478"},{"taxonomy":"post_tag","embeddable":true,"href":"https:\/\/agora.xtec.cat\/cfacanovelles\/wp-json\/wp\/v2\/tags?post=5478"}],"curies":[{"name":"wp","href":"https:\/\/api.w.org\/{rel}","templated":true}]}}