{"id":5218,"date":"2024-02-01T16:49:49","date_gmt":"2024-02-01T15:49:49","guid":{"rendered":"https:\/\/agora.xtec.cat\/cfacanovelles\/?p=5218"},"modified":"2025-09-17T17:05:58","modified_gmt":"2025-09-17T15:05:58","slug":"unidad-4-la-comida","status":"publish","type":"post","link":"https:\/\/agora.xtec.cat\/cfacanovelles\/castella-2-tarda\/unidad-4-la-comida\/","title":{"rendered":"Pret\u00e9rito Imperfecto \/ Pret\u00e9rito Indefinido"},"content":{"rendered":"<div style=\"width: 100%;\">\n<div style=\"text-align: left;\">El pr\u00f3ximo 23 de abril es Sant Jordi. Aqu\u00ed ten\u00e9is la historia, que seguro que os gustar\u00e1 mucho, pero se han borrado los verbos. \u00bfPod\u00e9is escribirlos en la forma correcta del pasado?<\/div>\n<\/div>\n<div><\/div>\n<div><\/div>\n<div><\/div>\n<p>&nbsp;<\/p>\n<div style=\"width: 100%;\">\n<div style=\"position: relative; padding-bottom: 69.87%; padding-top: 0; height: 0;\"><iframe loading=\"lazy\" style=\"position: absolute; top: 0; left: 0; width: 100%; height: 100%;\" title=\"Sant Jordi (reducido)\" src=\"https:\/\/view.genial.ly\/621fe1306c0372001916304f\" width=\"634\" height=\"443\" frameborder=\"0\" scrolling=\"yes\" allowfullscreen=\"allowfullscreen\"><\/iframe><\/div>\n<\/div>\n","protected":false},"excerpt":{"rendered":"<p>El pr\u00f3ximo 23 de abril es Sant Jordi. Aqu\u00ed ten\u00e9is la historia, que seguro que os gustar\u00e1 mucho, pero se han borrado los verbos. \u00bfPod\u00e9is escribirlos en la forma correcta del pasado?<\/p>\n<p>&nbsp;<\/p>\n","protected":false},"author":19,"featured_media":0,"comment_status":"open","ping_status":"closed","sticky":false,"template":"","format":"standard","meta":{"_bbp_topic_count":0,"_bbp_reply_count":0,"_bbp_total_topic_count":0,"_bbp_total_reply_count":0,"_bbp_voice_count":0,"_bbp_anonymous_reply_count":0,"_bbp_topic_count_hidden":0,"_bbp_reply_count_hidden":0,"_bbp_forum_subforum_count":0,"footnotes":""},"categories":[145],"tags":[],"class_list":["post-5218","post","type-post","status-publish","format-standard","hentry","category-castella-2-tarda"],"post_mailing_queue_ids":[],"_links":{"self":[{"href":"https:\/\/agora.xtec.cat\/cfacanovelles\/wp-json\/wp\/v2\/posts\/5218","targetHints":{"allow":["GET"]}}],"collection":[{"href":"https:\/\/agora.xtec.cat\/cfacanovelles\/wp-json\/wp\/v2\/posts"}],"about":[{"href":"https:\/\/agora.xtec.cat\/cfacanovelles\/wp-json\/wp\/v2\/types\/post"}],"author":[{"embeddable":true,"href":"https:\/\/agora.xtec.cat\/cfacanovelles\/wp-json\/wp\/v2\/users\/19"}],"replies":[{"embeddable":true,"href":"https:\/\/agora.xtec.cat\/cfacanovelles\/wp-json\/wp\/v2\/comments?post=5218"}],"version-history":[{"count":5,"href":"https:\/\/agora.xtec.cat\/cfacanovelles\/wp-json\/wp\/v2\/posts\/5218\/revisions"}],"predecessor-version":[{"id":5313,"href":"https:\/\/agora.xtec.cat\/cfacanovelles\/wp-json\/wp\/v2\/posts\/5218\/revisions\/5313"}],"wp:attachment":[{"href":"https:\/\/agora.xtec.cat\/cfacanovelles\/wp-json\/wp\/v2\/media?parent=5218"}],"wp:term":[{"taxonomy":"category","embeddable":true,"href":"https:\/\/agora.xtec.cat\/cfacanovelles\/wp-json\/wp\/v2\/categories?post=5218"},{"taxonomy":"post_tag","embeddable":true,"href":"https:\/\/agora.xtec.cat\/cfacanovelles\/wp-json\/wp\/v2\/tags?post=5218"}],"curies":[{"name":"wp","href":"https:\/\/api.w.org\/{rel}","templated":true}]}}