{"id":4951,"date":"2023-09-26T14:28:00","date_gmt":"2023-09-26T12:28:00","guid":{"rendered":"https:\/\/agora.xtec.cat\/cfacanovelles\/?p=4951"},"modified":"2023-11-13T08:53:30","modified_gmt":"2023-11-13T07:53:30","slug":"la-cronica-periodistica","status":"publish","type":"post","link":"https:\/\/agora.xtec.cat\/cfacanovelles\/llengua-catalana-iii\/la-cronica-periodistica\/","title":{"rendered":"Unitat 3. La cr\u00f2nica period\u00edstica"},"content":{"rendered":"<h4>LA CR\u00d2NICA PERIOD\u00cdSTICA<\/h4>\n<p><img loading=\"lazy\" decoding=\"async\" class=\"aligncenter\" src=\"https:\/\/docs.google.com\/drawings\/d\/e\/2PACX-1vTz2-c_C17yaDkqL2AUX4uj46vXEt45oR9vcpSuW-2cK5SinvzXr9x_EdHgmB0ovbtMh6_mJx7yrncl\/pub?w=1440&amp;h=1080\" width=\"1004\" height=\"753\" \/><\/p>\n<p>&nbsp;<\/p>\n<h4>Mireu aquest v\u00eddeo sobre els substantius<\/h4>\n<p><iframe loading=\"lazy\" title=\"YouTube video player\" src=\"https:\/\/www.youtube.com\/embed\/f2xbiSgfh5c?si=ajLkCJf0-1IBX6jN\" width=\"560\" height=\"315\" frameborder=\"0\" allowfullscreen=\"allowfullscreen\"><\/iframe><\/p>\n<p><a href=\"https:\/\/www.liveworksheets.com\/w\/ca\/llengua-catalana\/491336\" target=\"_blank\" rel=\"noopener\">Per practicar els substantius 1<\/a><\/p>\n<p><a href=\"http:\/\/enxaneta.info\/activitats\/femeni\/16\/0\" target=\"_blank\" rel=\"noopener\">Per practicar els substantius 2<\/a><\/p>\n<p>&nbsp;<\/p>\n<h4>Mireu aquest v\u00eddeo sobre els determinants<\/h4>\n<p>&nbsp;<\/p>\n<p><iframe loading=\"lazy\" title=\"YouTube video player\" src=\"https:\/\/www.youtube.com\/embed\/NhzBk_7EHDI?si=TUikK1oQpH89d-d1\" width=\"560\" height=\"315\" frameborder=\"0\" allowfullscreen=\"allowfullscreen\"><\/iframe><\/p>\n<p>&nbsp;<\/p>\n<p><a href=\"https:\/\/www.thatquiz.org\/ca\/practicetest?1dxfjdrrz62ne\" target=\"_blank\" rel=\"noopener\">Per practicar els determinants<\/a><\/p>\n<h4>Mireu aquest v\u00eddeo sobre el complement del nom<\/h4>\n<p>&nbsp;<\/p>\n<p><iframe loading=\"lazy\" title=\"YouTube video player\" src=\"https:\/\/www.youtube.com\/embed\/MrUiEPTqkXg?si=JrJ_9tmzNPnHfYv9\" width=\"560\" height=\"315\" frameborder=\"0\" allowfullscreen=\"allowfullscreen\"><\/iframe><\/p>\n<p>&nbsp;<\/p>\n<p><a href=\"https:\/\/www.liveworksheets.com\/w\/ca\/llengua-catalana\/768403\" target=\"_blank\" rel=\"noopener\">Per practicar el complement del nom<\/a><\/p>\n<h3>Ara fes les activitats del formulari<\/h3>\n<p>&nbsp;<\/p>\n<p><iframe loading=\"lazy\" src=\"https:\/\/docs.google.com\/forms\/d\/e\/1FAIpQLScD24mBXKkd7tE7tzsdsUO7S6DFpJ3azu5ceuXjRXKjbJUJDQ\/viewform?embedded=true\" width=\"640\" height=\"3497\" frameborder=\"0\" marginwidth=\"0\" marginheight=\"0\">S&#8217;est\u00e0 carregant\u2026<\/iframe><\/p>\n","protected":false},"excerpt":{"rendered":"<p>LA CR\u00d2NICA PERIOD\u00cdSTICA<\/p>\n<p>&nbsp;<br \/>\nMireu aquest v\u00eddeo sobre els substantius<\/p>\n<p><a href=\"https:\/\/www.liveworksheets.com\/w\/ca\/llengua-catalana\/491336\" target=\"_blank\" rel=\"noopener\">Per practicar els substantius 1<\/a><br \/>\n<a href=\"http:\/\/enxaneta.info\/activitats\/femeni\/16\/0\" target=\"_blank\" rel=\"noopener\">Per practicar els substantius 2<\/a><br \/>\n&nbsp;<br \/>\nMireu aquest v\u00eddeo sobre els determinants<br \/>\n&nbsp;<\/p>\n<p>&nbsp;<br \/>\n<a href=\"https:\/\/www.thatquiz.org\/ca\/practicetest?1dxfjdrrz62ne\" target=\"_blank\" rel=\"noopener\">Per practicar els determinants<\/a><br \/>\nMireu aquest v\u00eddeo sobre el complement del nom<br \/>\n&nbsp;<\/p>\n<p>&nbsp;<br \/>\n<a href=\"https:\/\/www.liveworksheets.com\/w\/ca\/llengua-catalana\/768403\" target=\"_blank\" rel=\"noopener\">Per practicar el&hellip;  <a href=\"https:\/\/agora.xtec.cat\/cfacanovelles\/llengua-catalana-iii\/la-cronica-periodistica\/\" title=\"Read Unitat 3. La cr\u00f2nica period\u00edstica\">Llegeix m\u00e9s\u00bb<\/a><\/p>\n","protected":false},"author":4,"featured_media":0,"comment_status":"open","ping_status":"closed","sticky":false,"template":"","format":"standard","meta":{"_bbp_topic_count":0,"_bbp_reply_count":0,"_bbp_total_topic_count":0,"_bbp_total_reply_count":0,"_bbp_voice_count":0,"_bbp_anonymous_reply_count":0,"_bbp_topic_count_hidden":0,"_bbp_reply_count_hidden":0,"_bbp_forum_subforum_count":0,"footnotes":""},"categories":[131],"tags":[],"class_list":["post-4951","post","type-post","status-publish","format-standard","hentry","category-llengua-catalana-iii"],"post_mailing_queue_ids":[],"_links":{"self":[{"href":"https:\/\/agora.xtec.cat\/cfacanovelles\/wp-json\/wp\/v2\/posts\/4951","targetHints":{"allow":["GET"]}}],"collection":[{"href":"https:\/\/agora.xtec.cat\/cfacanovelles\/wp-json\/wp\/v2\/posts"}],"about":[{"href":"https:\/\/agora.xtec.cat\/cfacanovelles\/wp-json\/wp\/v2\/types\/post"}],"author":[{"embeddable":true,"href":"https:\/\/agora.xtec.cat\/cfacanovelles\/wp-json\/wp\/v2\/users\/4"}],"replies":[{"embeddable":true,"href":"https:\/\/agora.xtec.cat\/cfacanovelles\/wp-json\/wp\/v2\/comments?post=4951"}],"version-history":[{"count":4,"href":"https:\/\/agora.xtec.cat\/cfacanovelles\/wp-json\/wp\/v2\/posts\/4951\/revisions"}],"predecessor-version":[{"id":4977,"href":"https:\/\/agora.xtec.cat\/cfacanovelles\/wp-json\/wp\/v2\/posts\/4951\/revisions\/4977"}],"wp:attachment":[{"href":"https:\/\/agora.xtec.cat\/cfacanovelles\/wp-json\/wp\/v2\/media?parent=4951"}],"wp:term":[{"taxonomy":"category","embeddable":true,"href":"https:\/\/agora.xtec.cat\/cfacanovelles\/wp-json\/wp\/v2\/categories?post=4951"},{"taxonomy":"post_tag","embeddable":true,"href":"https:\/\/agora.xtec.cat\/cfacanovelles\/wp-json\/wp\/v2\/tags?post=4951"}],"curies":[{"name":"wp","href":"https:\/\/api.w.org\/{rel}","templated":true}]}}