{"id":4343,"date":"2022-09-17T19:11:50","date_gmt":"2022-09-17T17:11:50","guid":{"rendered":"https:\/\/agora.xtec.cat\/cfacanovelles\/?p=4343"},"modified":"2023-10-13T07:27:03","modified_gmt":"2023-10-13T05:27:03","slug":"unitat-2-el-microrelat","status":"publish","type":"post","link":"https:\/\/agora.xtec.cat\/cfacanovelles\/llengua-catalana-iii\/unitat-2-el-microrelat\/","title":{"rendered":"Unitat 2. El microrelat"},"content":{"rendered":"<h3 style=\"text-align: center;\"><span style=\"text-decoration: underline;\"><strong>EL MICRORELAT<\/strong><\/span><\/h3>\n<p>Un\u00a0<b>microconte<\/b>\u00a0o\u00a0<b>microrelat<\/b>\u00a0\u00e9s un\u00a0<a title=\"Conte\" href=\"https:\/\/ca.wikipedia.org\/wiki\/Conte\">conte<\/a>\u00a0molt breu, amb una extensi\u00f3 m\u00e0xima al voltant de 750 car\u00e0cters o 10 l\u00ednies de text. Mentre que els contes habituals consten d&#8217;una\u00a0<a title=\"Narraci\u00f3\" href=\"https:\/\/ca.wikipedia.org\/wiki\/Narraci%C3%B3\">narraci\u00f3<\/a> breu d&#8217;un fet o d&#8217;una s\u00e8rie de fet reals o ficticis amb una tend\u00e8ncia evident cap a la fantasia i cap a l&#8217;enginy, el microconte presenta aquestes caracter\u00edstiques per\u00f2 portades a l&#8217;extrem.<\/p>\n<p><img loading=\"lazy\" decoding=\"async\" class=\"aligncenter\" src=\"https:\/\/docs.google.com\/drawings\/d\/e\/2PACX-1vRzQUrzSPui-loBjob5aLww01IQmXnWwQfd_r9R0oJSzxkjCzxLdaoraaOATogpgP8j0jKzd9HGEoSc\/pub?w=1440&amp;h=1080\" alt=\"\" width=\"434\" height=\"326\" \/><\/p>\n<p>El microconte \u00e9s un text literari narratiu que es caracteritza per la brevetat de contingut, \u00e9s conc\u00eds i d&#8217;una gran intensitat expressiva, com un veritable extracte que presenta l&#8217;ess\u00e8ncia d&#8217;una hist\u00f2ria. Aquest breu relat t\u00e9 una enorme capacitat suggeridora, textualment diu poc i narrativament condensa molt.<\/p>\n<h4><a href=\"https:\/\/petiteshistories.wordpress.com\/category\/microrelats\/\" target=\"_blank\" rel=\"noopener\">Exemples de microrelats<\/a><\/h4>\n<p>&nbsp;<\/p>\n<p><img decoding=\"async\" src=\"https:\/\/docs.google.com\/drawings\/d\/e\/2PACX-1vQ9L6FKnw7izdP2Oz4s5GxFTWm2TqAv8Ai5lSOJMazUDfngACOy8pA_H5DJiwEINLKy2VJeNyHvcDC9\/pub?w=1440&amp;h=1080\" \/><\/p>\n<h3>Exercicis d&#8217;adjectius<\/h3>\n<p><a href=\"https:\/\/exerciciscatala.cat\/html\/adj.html\" target=\"_blank\" rel=\"noopener\">Adjectius 1<\/a><\/p>\n<p><a href=\"http:\/\/enxaneta.info\/activitats\/adjectiu-masculi\/22\" target=\"_blank\" rel=\"noopener\">Adjectius 2<\/a><\/p>\n<p><a href=\"https:\/\/es.educaplay.com\/recursos-educativos\/727542-graus_de_l_adjectiu.html\" target=\"_blank\" rel=\"noopener\">Graus adjectiu<\/a><\/p>\n<p>&nbsp;<\/p>\n<h3 style=\"text-align: center;\"><span style=\"text-decoration: underline;\"><strong>LA DI\u00c8RESI<\/strong><\/span><\/h3>\n<p>&nbsp;<\/p>\n<p>La di\u00e8resi \u00e9s un signe gr\u00e0fic que es fa servir per indicar que:<\/p>\n<ul style=\"list-style-type: square;\">\n<li>Cal pronunciar la <strong>u<\/strong> dels grups <strong>gue, gui, que<\/strong> i <strong>qui,<\/strong> ja que si no hi ha di\u00e8resi no es pronuncia (guerra, quil\u00f2metre):<br \/>\nelo<strong>q\u00fce<\/strong>nt, <strong>q\u00fce<\/strong>sti\u00f3, se<strong>g\u00fce<\/strong>nt, ai<strong>g\u00fc<\/strong>es, lin<strong>g\u00fci<\/strong>sta\u2026<\/li>\n<\/ul>\n<p>&nbsp;<\/p>\n<ul style=\"list-style-type: square;\">\n<li>Cal pronunciar en s\u00edl\u00b7labes diferents dues vocals que podrien fer diftong i no en fan. En aquest cas, per tant, formen un hiat, i posem la di\u00e8resi a la vocal feble, <strong>i<\/strong> o <strong>u<\/strong>:<br \/>\nra<strong>\u00ef<\/strong>m, ve<strong>\u00ef<\/strong>na, ro<strong>\u00ef<\/strong>ns, lla<strong>\u00fc<\/strong>t, pe<strong>\u00fc<\/strong>c, di<strong>\u00fc<\/strong>rn\u2026<\/li>\n<\/ul>\n<p>&nbsp;<\/p>\n<p>Ara b\u00e9, si la paraula ha de dur accent segons les normes d\u2019accentuaci\u00f3, sempre l\u2019accentuarem i no hi posarem di\u00e8resi. Per tant, escriurem amb accent Llu<strong>\u00ed<\/strong>s, pa<strong>\u00ed<\/strong>s, su<strong>\u00ed<\/strong>s, per\u00f2 escriurem amb di\u00e8resi Llu<strong>\u00ef<\/strong>sa, pa<strong>\u00ef<\/strong>sos i su<strong>\u00ef<\/strong>ssos.<\/p>\n<p>Cal recordar que si en un mot hi ha dues vocals juntes que no formen diftong, tampoc no en formaran en els seus derivats. Aix\u00ed, per exemple, la paraula <strong>rei<\/strong> fa diftong, per\u00f2 no en fa la paraula <strong>ve\u00ed<\/strong>, ja que pronunciem les dues vocals en s\u00edl\u00b7labes diferents. D&#8217;acord amb el que acabem de dir, doncs, no faran diftong els derivats d\u2019aquesta paraula, i per tant, tindrem ve<strong>\u00ef<\/strong>ns, ve<strong>\u00ef<\/strong>nat, ve<strong>\u00ef<\/strong>natge, amb di\u00e8resi perqu\u00e8 d\u2019acord amb les normes d&#8217;accentuaci\u00f3 no s\u2019han d&#8217;accentuar.<\/p>\n<p>Cal anar amb compte de fer servir els signes adequats en cada cas: accent si es pot d\u2019acord amb les normes d&#8217;accentuaci\u00f3 i di\u00e8resi si no es pot posar accent, segons la posici\u00f3 i la terminaci\u00f3 de la paraula, seguint les normes d\u2019accentuaci\u00f3.<\/p>\n<h3>Exercicis de la di\u00e8resi<\/h3>\n<p><a href=\"http:\/\/enxaneta.info\/activitats\/dieresi\/6\/0\" target=\"_blank\" rel=\"noopener\">Di\u00e8resi 1<\/a><\/p>\n<p><a href=\"https:\/\/es.liveworksheets.com\/worksheets\/ca\/Llengua_catalana\/La_di%C3%A8resi_\/Examen_di%C3%A8resi_2n_ESO_bj701622jy\" target=\"_blank\" rel=\"noopener\">Di\u00e8resi 2<\/a><\/p>\n<p>&nbsp;<\/p>\n<h3>Ara fes les activitats del formulari<\/h3>\n<p><iframe loading=\"lazy\" src=\"https:\/\/docs.google.com\/forms\/d\/e\/1FAIpQLSf4WuCAU52qegzFsfurucbPHjbRQGn049wkB35Wh08CcyjJlw\/viewform?embedded=true\" width=\"640\" height=\"5445\" frameborder=\"0\" marginwidth=\"0\" marginheight=\"0\">S&#8217;est\u00e0 carregant\u2026<\/iframe><\/p>\n","protected":false},"excerpt":{"rendered":"<p>EL MICRORELAT<br \/>\nUn\u00a0microconte\u00a0o\u00a0microrelat\u00a0\u00e9s un\u00a0<a title=\"Conte\" href=\"https:\/\/ca.wikipedia.org\/wiki\/Conte\">conte<\/a>\u00a0molt breu, amb una extensi\u00f3 m\u00e0xima al voltant de 750 car\u00e0cters o 10 l\u00ednies de text. Mentre que els contes habituals consten d&#8217;una\u00a0<a title=\"Narraci\u00f3\" href=\"https:\/\/ca.wikipedia.org\/wiki\/Narraci%C3%B3\">narraci\u00f3<\/a> breu d&#8217;un fet o d&#8217;una s\u00e8rie de fet reals o ficticis amb una tend\u00e8ncia evident cap&hellip;  <a href=\"https:\/\/agora.xtec.cat\/cfacanovelles\/llengua-catalana-iii\/unitat-2-el-microrelat\/\" title=\"Read Unitat 2. El microrelat\">Llegeix m\u00e9s\u00bb<\/a><\/p>\n","protected":false},"author":4,"featured_media":0,"comment_status":"open","ping_status":"closed","sticky":false,"template":"","format":"standard","meta":{"_bbp_topic_count":0,"_bbp_reply_count":0,"_bbp_total_topic_count":0,"_bbp_total_reply_count":0,"_bbp_voice_count":0,"_bbp_anonymous_reply_count":0,"_bbp_topic_count_hidden":0,"_bbp_reply_count_hidden":0,"_bbp_forum_subforum_count":0,"footnotes":""},"categories":[131],"tags":[],"class_list":["post-4343","post","type-post","status-publish","format-standard","hentry","category-llengua-catalana-iii"],"post_mailing_queue_ids":[],"_links":{"self":[{"href":"https:\/\/agora.xtec.cat\/cfacanovelles\/wp-json\/wp\/v2\/posts\/4343","targetHints":{"allow":["GET"]}}],"collection":[{"href":"https:\/\/agora.xtec.cat\/cfacanovelles\/wp-json\/wp\/v2\/posts"}],"about":[{"href":"https:\/\/agora.xtec.cat\/cfacanovelles\/wp-json\/wp\/v2\/types\/post"}],"author":[{"embeddable":true,"href":"https:\/\/agora.xtec.cat\/cfacanovelles\/wp-json\/wp\/v2\/users\/4"}],"replies":[{"embeddable":true,"href":"https:\/\/agora.xtec.cat\/cfacanovelles\/wp-json\/wp\/v2\/comments?post=4343"}],"version-history":[{"count":4,"href":"https:\/\/agora.xtec.cat\/cfacanovelles\/wp-json\/wp\/v2\/posts\/4343\/revisions"}],"predecessor-version":[{"id":4363,"href":"https:\/\/agora.xtec.cat\/cfacanovelles\/wp-json\/wp\/v2\/posts\/4343\/revisions\/4363"}],"wp:attachment":[{"href":"https:\/\/agora.xtec.cat\/cfacanovelles\/wp-json\/wp\/v2\/media?parent=4343"}],"wp:term":[{"taxonomy":"category","embeddable":true,"href":"https:\/\/agora.xtec.cat\/cfacanovelles\/wp-json\/wp\/v2\/categories?post=4343"},{"taxonomy":"post_tag","embeddable":true,"href":"https:\/\/agora.xtec.cat\/cfacanovelles\/wp-json\/wp\/v2\/tags?post=4343"}],"curies":[{"name":"wp","href":"https:\/\/api.w.org\/{rel}","templated":true}]}}