{"id":3972,"date":"2022-02-06T19:47:12","date_gmt":"2022-02-06T18:47:12","guid":{"rendered":"https:\/\/agora.xtec.cat\/cfacanovelles\/?p=3972"},"modified":"2022-02-14T16:46:01","modified_gmt":"2022-02-14T15:46:01","slug":"anem-a-comprar-al-mercat","status":"publish","type":"post","link":"https:\/\/agora.xtec.cat\/cfacanovelles\/instrumental\/instrumental-2-tarda\/anem-a-comprar-al-mercat\/","title":{"rendered":"Anem a comprar al mercat"},"content":{"rendered":"<p>Avui aprendrem qu\u00e8 hem de dir quan anem a comprar.<\/p>\n<p>Per veure el v\u00eddeo clica l&#8217;enlla\u00e7:<\/p>\n<p><a href=\"https:\/\/www.youtube.com\/watch?v=fv75pdp3CuE&amp;t=8s\">https:\/\/www.youtube.com\/watch?v=fv75pdp3CuE&amp;t=8s<\/a><\/p>\n<p>Despr\u00e9s de veure el v\u00eddeo haur\u00e0s d&#8217;omplir els espais dels di\u00e0legs que et donar\u00e0 la mestra.<\/p>\n<p>&nbsp;<\/p>\n<p>I a continuaci\u00f3 teniu una conversa entre una dependenta del mercat i una persona que va a comprar:<\/p>\n<p><a href=\"https:\/\/es.educaplay.com\/recursos-educativos\/11398343-anem_a_comprar_al_mercat.html\">https:\/\/es.educaplay.com\/recursos-educativos\/11398343-anem_a_comprar_al_mercat.html<\/a><\/p>\n<p>&nbsp;<\/p>\n<p>Tamb\u00e9, podeu practicar amb aquesta activitat que us he preparat. Cliqueu a l&#8217;enlla\u00e7 davall:<\/p>\n<p><a href=\"https:\/\/es.educaplay.com\/recursos-educativos\/11398622-anem_a_comprar_al_mercat.html\">https:\/\/es.educaplay.com\/recursos-educativos\/11398622-anem_a_comprar_al_mercat.html<\/a><\/p>\n<p>&nbsp;<\/p>\n<p>&nbsp;<\/p>\n","protected":false},"excerpt":{"rendered":"<p>Avui aprendrem qu\u00e8 hem de dir quan anem a comprar.<br \/>\nPer veure el v\u00eddeo clica l&#8217;enlla\u00e7:<br \/>\n<a href=\"https:\/\/www.youtube.com\/watch?v=fv75pdp3CuE&amp;t=8s\">https:\/\/www.youtube.com\/watch?v=fv75pdp3CuE&amp;t=8s<\/a><br \/>\nDespr\u00e9s de veure el v\u00eddeo haur\u00e0s d&#8217;omplir els espais dels di\u00e0legs que et donar\u00e0 la mestra.<br \/>\n&nbsp;<br \/>\nI a continuaci\u00f3 teniu una conversa entre una dependenta del mercat i una persona que&hellip;  <a href=\"https:\/\/agora.xtec.cat\/cfacanovelles\/instrumental\/instrumental-2-tarda\/anem-a-comprar-al-mercat\/\" title=\"Read Anem a comprar al mercat\">Llegeix m\u00e9s\u00bb<\/a><\/p>\n","protected":false},"author":17,"featured_media":0,"comment_status":"open","ping_status":"closed","sticky":false,"template":"","format":"standard","meta":{"_bbp_topic_count":0,"_bbp_reply_count":0,"_bbp_total_topic_count":0,"_bbp_total_reply_count":0,"_bbp_voice_count":0,"_bbp_anonymous_reply_count":0,"_bbp_topic_count_hidden":0,"_bbp_reply_count_hidden":0,"_bbp_forum_subforum_count":0,"footnotes":""},"categories":[138],"tags":[],"class_list":["post-3972","post","type-post","status-publish","format-standard","hentry","category-instrumental-2-tarda"],"post_mailing_queue_ids":[],"_links":{"self":[{"href":"https:\/\/agora.xtec.cat\/cfacanovelles\/wp-json\/wp\/v2\/posts\/3972","targetHints":{"allow":["GET"]}}],"collection":[{"href":"https:\/\/agora.xtec.cat\/cfacanovelles\/wp-json\/wp\/v2\/posts"}],"about":[{"href":"https:\/\/agora.xtec.cat\/cfacanovelles\/wp-json\/wp\/v2\/types\/post"}],"author":[{"embeddable":true,"href":"https:\/\/agora.xtec.cat\/cfacanovelles\/wp-json\/wp\/v2\/users\/17"}],"replies":[{"embeddable":true,"href":"https:\/\/agora.xtec.cat\/cfacanovelles\/wp-json\/wp\/v2\/comments?post=3972"}],"version-history":[{"count":3,"href":"https:\/\/agora.xtec.cat\/cfacanovelles\/wp-json\/wp\/v2\/posts\/3972\/revisions"}],"predecessor-version":[{"id":3995,"href":"https:\/\/agora.xtec.cat\/cfacanovelles\/wp-json\/wp\/v2\/posts\/3972\/revisions\/3995"}],"wp:attachment":[{"href":"https:\/\/agora.xtec.cat\/cfacanovelles\/wp-json\/wp\/v2\/media?parent=3972"}],"wp:term":[{"taxonomy":"category","embeddable":true,"href":"https:\/\/agora.xtec.cat\/cfacanovelles\/wp-json\/wp\/v2\/categories?post=3972"},{"taxonomy":"post_tag","embeddable":true,"href":"https:\/\/agora.xtec.cat\/cfacanovelles\/wp-json\/wp\/v2\/tags?post=3972"}],"curies":[{"name":"wp","href":"https:\/\/api.w.org\/{rel}","templated":true}]}}