{"id":3725,"date":"2021-10-20T18:28:53","date_gmt":"2021-10-20T16:28:53","guid":{"rendered":"https:\/\/agora.xtec.cat\/cfacanovelles\/?p=3725"},"modified":"2021-10-20T18:28:53","modified_gmt":"2021-10-20T16:28:53","slug":"unidad-2-las-acciones-los-determinantes","status":"publish","type":"post","link":"https:\/\/agora.xtec.cat\/cfacanovelles\/ges-1\/unidad-2-las-acciones-los-determinantes\/","title":{"rendered":"Unidad 2: Las acciones. Los determinantes"},"content":{"rendered":"<p><strong>\u00bfQu\u00e9 son los determinantes?<\/strong><\/p>\n<p>Los<strong>\u00a0deterninantes<\/strong>\u00a0son palabras que siempre\u00a0<strong>acompa\u00f1an<\/strong>\u00a0a un\u00a0<strong>nombre<\/strong>, concuerdan con \u00e9l (g\u00e9nero y n\u00famero) y concretan su significado.<\/p>\n<p><strong><u>Hay distintas clases de determinantes:<\/u><\/strong><\/p>\n<ol>\n<li><strong><u>ART\u00cdCULO<\/u>\u00a0<\/strong> es un determinante que va delante de los nombres\n<ol style=\"list-style-type: lower-roman;\">\n<li>Definidos: la, los, las, el<\/li>\n<li>Indefinido: un, unos, una, unas<\/li>\n<\/ol>\n<\/li>\n<li><strong><u>DEMOSTRATIVOS\u00a0<\/u><\/strong>se anteponen al nombre indicando el lugar que ocupa con relaci\u00f3n a la persona que habla<br \/>\n<table border=\"0\" cellpadding=\"2\" align=\"center\">\n<tbody>\n<tr>\n<td>\n<p align=\"center\">\u00a0<strong>Singular<\/strong><\/p>\n<\/td>\n<td>\n<p align=\"center\"><strong>\u00a0Singular<\/strong><\/p>\n<\/td>\n<td>\n<p align=\"center\"><strong>\u00a0Plural<\/strong><\/p>\n<\/td>\n<td>\n<p align=\"center\"><strong>\u00a0Plural<\/strong><\/p>\n<\/td>\n<\/tr>\n<tr>\n<td>\n<p align=\"center\">\u00a0ESTE<\/p>\n<p align=\"center\">ESE<\/p>\n<p align=\"center\">AQUEL<\/p>\n<\/td>\n<td>\n<p align=\"center\">\u00a0ESTA<\/p>\n<p align=\"center\">ESA<\/p>\n<p align=\"center\">AQUELLA<\/p>\n<\/td>\n<td>\n<p align=\"center\">\u00a0ESTOS<\/p>\n<p align=\"center\">ESOS<\/p>\n<p align=\"center\">AQUELLOS<\/p>\n<\/td>\n<td>\n<p align=\"center\">\u00a0ESTAS<\/p>\n<p align=\"center\">ESAS<\/p>\n<p align=\"center\">AQUELLAS<\/p>\n<\/td>\n<\/tr>\n<\/tbody>\n<\/table>\n<\/li>\n<li><u><strong>\u00a0POSESIVOS <\/strong><\/u>acompa\u00f1an al nombre y se\u00f1alan la persona o cosa a la que pertenece el objeto que representamos con el nombre.<br \/>\n<table border=\"0\" align=\"center\">\n<tbody>\n<tr>\n<td>\n<p align=\"center\"><strong>Singular<\/strong><\/p>\n<\/td>\n<td>\n<p align=\"center\"><strong>\u00a0Plural<\/strong><\/p>\n<\/td>\n<td>\n<p align=\"center\"><strong>\u00a0Plural<\/strong><\/p>\n<\/td>\n<\/tr>\n<tr>\n<td>\n<p align=\"center\">MI\u00a0 M\u00cdO\u00a0 M\u00cdA<\/p>\n<p align=\"center\">TU\u00a0 TUYO\u00a0 TUYA<\/p>\n<p align=\"center\">SU\u00a0 SUYO\u00a0 SUYA<\/p>\n<\/td>\n<td>\n<p align=\"center\">NUESTRO<\/p>\n<p align=\"center\">VUESTRO<\/p>\n<p align=\"center\">SU, SUYO<\/p>\n<\/td>\n<td>\n<p align=\"center\">\u00a0NUESTRA<\/p>\n<p align=\"center\">VUESTRA<\/p>\n<p align=\"center\">SUYA<\/p>\n<\/td>\n<\/tr>\n<tr>\n<td>\n<p align=\"center\">\n<p align=\"center\">\u00a0MIS\u00a0 M\u00cdOS\u00a0 M\u00cdAS<\/p>\n<p align=\"center\">TUS\u00a0TUYOS\u00a0 TUYAS<\/p>\n<p align=\"center\">SUS\u00a0 SUYOS\u00a0 SUYAS<\/p>\n<\/td>\n<td>\n<p align=\"center\">\n<p align=\"center\">\u00a0NUESTROS<\/p>\n<p align=\"center\">VUESTROS<\/p>\n<p align=\"center\">SUS, SUYOS<\/p>\n<\/td>\n<td>\n<p align=\"center\">\n<p align=\"center\">NUESTRAS<\/p>\n<p align=\"center\">VUESTRAS<\/p>\n<p align=\"center\">SUYAS<\/p>\n<\/td>\n<\/tr>\n<\/tbody>\n<\/table>\n<\/li>\n<li><u><strong>INDEFINIDOS<\/strong><\/u> van delante del nombre a\u00f1adiendo una idea imprecisa de cantidad (un-una-unas-unos-alg\u00fan-alguna-algunos-algunas-varios-varias-mucho-mucha-muchos- muchas- poco-poca-pocos-pocas-demasiado-demasiada-demasiados-demasiadas, etc)<\/li>\n<li><strong><u>NUMERALES<\/u><\/strong>\u00a0 van delante del nombre a\u00f1adiendole idea exacta de cantidad u orden.<\/li>\n<li><strong><u>INTERROGATIVOS Y EXCLAMATIVOS<\/u><\/strong>\n<ul style=\"list-style-type: circle;\">\n<li>qu\u00e9-cu\u00e1nto, -a, -os, -as<\/li>\n<\/ul>\n<\/li>\n<\/ol>\n","protected":false},"excerpt":{"rendered":"<p>\u00bfQu\u00e9 son los determinantes?<br \/>\nLos\u00a0deterninantes\u00a0son palabras que siempre\u00a0acompa\u00f1an\u00a0a un\u00a0nombre, concuerdan con \u00e9l (g\u00e9nero y n\u00famero) y concretan su significado.<br \/>\nHay distintas clases de determinantes:<\/p>\n<ol>\n<li>ART\u00cdCULO\u00a0 es un determinante que va delante de los nombres\n<ol style=\"list-style-type: lower-roman;\">\n<li>Definidos: la, los, las, el<\/li>\n<li>Indefinido: un, unos, una, unas<\/li>\n<\/ol>\n<\/li>\n<li>DEMOSTRATIVOS\u00a0se anteponen al nombre indicando&hellip;  <a href=\"https:\/\/agora.xtec.cat\/cfacanovelles\/ges-1\/unidad-2-las-acciones-los-determinantes\/\" title=\"Read Unidad 2: Las acciones. Los determinantes\">Llegeix m\u00e9s\u00bb<\/a><br \/>\n","protected":false},"author":16,"featured_media":0,"comment_status":"open","ping_status":"closed","sticky":false,"template":"","format":"standard","meta":{"_bbp_topic_count":0,"_bbp_reply_count":0,"_bbp_total_topic_count":0,"_bbp_total_reply_count":0,"_bbp_voice_count":0,"_bbp_anonymous_reply_count":0,"_bbp_topic_count_hidden":0,"_bbp_reply_count_hidden":0,"_bbp_forum_subforum_count":0,"footnotes":""},"categories":[182,97],"tags":[],"class_list":["post-3725","post","type-post","status-publish","format-standard","hentry","category-castella-1","category-ges-1"],"post_mailing_queue_ids":[],"_links":{"self":[{"href":"https:\/\/agora.xtec.cat\/cfacanovelles\/wp-json\/wp\/v2\/posts\/3725","targetHints":{"allow":["GET"]}}],"collection":[{"href":"https:\/\/agora.xtec.cat\/cfacanovelles\/wp-json\/wp\/v2\/posts"}],"about":[{"href":"https:\/\/agora.xtec.cat\/cfacanovelles\/wp-json\/wp\/v2\/types\/post"}],"author":[{"embeddable":true,"href":"https:\/\/agora.xtec.cat\/cfacanovelles\/wp-json\/wp\/v2\/users\/16"}],"replies":[{"embeddable":true,"href":"https:\/\/agora.xtec.cat\/cfacanovelles\/wp-json\/wp\/v2\/comments?post=3725"}],"version-history":[{"count":1,"href":"https:\/\/agora.xtec.cat\/cfacanovelles\/wp-json\/wp\/v2\/posts\/3725\/revisions"}],"predecessor-version":[{"id":3726,"href":"https:\/\/agora.xtec.cat\/cfacanovelles\/wp-json\/wp\/v2\/posts\/3725\/revisions\/3726"}],"wp:attachment":[{"href":"https:\/\/agora.xtec.cat\/cfacanovelles\/wp-json\/wp\/v2\/media?parent=3725"}],"wp:term":[{"taxonomy":"category","embeddable":true,"href":"https:\/\/agora.xtec.cat\/cfacanovelles\/wp-json\/wp\/v2\/categories?post=3725"},{"taxonomy":"post_tag","embeddable":true,"href":"https:\/\/agora.xtec.cat\/cfacanovelles\/wp-json\/wp\/v2\/tags?post=3725"}],"curies":[{"name":"wp","href":"https:\/\/api.w.org\/{rel}","templated":true}]}}