{"id":3538,"date":"2021-09-03T19:42:21","date_gmt":"2021-09-03T17:42:21","guid":{"rendered":"https:\/\/agora.xtec.cat\/cfacanovelles\/?p=3538"},"modified":"2021-09-03T19:42:21","modified_gmt":"2021-09-03T17:42:21","slug":"per-pensar","status":"publish","type":"post","link":"https:\/\/agora.xtec.cat\/cfacanovelles\/biologia-i-geologia\/per-pensar\/","title":{"rendered":"PER PENSAR&#8230;"},"content":{"rendered":"<blockquote class=\"wp-embedded-content\" data-secret=\"eokRimS5W2\"><p><a href=\"https:\/\/blocs.xtec.cat\/naturalsom\/que-es-la-vida\/\">Qu\u00e8 \u00e9s la vida? (&#8230;segons els cient\u00edfics)<\/a><\/p><\/blockquote>\n<p><iframe loading=\"lazy\" class=\"wp-embedded-content\" sandbox=\"allow-scripts\" security=\"restricted\" style=\"position: absolute; clip: rect(1px, 1px, 1px, 1px);\" title=\"&#8220;Qu\u00e8 \u00e9s la vida? (&#8230;segons els cient\u00edfics)&#8221; &#8212; Naturalsom\" src=\"https:\/\/blocs.xtec.cat\/naturalsom\/que-es-la-vida\/embed\/#?secret=eokRimS5W2\" data-secret=\"eokRimS5W2\" width=\"500\" height=\"282\" frameborder=\"0\" marginwidth=\"0\" marginheight=\"0\" scrolling=\"no\"><\/iframe><\/p>\n","protected":false},"excerpt":{"rendered":"<p><a href=\"https:\/\/blocs.xtec.cat\/naturalsom\/que-es-la-vida\/\">Qu\u00e8 \u00e9s la vida? (&#8230;segons els cient\u00edfics)<\/a><\/p>\n","protected":false},"author":13,"featured_media":0,"comment_status":"open","ping_status":"closed","sticky":false,"template":"","format":"standard","meta":{"_bbp_topic_count":0,"_bbp_reply_count":0,"_bbp_total_topic_count":0,"_bbp_total_reply_count":0,"_bbp_voice_count":0,"_bbp_anonymous_reply_count":0,"_bbp_topic_count_hidden":0,"_bbp_reply_count_hidden":0,"_bbp_forum_subforum_count":0,"footnotes":""},"categories":[120],"tags":[],"class_list":["post-3538","post","type-post","status-publish","format-standard","hentry","category-biologia-i-geologia"],"post_mailing_queue_ids":[],"_links":{"self":[{"href":"https:\/\/agora.xtec.cat\/cfacanovelles\/wp-json\/wp\/v2\/posts\/3538","targetHints":{"allow":["GET"]}}],"collection":[{"href":"https:\/\/agora.xtec.cat\/cfacanovelles\/wp-json\/wp\/v2\/posts"}],"about":[{"href":"https:\/\/agora.xtec.cat\/cfacanovelles\/wp-json\/wp\/v2\/types\/post"}],"author":[{"embeddable":true,"href":"https:\/\/agora.xtec.cat\/cfacanovelles\/wp-json\/wp\/v2\/users\/13"}],"replies":[{"embeddable":true,"href":"https:\/\/agora.xtec.cat\/cfacanovelles\/wp-json\/wp\/v2\/comments?post=3538"}],"version-history":[{"count":1,"href":"https:\/\/agora.xtec.cat\/cfacanovelles\/wp-json\/wp\/v2\/posts\/3538\/revisions"}],"predecessor-version":[{"id":3539,"href":"https:\/\/agora.xtec.cat\/cfacanovelles\/wp-json\/wp\/v2\/posts\/3538\/revisions\/3539"}],"wp:attachment":[{"href":"https:\/\/agora.xtec.cat\/cfacanovelles\/wp-json\/wp\/v2\/media?parent=3538"}],"wp:term":[{"taxonomy":"category","embeddable":true,"href":"https:\/\/agora.xtec.cat\/cfacanovelles\/wp-json\/wp\/v2\/categories?post=3538"},{"taxonomy":"post_tag","embeddable":true,"href":"https:\/\/agora.xtec.cat\/cfacanovelles\/wp-json\/wp\/v2\/tags?post=3538"}],"curies":[{"name":"wp","href":"https:\/\/api.w.org\/{rel}","templated":true}]}}