{"id":3185,"date":"2021-03-18T10:16:24","date_gmt":"2021-03-18T09:16:24","guid":{"rendered":"https:\/\/agora.xtec.cat\/cfacanovelles\/?p=3185"},"modified":"2026-02-23T16:04:10","modified_gmt":"2026-02-23T15:04:10","slug":"el-mon-actual-globalitzacio","status":"publish","type":"post","link":"https:\/\/agora.xtec.cat\/cfacanovelles\/historia-ii\/el-mon-actual-globalitzacio\/","title":{"rendered":"El m\u00f3n actual (globalitzaci\u00f3)"},"content":{"rendered":"<h4>El m\u00f3n del segle XXI<\/h4>\n<p><span style=\"color: #000080; font-family: Verdana; font-size: small;\"><span class=\"auto-style12\"><img loading=\"lazy\" decoding=\"async\" class=\"alignleft\" src=\"https:\/\/cdn.pixabay.com\/photo\/2013\/07\/12\/19\/16\/internet-154450_640.png\" alt=\"40+ Free Interconnected &amp; Cyber Images - Pixabay\" width=\"313\" height=\"298\" \/>\u2022<\/span><span class=\"auto-style12\">\u00a0Als\u00a0<\/span><\/span><span style=\"color: #ff0000; font-family: Verdana;\"><span class=\"auto-style12\">pa\u00efsos industrialitzats<\/span><\/span><span class=\"auto-style12\" style=\"color: #000080; font-family: Verdana; font-size: small;\">\u00a0s\u2019ha desenvolupat un tipus de societat que presenta algunes transformacions:<br \/>\n\u2013 Hi ha crescut el proc\u00e9s d\u2019<\/span><span style=\"color: #ff0000; font-family: Verdana;\"><span class=\"auto-style12\">urbanitzaci\u00f3<\/span><\/span><span class=\"auto-style12\" style=\"color: #000080; font-family: Verdana; font-size: small;\">\u00a0i pr\u00e0cticament n\u2019ha desaparegut la pagesia.<br \/>\n\u2013 La classe obrera tradicional ha retrocedit davant el gran desenvolupament del\u00a0<\/span><span style=\"color: #ff0000; font-family: Verdana;\"><span class=\"auto-style12\">sector terciari<\/span><\/span><span class=\"auto-style12\" style=\"color: #000080; font-family: Verdana; font-size: small;\">\u00a0i ha augmentat el nombre de professions en qu\u00e8 es necessiten estudis secundaris o superiors.<br \/>\n\u2013 Les\u00a0<\/span><span style=\"color: #ff0000; font-family: Verdana;\"><span class=\"auto-style12\">dones<\/span><\/span><span class=\"auto-style12\" style=\"color: #000080; font-family: Verdana; font-size: small;\">\u00a0s\u2019han incorporat massivament al m\u00f3n laboral i a la formaci\u00f3.<br \/>\n\u2013 Hi ha canviat el\u00a0<\/span><span style=\"color: #ff0000; font-family: Verdana;\"><span class=\"auto-style12\">model social<\/span><\/span><span style=\"color: #000080; font-family: Verdana;\"><span class=\"auto-style12\">\u00a0(fam\u00edlies redu\u00efdes, natalitat baixa&#8230;) i els\u00a0<\/span><\/span><span style=\"color: #ff0000; font-family: Verdana;\"><span class=\"auto-style12\">valors<\/span><\/span><span class=\"auto-style12\" style=\"color: #000080; font-family: Verdana; font-size: small;\">\u00a0(individualisme, \u00e8xit).<br \/>\n\u2022\u00a0Als\u00a0<\/span><span style=\"color: #ff0000; font-family: Verdana;\"><span class=\"auto-style12\">pa\u00efsos pobres<\/span><\/span><span class=\"auto-style12\" style=\"color: #000080; font-family: Verdana; font-size: small;\">\u00a0aquests canvis han sigut menors:<br \/>\n\u2013 No hi ha tants\u00a0<\/span><span style=\"color: #ff0000; font-family: Verdana;\"><span class=\"auto-style12\">pagesos<\/span><\/span><span class=\"auto-style12\" style=\"color: #000080; font-family: Verdana; font-size: small;\">, per\u00f2 la societat \u00e9s rural.<br \/>\n\u2013 Les\u00a0<\/span><span style=\"color: #ff0000; font-family: Verdana;\"><span class=\"auto-style12\">ciutats\u00a0<\/span><\/span><span class=\"auto-style12\" style=\"color: #000080; font-family: Verdana; font-size: small;\">han crescut de manera r\u00e0pida i ca\u00f2tica.<br \/>\n\u2013 La societat i els valors s\u00f3n\u00a0<\/span><span style=\"color: #ff0000; font-family: Verdana;\"><span class=\"auto-style12\">tradicionals<\/span><\/span><span class=\"auto-style12\" style=\"color: #000080; font-family: Verdana; font-size: small;\">\u00a0(fam\u00edlies extenses, natalitat elevada, vida comunit\u00e0ria, etc.).<br \/>\n\u2022\u00a0Les\u00a0<\/span><span style=\"color: #ff0000; font-family: Verdana;\"><span class=\"auto-style12\">desigualtats<\/span><\/span><span style=\"color: #000080; font-family: Verdana;\"><span class=\"auto-style12\">\u00a0han fet n\u00e9ixer moviments que reivindiquen una societat m\u00e9s justa<\/span><\/span><\/p>\n<p>&nbsp;<\/p>\n<p><strong>Mireu aquesta presentaci\u00f3 sobre el M\u00f3n actual <\/strong><\/p>\n<p><iframe loading=\"lazy\" src=\"\/\/www.slideshare.net\/slideshow\/embed_code\/key\/G4XMDSMzywGeWR\" width=\"595\" height=\"485\" frameborder=\"0\"> <\/iframe><\/p>\n<div style=\"margin-bottom: 5px;\"><strong> <a title=\"El M\u00f3n Actual i els seus problemes. La globalitzaci\u00f3. El sistema mundial\" href=\"\/\/www.slideshare.net\/empargallego\/el-mn-actual-els-sistema-mundial-i-els-problemes\" target=\"_blank\" rel=\"noopener noreferrer\">El M\u00f3n Actual i els seus problemes. La globalitzaci\u00f3. El sistema mundial<\/a> <\/strong> de <strong><a href=\"https:\/\/www.slideshare.net\/empargallego\" target=\"_blank\" rel=\"noopener noreferrer\">Empar Gallego<\/a><\/strong><\/div>\n<p><strong>Visioneu aquests v\u00eddeos sobre el m\u00f3n actual<\/strong><\/p>\n<p><iframe loading=\"lazy\" title=\"YouTube video player\" src=\"https:\/\/www.youtube.com\/embed\/aqQunOlVhKo\" width=\"560\" height=\"315\" frameborder=\"0\" allowfullscreen=\"allowfullscreen\"><\/iframe><\/p>\n<p><iframe loading=\"lazy\" src=\"https:\/\/www.youtube.com\/embed\/jqOM0PKuWds\" width=\"560\" height=\"315\" frameborder=\"0\"><\/iframe><\/p>\n<p><strong>Feu les activitats del formulari de sota<\/strong><\/p>\n<p><iframe loading=\"lazy\" src=\"https:\/\/docs.google.com\/forms\/d\/e\/1FAIpQLSf7k68rNkinpGUXQpT1AQBaY0AidPG9U1M-hJdbTSBiHOFd4A\/viewform?embedded=true\" width=\"640\" height=\"4701\" frameborder=\"0\">S&#8217;est\u00e0 carregant\u2026<\/iframe><\/p>\n","protected":false},"excerpt":{"rendered":"<p>El m\u00f3n del segle XXI<br \/>\n\u2022\u00a0Als\u00a0pa\u00efsos industrialitzats\u00a0s\u2019ha desenvolupat un tipus de societat que presenta algunes transformacions:<br \/>\n\u2013 Hi ha crescut el proc\u00e9s d\u2019urbanitzaci\u00f3\u00a0i pr\u00e0cticament n\u2019ha desaparegut la pagesia.<br \/>\n\u2013 La classe obrera tradicional ha retrocedit davant el gran desenvolupament del\u00a0sector terciari\u00a0i ha augmentat el nombre de professions en&hellip;  <a href=\"https:\/\/agora.xtec.cat\/cfacanovelles\/historia-ii\/el-mon-actual-globalitzacio\/\" title=\"Read El m\u00f3n actual (globalitzaci\u00f3)\">Llegeix m\u00e9s\u00bb<\/a><\/p>\n","protected":false},"author":4,"featured_media":0,"comment_status":"open","ping_status":"closed","sticky":false,"template":"","format":"standard","meta":{"_bbp_topic_count":0,"_bbp_reply_count":0,"_bbp_total_topic_count":0,"_bbp_total_reply_count":0,"_bbp_voice_count":0,"_bbp_anonymous_reply_count":0,"_bbp_topic_count_hidden":0,"_bbp_reply_count_hidden":0,"_bbp_forum_subforum_count":0,"footnotes":""},"categories":[125],"tags":[],"class_list":["post-3185","post","type-post","status-publish","format-standard","hentry","category-historia-ii"],"post_mailing_queue_ids":[],"_links":{"self":[{"href":"https:\/\/agora.xtec.cat\/cfacanovelles\/wp-json\/wp\/v2\/posts\/3185","targetHints":{"allow":["GET"]}}],"collection":[{"href":"https:\/\/agora.xtec.cat\/cfacanovelles\/wp-json\/wp\/v2\/posts"}],"about":[{"href":"https:\/\/agora.xtec.cat\/cfacanovelles\/wp-json\/wp\/v2\/types\/post"}],"author":[{"embeddable":true,"href":"https:\/\/agora.xtec.cat\/cfacanovelles\/wp-json\/wp\/v2\/users\/4"}],"replies":[{"embeddable":true,"href":"https:\/\/agora.xtec.cat\/cfacanovelles\/wp-json\/wp\/v2\/comments?post=3185"}],"version-history":[{"count":5,"href":"https:\/\/agora.xtec.cat\/cfacanovelles\/wp-json\/wp\/v2\/posts\/3185\/revisions"}],"predecessor-version":[{"id":5686,"href":"https:\/\/agora.xtec.cat\/cfacanovelles\/wp-json\/wp\/v2\/posts\/3185\/revisions\/5686"}],"wp:attachment":[{"href":"https:\/\/agora.xtec.cat\/cfacanovelles\/wp-json\/wp\/v2\/media?parent=3185"}],"wp:term":[{"taxonomy":"category","embeddable":true,"href":"https:\/\/agora.xtec.cat\/cfacanovelles\/wp-json\/wp\/v2\/categories?post=3185"},{"taxonomy":"post_tag","embeddable":true,"href":"https:\/\/agora.xtec.cat\/cfacanovelles\/wp-json\/wp\/v2\/tags?post=3185"}],"curies":[{"name":"wp","href":"https:\/\/api.w.org\/{rel}","templated":true}]}}