{"id":3181,"date":"2021-03-18T10:04:32","date_gmt":"2021-03-18T09:04:32","guid":{"rendered":"https:\/\/agora.xtec.cat\/cfacanovelles\/?p=3181"},"modified":"2026-02-18T14:45:57","modified_gmt":"2026-02-18T13:45:57","slug":"la-guerra-freda-i-la-descolonitzacio","status":"publish","type":"post","link":"https:\/\/agora.xtec.cat\/cfacanovelles\/historia-ii\/la-guerra-freda-i-la-descolonitzacio\/","title":{"rendered":"La Guerra Freda i la Descolonitzaci\u00f3"},"content":{"rendered":"<h4>Guerra Freda<\/h4>\n<p><img loading=\"lazy\" decoding=\"async\" class=\"alignleft\" src=\"https:\/\/upload.wikimedia.org\/wikipedia\/commons\/thumb\/b\/b6\/P-2H_Neptune_over_Soviet_ship_Oct_1962.jpg\/1280px-P-2H_Neptune_over_Soviet_ship_Oct_1962.jpg\" width=\"327\" height=\"236\" \/>El terme <b>Guerra Freda<\/b>\u00a0o\u00a0<b>Primera Guerra Freda<\/b>\u00a0va ser un model de relacions internacionals que va desenvolupar-se despr\u00e9s de la Segona Guerra Mundial, fonamentat entre els blocs antag\u00f2nics liderats pels\u00a0<a title=\"Estats Units d'Am\u00e8rica\" href=\"https:\/\/ca.wikipedia.org\/wiki\/Estats_Units_d%27Am%C3%A8rica\">Estats Units<\/a>\u00a0i la\u00a0<a title=\"Uni\u00f3 de Rep\u00fabliques Socialistes Sovi\u00e8tiques\" href=\"https:\/\/ca.wikipedia.org\/wiki\/Uni%C3%B3_de_Rep%C3%BAbliques_Socialistes_Sovi%C3%A8tiques\">Uni\u00f3 Sovi\u00e8tica<\/a>\u00a0amb els seus respectius aliats. Aquest fenomen es va iniciar despr\u00e9s de la\u00a0<a title=\"Segona Guerra Mundial\" href=\"https:\/\/ca.wikipedia.org\/wiki\/Segona_Guerra_Mundial\">Segona Guerra Mundial<\/a>\u00a0(1945).<sup id=\"cite_ref-1\" class=\"reference\"><a href=\"https:\/\/ca.wikipedia.org\/wiki\/Guerra_Freda#cite_note-1\">[1]<\/a><\/sup>\u00a0La guerra freda pr\u00f2piament dita va comen\u00e7ar, per\u00f2, l&#8217;any 1947, despr\u00e9s de molta tensi\u00f3 pol\u00edtica entre un bloc i un altre. Era un enfrontament no declarat, sense ofensives militars, basat en la m\u00fatua amena\u00e7a (incloent-hi el desenvolupament de\u00a0<a class=\"mw-redirect\" title=\"Bomba at\u00f2mica\" href=\"https:\/\/ca.wikipedia.org\/wiki\/Bomba_at%C3%B2mica\">bombes at\u00f2miques<\/a>) i en l&#8217;intent per expandir les \u00e0rees d&#8217;influ\u00e8ncia respectives, ja que arran del llan\u00e7ament de les bombes d&#8217;<a class=\"mw-redirect\" title=\"Bombardeig d'Hiroshima\" href=\"https:\/\/ca.wikipedia.org\/wiki\/Bombardeig_d%27Hiroshima\">Hiroshima<\/a>\u00a0i\u00a0<a title=\"Bombardeig de Nagasaki\" href=\"https:\/\/ca.wikipedia.org\/wiki\/Bombardeig_de_Nagasaki\">Nagasaki<\/a>, hi havia molta por d&#8217;entrar en una\u00a0<a title=\"Guerra nuclear\" href=\"https:\/\/ca.wikipedia.org\/wiki\/Guerra_nuclear\">guerra nuclear<\/a>\u00a0d&#8217;abast mundial.<\/p>\n<p>Els pa\u00efsos de l&#8217;\u00f2rbita americana defensaven el\u00a0<a title=\"Capitalisme\" href=\"https:\/\/ca.wikipedia.org\/wiki\/Capitalisme\">capitalisme<\/a>\u00a0(bloc capitalista, units per l&#8217;<a class=\"mw-redirect\" title=\"OTAN\" href=\"https:\/\/ca.wikipedia.org\/wiki\/OTAN\">OTAN<\/a>\u00a0des del 1949), mentre que els partidaris dels russos vivien versions diferents del\u00a0<a title=\"Comunisme\" href=\"https:\/\/ca.wikipedia.org\/wiki\/Comunisme\">comunisme<\/a>\u00a0(<a class=\"mw-redirect\" title=\"Bloc comunista\" href=\"https:\/\/ca.wikipedia.org\/wiki\/Bloc_comunista\">bloc comunista<\/a>) units pel\u00a0<a title=\"Pacte de Vars\u00f2via\" href=\"https:\/\/ca.wikipedia.org\/wiki\/Pacte_de_Vars%C3%B2via\">pacte de Vars\u00f2via<\/a>\u00a0(1955). La Guerra Freda va afavorir l&#8217;<a title=\"Espionatge\" href=\"https:\/\/ca.wikipedia.org\/wiki\/Espionatge\">espionatge<\/a>, les curses\u00a0<a title=\"Cursa espacial\" href=\"https:\/\/ca.wikipedia.org\/wiki\/Cursa_espacial\">espacial<\/a>\u00a0i\u00a0<a title=\"Cursa armamentista\" href=\"https:\/\/ca.wikipedia.org\/wiki\/Cursa_armamentista\">armamentista<\/a>\u00a0aix\u00ed com diversos\u00a0<a class=\"mw-redirect\" title=\"Conflicte armat\" href=\"https:\/\/ca.wikipedia.org\/wiki\/Conflicte_armat\">conflictes armats<\/a>\u00a0<i>de baixa intensitat<\/i>\u00a0(per oposici\u00f3 al possible enfrontament total entre els dos blocs). La guerra freda es va acabar l&#8217;any\u00a0<a title=\"1991\" href=\"https:\/\/ca.wikipedia.org\/wiki\/1991\">1991<\/a>\u00a0amb el desmembrament de l&#8217;<a class=\"mw-redirect\" title=\"URSS\" href=\"https:\/\/ca.wikipedia.org\/wiki\/URSS\">URSS<\/a>\u00a0i la caiguda del\u00a0<a title=\"Comunisme\" href=\"https:\/\/ca.wikipedia.org\/wiki\/Comunisme\">comunisme<\/a>\u00a0que es va donar entre\u00a0<a title=\"1989\" href=\"https:\/\/ca.wikipedia.org\/wiki\/1989\">1989<\/a>\u00a0(<a title=\"Mur de Berl\u00edn\" href=\"https:\/\/ca.wikipedia.org\/wiki\/Mur_de_Berl%C3%ADn#Caiguda_del_mur\">caiguda del mur de Berl\u00edn<\/a>) i\u00a0<a title=\"1991\" href=\"https:\/\/ca.wikipedia.org\/wiki\/1991\">1991<\/a>\u00a0(cop d&#8217;estat a l&#8217;<a class=\"mw-redirect\" title=\"URSS\" href=\"https:\/\/ca.wikipedia.org\/wiki\/URSS\">URSS<\/a>).<\/p>\n<p>Aquest enfrontament va tenir lloc en l&#8217;\u00e0mbit pol\u00edtic, ideol\u00f2gic, econ\u00f2mic, tecnol\u00f2gic i militar.<\/p>\n<p>Cap dels dos blocs va prendre mai accions directes contra l&#8217;altre, ra\u00f3 per la qual es va denominar al conflicte \u00abguerra freda\u00bb.<\/p>\n<p>Aquestes dues pot\u00e8ncies es van limitar a actuar com a \u00abeixos\u00bb influents de poder en el context internacional, i a la cooperaci\u00f3 econ\u00f2mica i militar amb els pa\u00efsos aliats o sat\u00e8l\u00b7lits d&#8217;un dels blocs contra els de l&#8217;altre.<\/p>\n<h4>Descolonitzaci\u00f3<\/h4>\n<p><img decoding=\"async\" class=\"alignleft\" src=\"https:\/\/cmvtcivils.files.wordpress.com\/2015\/09\/decolonization.jpg\" alt=\"Reasons for the end of imperialism, decolonization and emergence of new Nation-states and its impact \u2013 Banyan Tree\" \/>La <b>descolonitzaci\u00f3<\/b>\u00a0\u00e9s un dels fen\u00f2mens m\u00e9s importants de la segona meitat del\u00a0<a title=\"Segle XX\" href=\"https:\/\/ca.wikipedia.org\/wiki\/Segle_XX\">segle\u00a0<span title=\"Nombre\u00a0escrit en xifres romanes\">xx<\/span><\/a>\u00a0i que signific\u00e0 la independ\u00e8ncia de les\u00a0<a title=\"Colonialisme\" href=\"https:\/\/ca.wikipedia.org\/wiki\/Colonialisme\">col\u00f2nies<\/a>\u00a0que s&#8217;havien establert a\u00a0<a title=\"\u00c0sia\" href=\"https:\/\/ca.wikipedia.org\/wiki\/%C3%80sia\">\u00c0sia<\/a>\u00a0i\u00a0<a title=\"\u00c0frica\" href=\"https:\/\/ca.wikipedia.org\/wiki\/%C3%80frica\">\u00c0frica<\/a>\u00a0per part d&#8217;algunes nacions europees un segle abans, i la conseg\u00fcent aparici\u00f3 de nombrosos\u00a0<a class=\"mw-redirect\" title=\"Estat\" href=\"https:\/\/ca.wikipedia.org\/wiki\/Estat\">estats<\/a>\u00a0en l&#8217;escenari mundial. La descolonitzaci\u00f3 va afectar a m\u00e9s de la meitat de la superf\u00edcie de la terra, i va repercutir notablement en les relacions internacionals.<\/p>\n<p>Des del punt de vista cronol\u00f2gic, aquest proc\u00e9s es pot dividir en dues etapes:<\/p>\n<ol>\n<li>La primera correspondria a la descolonitzaci\u00f3 d&#8217;\u00c0sia, i es podria enquadrar entre\u00a0<a title=\"1946\" href=\"https:\/\/ca.wikipedia.org\/wiki\/1946\">1946<\/a>\u00a0i\u00a0<a title=\"1954\" href=\"https:\/\/ca.wikipedia.org\/wiki\/1954\">1954<\/a>;<\/li>\n<li>La segona etapa correspondria a la descolonitzaci\u00f3 d&#8217;\u00c0frica, i abastaria des de\u00a0<a title=\"1956\" href=\"https:\/\/ca.wikipedia.org\/wiki\/1956\">1956<\/a>\u00a0a\u00a0<a title=\"1966\" href=\"https:\/\/ca.wikipedia.org\/wiki\/1966\">1966<\/a>.<\/li>\n<\/ol>\n<p>Entre l&#8217;una i l&#8217;altra etapa trobem un fet simb\u00f2lic, la\u00a0<a title=\"Confer\u00e8ncia de Bandung\" href=\"https:\/\/ca.wikipedia.org\/wiki\/Confer%C3%A8ncia_de_Bandung\">Confer\u00e8ncia de Bandung<\/a>\u00a0(<a title=\"Indon\u00e8sia\" href=\"https:\/\/ca.wikipedia.org\/wiki\/Indon%C3%A8sia\">Indon\u00e8sia<\/a>) en\u00a0<a title=\"1955\" href=\"https:\/\/ca.wikipedia.org\/wiki\/1955\">1955<\/a>, de la qual va n\u00e9ixer el concepte del\u00a0<a title=\"Tercer M\u00f3n\" href=\"https:\/\/ca.wikipedia.org\/wiki\/Tercer_M%C3%B3n\">Tercer M\u00f3n<\/a>, i que va suposar per a \u00c0sia la fi de la transici\u00f3 del colonialisme a la independ\u00e8ncia, i per a \u00c0frica el comen\u00e7ament del proc\u00e9s d&#8217;independ\u00e8ncia. El proc\u00e9s de descolonitzaci\u00f3 es va portar a terme unes vegades per vies pac\u00edfiques, unes altres (les m\u00e9s nombroses) de forma violenta. En alguns llocs, el proc\u00e9s descolonitzador es va portar a terme lentament, en uns altres de forma r\u00e0pida.<\/p>\n<p>&nbsp;<\/p>\n<p><strong>Mireu aquesta presentaci\u00f3 sobre la Guerra Freda i la descolonitzaci\u00f3 (teoria)<\/strong><\/p>\n<p><iframe loading=\"lazy\" style=\"border: 1px solid #CCC; border-width: 1px; margin-bottom: 5px; max-width: 100%;\" src=\"https:\/\/www.slideshare.net\/slideshow\/embed_code\/key\/o0buatMSrAZgSY?startSlide=1\" width=\"597\" height=\"486\" frameborder=\"0\" marginwidth=\"0\" marginheight=\"0\" scrolling=\"no\" allowfullscreen=\"allowfullscreen\"><\/iframe><\/p>\n<div style=\"margin-bottom: 5px;\"><strong><a title=\"Un mon bipolar, la guerra freda i la descolonitzaci\u00f3\" href=\"https:\/\/www.slideshare.net\/slideshow\/un-mon-bipolar-la-guerra-freda-i-la-descolonitzaci\/48201091\" target=\"_blank\" rel=\"noopener\">Un mon bipolar, la guerra freda i la descolonitzaci\u00f3<\/a><\/strong> from <strong><a href=\"https:\/\/es.slideshare.net\/GAJENJO\" target=\"_blank\" rel=\"noopener\">Gemma Ajenjo Rodriguez<\/a><\/strong><\/div>\n<div style=\"margin-bottom: 5px;\"><strong> <a title=\"Tema 9. Guerra Freda i descolonitzaci\u00f3 (1945 91).\" href=\"\/\/www.slideshare.net\/salvavila\/tema-9-guerra-freda-i-descolonitzaci-1945-91\" target=\"_blank\" rel=\"noopener noreferrer\">Tema 9. Guerra Freda i descolonitzaci\u00f3 (1945 91).<\/a> <\/strong> de <strong><a href=\"https:\/\/www.slideshare.net\/salvavila\" target=\"_blank\" rel=\"noopener noreferrer\">salvavila<\/a><\/strong><\/div>\n<p><strong>Visioneu aquest v\u00eddeo sobre la Guerra Freda i la descolonitzaci\u00f3<\/strong><\/p>\n<p><iframe loading=\"lazy\" src=\"https:\/\/www.youtube.com\/embed\/EXijvhBQ-u8\" width=\"560\" height=\"315\" frameborder=\"0\"><\/iframe><\/p>\n<p><iframe loading=\"lazy\" src=\"https:\/\/www.youtube.com\/embed\/HF_OTTHsCk8\" width=\"560\" height=\"315\" frameborder=\"0\"><\/iframe><\/p>\n<p><strong>Feu les activitats del formulari de sota<\/strong><\/p>\n<p><iframe loading=\"lazy\" src=\"https:\/\/docs.google.com\/forms\/d\/e\/1FAIpQLSfWM-Hq6rqp49DWk8O9zq506qv6nzuuCd18Jp-jF12GM4CNcg\/viewform?embedded=true\" width=\"640\" height=\"8995\" frameborder=\"0\">S&#8217;est\u00e0 carregant\u2026<\/iframe><\/p>\n","protected":false},"excerpt":{"rendered":"<p>Guerra Freda<br \/>\nEl terme Guerra Freda\u00a0o\u00a0Primera Guerra Freda\u00a0va ser un model de relacions internacionals que va desenvolupar-se despr\u00e9s de la Segona Guerra Mundial, fonamentat entre els blocs antag\u00f2nics liderats pels\u00a0<a title=\"Estats Units d'Am\u00e8rica\" href=\"https:\/\/ca.wikipedia.org\/wiki\/Estats_Units_d%27Am%C3%A8rica\">Estats Units<\/a>\u00a0i la\u00a0<a title=\"Uni\u00f3 de Rep\u00fabliques Socialistes Sovi\u00e8tiques\" href=\"https:\/\/ca.wikipedia.org\/wiki\/Uni%C3%B3_de_Rep%C3%BAbliques_Socialistes_Sovi%C3%A8tiques\">Uni\u00f3 Sovi\u00e8tica<\/a>\u00a0amb els seus respectius&hellip;  <a href=\"https:\/\/agora.xtec.cat\/cfacanovelles\/historia-ii\/la-guerra-freda-i-la-descolonitzacio\/\" title=\"Read La Guerra Freda i la Descolonitzaci\u00f3\">Llegeix m\u00e9s\u00bb<\/a><\/p>\n","protected":false},"author":4,"featured_media":0,"comment_status":"open","ping_status":"closed","sticky":false,"template":"","format":"standard","meta":{"_bbp_topic_count":0,"_bbp_reply_count":0,"_bbp_total_topic_count":0,"_bbp_total_reply_count":0,"_bbp_voice_count":0,"_bbp_anonymous_reply_count":0,"_bbp_topic_count_hidden":0,"_bbp_reply_count_hidden":0,"_bbp_forum_subforum_count":0,"footnotes":""},"categories":[125],"tags":[],"class_list":["post-3181","post","type-post","status-publish","format-standard","hentry","category-historia-ii"],"post_mailing_queue_ids":[],"_links":{"self":[{"href":"https:\/\/agora.xtec.cat\/cfacanovelles\/wp-json\/wp\/v2\/posts\/3181","targetHints":{"allow":["GET"]}}],"collection":[{"href":"https:\/\/agora.xtec.cat\/cfacanovelles\/wp-json\/wp\/v2\/posts"}],"about":[{"href":"https:\/\/agora.xtec.cat\/cfacanovelles\/wp-json\/wp\/v2\/types\/post"}],"author":[{"embeddable":true,"href":"https:\/\/agora.xtec.cat\/cfacanovelles\/wp-json\/wp\/v2\/users\/4"}],"replies":[{"embeddable":true,"href":"https:\/\/agora.xtec.cat\/cfacanovelles\/wp-json\/wp\/v2\/comments?post=3181"}],"version-history":[{"count":2,"href":"https:\/\/agora.xtec.cat\/cfacanovelles\/wp-json\/wp\/v2\/posts\/3181\/revisions"}],"predecessor-version":[{"id":5344,"href":"https:\/\/agora.xtec.cat\/cfacanovelles\/wp-json\/wp\/v2\/posts\/3181\/revisions\/5344"}],"wp:attachment":[{"href":"https:\/\/agora.xtec.cat\/cfacanovelles\/wp-json\/wp\/v2\/media?parent=3181"}],"wp:term":[{"taxonomy":"category","embeddable":true,"href":"https:\/\/agora.xtec.cat\/cfacanovelles\/wp-json\/wp\/v2\/categories?post=3181"},{"taxonomy":"post_tag","embeddable":true,"href":"https:\/\/agora.xtec.cat\/cfacanovelles\/wp-json\/wp\/v2\/tags?post=3181"}],"curies":[{"name":"wp","href":"https:\/\/api.w.org\/{rel}","templated":true}]}}