{"id":3169,"date":"2021-03-18T09:18:36","date_gmt":"2021-03-18T08:18:36","guid":{"rendered":"https:\/\/agora.xtec.cat\/cfacanovelles\/?p=3169"},"modified":"2026-01-26T17:26:04","modified_gmt":"2026-01-26T16:26:04","slug":"la-primera-guerra-mundial","status":"publish","type":"post","link":"https:\/\/agora.xtec.cat\/cfacanovelles\/historia-ii\/la-primera-guerra-mundial\/","title":{"rendered":"La Primera Guerra Mundial"},"content":{"rendered":"<p><img loading=\"lazy\" decoding=\"async\" class=\"alignleft\" src=\"https:\/\/upload.wikimedia.org\/wikipedia\/commons\/6\/61\/Trench_warfare.png\" alt=\"File:Trench warfare.png - Wikimedia Commons\" width=\"407\" height=\"305\" \/>La\u00a0<b>Primera Guerra mundial<\/b>\u00a0o la\u00a0<b>Gran Guerra<\/b>\u00a0fou un\u00a0<a title=\"Guerra\" href=\"https:\/\/ca.wikipedia.org\/wiki\/Guerra\">conflicte b\u00e8l\u00b7lic<\/a>\u00a0que va tenir lloc a\u00a0<a title=\"Europa\" href=\"https:\/\/ca.wikipedia.org\/wiki\/Europa\">Europa<\/a>\u00a0i al\u00a0<a class=\"mw-redirect\" title=\"Pr\u00f2xim Orient\" href=\"https:\/\/ca.wikipedia.org\/wiki\/Pr%C3%B2xim_Orient\">Pr\u00f2xim Orient<\/a>\u00a0entre\u00a0<a title=\"1914\" href=\"https:\/\/ca.wikipedia.org\/wiki\/1914\">1914<\/a>\u00a0i\u00a0<a title=\"1918\" href=\"https:\/\/ca.wikipedia.org\/wiki\/1918\">1918<\/a>. La pol\u00edtica exterior cada vegada m\u00e9s agressiva d&#8217;<a class=\"mw-redirect\" title=\"\u00c0ustria-Hongria\" href=\"https:\/\/ca.wikipedia.org\/wiki\/%C3%80ustria-Hongria\">\u00c0ustria-Hongria<\/a>,\u00a0<a title=\"Imperi Rus\" href=\"https:\/\/ca.wikipedia.org\/wiki\/Imperi_Rus\">R\u00fassia<\/a>\u00a0i especialment\u00a0<a title=\"Alemanya\" href=\"https:\/\/ca.wikipedia.org\/wiki\/Alemanya\">Alemanya<\/a>\u00a0va originar el conflicte. El detonant de l&#8217;esclat de la guerra fou l&#8217;<a title=\"Assassinat de Sarajevo\" href=\"https:\/\/ca.wikipedia.org\/wiki\/Assassinat_de_Sarajevo\">assassinat<\/a>, el\u00a0<a title=\"28 de juny\" href=\"https:\/\/ca.wikipedia.org\/wiki\/28_de_juny\">28 de juny<\/a>\u00a0de\u00a0<a title=\"1914\" href=\"https:\/\/ca.wikipedia.org\/wiki\/1914\">1914<\/a>\u00a0a\u00a0<a title=\"Sarajevo\" href=\"https:\/\/ca.wikipedia.org\/wiki\/Sarajevo\">Sarajevo<\/a>\u00a0(<a title=\"B\u00f2snia\" href=\"https:\/\/ca.wikipedia.org\/wiki\/B%C3%B2snia\">B\u00f2snia<\/a>), de l&#8217;hereu al tron dels\u00a0<a title=\"Dinastia dels Habsburg\" href=\"https:\/\/ca.wikipedia.org\/wiki\/Dinastia_dels_Habsburg\">Habsburg<\/a>,\u00a0<a title=\"Francesc Ferran d'\u00c0ustria\" href=\"https:\/\/ca.wikipedia.org\/wiki\/Francesc_Ferran_d%27%C3%80ustria\">Francesc Ferran d&#8217;\u00c0ustria<\/a>. Despr\u00e9s de la declaraci\u00f3 de guerra d&#8217;<a title=\"\u00c0ustria\" href=\"https:\/\/ca.wikipedia.org\/wiki\/%C3%80ustria\">\u00c0ustria<\/a>\u00a0a\u00a0<a title=\"S\u00e8rbia\" href=\"https:\/\/ca.wikipedia.org\/wiki\/S%C3%A8rbia\">S\u00e8rbia<\/a>\u00a0el\u00a0<a title=\"\" href=\"https:\/\/ca.wikipedia.org\/wiki\/28_de_juliol\">28 de juliol<\/a>, la majoria d&#8217;estats europeus es van veure implicats en el conflicte.\u00a0<a title=\"Imperi Rus\" href=\"https:\/\/ca.wikipedia.org\/wiki\/Imperi_Rus\">R\u00fassia<\/a>\u00a0es va mobilitzar en suport de\u00a0<a title=\"S\u00e8rbia\" href=\"https:\/\/ca.wikipedia.org\/wiki\/S%C3%A8rbia\">S\u00e8rbia<\/a>\u00a0els dies 29 i\u00a0<a title=\"30 de juny\" href=\"https:\/\/ca.wikipedia.org\/wiki\/30_de_juny\">30 de juny<\/a>. Alemanya va declarar la guerra a R\u00fassia el 1r d&#8217;agost i a Fran\u00e7a el 3 d&#8217;agost.<sup id=\"cite_ref-Diccionari_d'hist\u00f2ria_2-0\" class=\"reference\"><a href=\"https:\/\/ca.wikipedia.org\/wiki\/Primera_Guerra_Mundial#cite_note-Diccionari_d'hist%C3%B2ria-2\">[2]<\/a><\/sup>\u00a0Dels 32 pa\u00efsos bel\u00b7ligerants, els principals estats involucrats van ser, d&#8217;una banda, els anomenats \u00ab<a class=\"mw-redirect\" title=\"Aliats de la I Guerra Mundial\" href=\"https:\/\/ca.wikipedia.org\/wiki\/Aliats_de_la_I_Guerra_Mundial\">aliats<\/a>\u00bb:\u00a0<a title=\"Fran\u00e7a\" href=\"https:\/\/ca.wikipedia.org\/wiki\/Fran%C3%A7a\">Fran\u00e7a<\/a>, l&#8217;<a title=\"Gran Bretanya\" href=\"https:\/\/ca.wikipedia.org\/wiki\/Gran_Bretanya\">Imperi brit\u00e0nic<\/a>,\u00a0<a title=\"S\u00e8rbia\" href=\"https:\/\/ca.wikipedia.org\/wiki\/S%C3%A8rbia\">S\u00e8rbia<\/a>, l&#8217;<a title=\"Imperi Rus\" href=\"https:\/\/ca.wikipedia.org\/wiki\/Imperi_Rus\">Imperi rus<\/a>, els\u00a0<a class=\"mw-redirect\" title=\"Estats Units\" href=\"https:\/\/ca.wikipedia.org\/wiki\/Estats_Units\">Estats Units<\/a>\u00a0i el\u00a0<a title=\"Regne d'It\u00e0lia (1861\u20131946)\" href=\"https:\/\/ca.wikipedia.org\/wiki\/Regne_d%27It%C3%A0lia_(1861%E2%80%931946)\">Regne d&#8217;It\u00e0lia<\/a>, i de l&#8217;altra les \u00ab<a title=\"Pot\u00e8ncies Centrals\" href=\"https:\/\/ca.wikipedia.org\/wiki\/Pot%C3%A8ncies_Centrals\">pot\u00e8ncies centrals<\/a>\u00bb: l&#8217;<a title=\"Imperi Alemany\" href=\"https:\/\/ca.wikipedia.org\/wiki\/Imperi_Alemany\">Imperi alemany<\/a>, l&#8217;<a title=\"Imperi Austrohongar\u00e8s\" href=\"https:\/\/ca.wikipedia.org\/wiki\/Imperi_Austrohongar%C3%A8s\">Imperi Austrohongar\u00e8s<\/a>, l&#8217;<a class=\"mw-redirect\" title=\"Imperi Turc\" href=\"https:\/\/ca.wikipedia.org\/wiki\/Imperi_Turc\">Imperi turc<\/a>\u00a0i\u00a0<a title=\"Bulg\u00e0ria\" href=\"https:\/\/ca.wikipedia.org\/wiki\/Bulg%C3%A0ria\">Bulg\u00e0ria<\/a>. L&#8217;<a class=\"mw-redirect\" title=\"Estat Espanyol\" href=\"https:\/\/ca.wikipedia.org\/wiki\/Estat_Espanyol\">Estat Espanyol<\/a>\u00a0va romandre neutral durant tota la guerra.<\/p>\n<p>Finalitz\u00e0 amb la signatura de l&#8217;<a class=\"mw-redirect\" title=\"Armistici de Compi\u00e8gne de 1918\" href=\"https:\/\/ca.wikipedia.org\/wiki\/Armistici_de_Compi%C3%A8gne_de_1918\">armistici de Compi\u00e8gne<\/a>\u00a0l&#8217;<a title=\"11 de novembre\" href=\"https:\/\/ca.wikipedia.org\/wiki\/11_de_novembre\">11 de novembre<\/a>\u00a0de\u00a0<a title=\"1918\" href=\"https:\/\/ca.wikipedia.org\/wiki\/1918\">1918<\/a>,<sup id=\"cite_ref-3\" class=\"reference\"><a href=\"https:\/\/ca.wikipedia.org\/wiki\/Primera_Guerra_Mundial#cite_note-3\">[3]<\/a><\/sup>\u00a0que establia la derrota de les pot\u00e8ncies centrals, provocada m\u00e9s per un desgast que impossibilitava la continuaci\u00f3 de l&#8217;esfor\u00e7 militar que no pas per cap derrota militar. En aquest sentit, i amb la decisi\u00f3 dels dos b\u00e0ndols de no arribar a un\u00a0<i>status quo<\/i>\u00a0despr\u00e9s dels primers mesos de guerra, amb l&#8217;estil de guerra de desgast i guerra total, la I Guerra mundial representa un canvi radical respecte als conflictes del segle\u00a0<span title=\"Nombre\u00a0escrit en xifres romanes\">xix<\/span>. Durant tota la guerra ambd\u00f3s b\u00e0ndols van haver d&#8217;anar adaptant-se a noves situacions estrat\u00e8giques, per a les quals no estaven preparats. Hi respongueren amb una escalada militar sense precedents en la hist\u00f2ria europea que caus\u00e0 un total de nou milions de morts.<\/p>\n<p>La guerra va donar lloc a una profunda reestructuraci\u00f3 de la geografia europea: quatre grans imperis,\u00a0<a title=\"Imperi Austrohongar\u00e8s\" href=\"https:\/\/ca.wikipedia.org\/wiki\/Imperi_Austrohongar%C3%A8s\">l&#8217;austrohongar\u00e8s<\/a>, l&#8217;<a title=\"Imperi Alemany\" href=\"https:\/\/ca.wikipedia.org\/wiki\/Imperi_Alemany\">alemany<\/a>, l&#8217;<a title=\"Imperi Otom\u00e0\" href=\"https:\/\/ca.wikipedia.org\/wiki\/Imperi_Otom%C3%A0\">otom\u00e0<\/a>\u00a0i el\u00a0<a title=\"Imperi Rus\" href=\"https:\/\/ca.wikipedia.org\/wiki\/Imperi_Rus\">rus<\/a>, van deixar d&#8217;existir, i van apar\u00e8ixer els nous estats de\u00a0<a title=\"Txecoslov\u00e0quia\" href=\"https:\/\/ca.wikipedia.org\/wiki\/Txecoslov%C3%A0quia\">Txecoslov\u00e0quia<\/a>,\u00a0<a title=\"Regne dels Serbis, Croats i Eslovens\" href=\"https:\/\/ca.wikipedia.org\/wiki\/Regne_dels_Serbis,_Croats_i_Eslovens\">Iugosl\u00e0via<\/a>,\u00a0<a title=\"Hongria\" href=\"https:\/\/ca.wikipedia.org\/wiki\/Hongria\">Hongria<\/a>,\u00a0<a title=\"Est\u00f2nia\" href=\"https:\/\/ca.wikipedia.org\/wiki\/Est%C3%B2nia\">Est\u00f2nia<\/a>,\u00a0<a title=\"Let\u00f2nia\" href=\"https:\/\/ca.wikipedia.org\/wiki\/Let%C3%B2nia\">Let\u00f2nia<\/a>,\u00a0<a title=\"Litu\u00e0nia\" href=\"https:\/\/ca.wikipedia.org\/wiki\/Litu%C3%A0nia\">Litu\u00e0nia<\/a>,\u00a0<a title=\"Finl\u00e0ndia\" href=\"https:\/\/ca.wikipedia.org\/wiki\/Finl%C3%A0ndia\">Finl\u00e0ndia<\/a>\u00a0i\u00a0<a title=\"Pol\u00f2nia\" href=\"https:\/\/ca.wikipedia.org\/wiki\/Pol%C3%B2nia\">Pol\u00f2nia<\/a>.\u00a0<a title=\"Alemanya\" href=\"https:\/\/ca.wikipedia.org\/wiki\/Alemanya\">Alemanya<\/a>, a m\u00e9s, perd\u00e9 les col\u00f2nies d&#8217;ultramar.<\/p>\n<p><strong>Mireu aquesta presentaci\u00f3 sobre la 1a Guerra Mundial (teoria)<\/strong><\/p>\n<p><iframe loading=\"lazy\" src=\"\/\/www.slideshare.net\/slideshow\/embed_code\/key\/3wK5kCneaBtdLZ\" width=\"595\" height=\"485\" frameborder=\"0\"> <\/iframe><\/p>\n<div style=\"margin-bottom: 5px;\"><strong> <a title=\"T6 i guerra mundial\" href=\"\/\/www.slideshare.net\/ebbra\/t6-i-guerra-mundial\" target=\"_blank\" rel=\"noopener noreferrer\">T6 i guerra mundial<\/a> <\/strong> from <strong><a href=\"https:\/\/www.slideshare.net\/ebbra\" target=\"_blank\" rel=\"noopener noreferrer\">Maria Polo<\/a><\/strong><\/div>\n<p><strong>\u00a0<\/strong><\/p>\n<p><strong>Visioneu aquest v\u00eddeo sobre la primera Guerra Mundial<\/strong><\/p>\n<p><iframe loading=\"lazy\" src=\"https:\/\/www.youtube.com\/embed\/3XtXgH4YSrU\" width=\"560\" height=\"315\" frameborder=\"0\"><\/iframe><\/p>\n<p><strong>\u00a0<\/strong><\/p>\n<p><strong>Feu les activitats del formulari de sota<\/strong><\/p>\n<p><iframe loading=\"lazy\" src=\"https:\/\/docs.google.com\/forms\/d\/e\/1FAIpQLSd-nTRWPALQ-BzRfxGOOVZMOOdo8DLjOsNp8-h8XrnnT4e-Mg\/viewform?embedded=true\" width=\"640\" height=\"11859\" frameborder=\"0\">S&#8217;est\u00e0 carregant\u2026<\/iframe><\/p>\n","protected":false},"excerpt":{"rendered":"<p>La\u00a0Primera Guerra mundial\u00a0o la\u00a0Gran Guerra\u00a0fou un\u00a0<a title=\"Guerra\" href=\"https:\/\/ca.wikipedia.org\/wiki\/Guerra\">conflicte b\u00e8l\u00b7lic<\/a>\u00a0que va tenir lloc a\u00a0<a title=\"Europa\" href=\"https:\/\/ca.wikipedia.org\/wiki\/Europa\">Europa<\/a>\u00a0i al\u00a0<a class=\"mw-redirect\" title=\"Pr\u00f2xim Orient\" href=\"https:\/\/ca.wikipedia.org\/wiki\/Pr%C3%B2xim_Orient\">Pr\u00f2xim Orient<\/a>\u00a0entre\u00a0<a title=\"1914\" href=\"https:\/\/ca.wikipedia.org\/wiki\/1914\">1914<\/a>\u00a0i\u00a0<a title=\"1918\" href=\"https:\/\/ca.wikipedia.org\/wiki\/1918\">1918<\/a>. La pol\u00edtica exterior cada vegada m\u00e9s agressiva d&#8217;<a class=\"mw-redirect\" title=\"\u00c0ustria-Hongria\" href=\"https:\/\/ca.wikipedia.org\/wiki\/%C3%80ustria-Hongria\">\u00c0ustria-Hongria<\/a>,\u00a0<a title=\"Imperi Rus\" href=\"https:\/\/ca.wikipedia.org\/wiki\/Imperi_Rus\">R\u00fassia<\/a>\u00a0i especialment\u00a0<a title=\"Alemanya\" href=\"https:\/\/ca.wikipedia.org\/wiki\/Alemanya\">Alemanya<\/a>\u00a0va originar el conflicte.&hellip;  <a href=\"https:\/\/agora.xtec.cat\/cfacanovelles\/historia-ii\/la-primera-guerra-mundial\/\" title=\"Read La Primera Guerra Mundial\">Llegeix m\u00e9s\u00bb<\/a><\/p>\n","protected":false},"author":4,"featured_media":0,"comment_status":"open","ping_status":"closed","sticky":false,"template":"","format":"standard","meta":{"_bbp_topic_count":0,"_bbp_reply_count":0,"_bbp_total_topic_count":0,"_bbp_total_reply_count":0,"_bbp_voice_count":0,"_bbp_anonymous_reply_count":0,"_bbp_topic_count_hidden":0,"_bbp_reply_count_hidden":0,"_bbp_forum_subforum_count":0,"footnotes":""},"categories":[125],"tags":[],"class_list":["post-3169","post","type-post","status-publish","format-standard","hentry","category-historia-ii"],"post_mailing_queue_ids":[],"_links":{"self":[{"href":"https:\/\/agora.xtec.cat\/cfacanovelles\/wp-json\/wp\/v2\/posts\/3169","targetHints":{"allow":["GET"]}}],"collection":[{"href":"https:\/\/agora.xtec.cat\/cfacanovelles\/wp-json\/wp\/v2\/posts"}],"about":[{"href":"https:\/\/agora.xtec.cat\/cfacanovelles\/wp-json\/wp\/v2\/types\/post"}],"author":[{"embeddable":true,"href":"https:\/\/agora.xtec.cat\/cfacanovelles\/wp-json\/wp\/v2\/users\/4"}],"replies":[{"embeddable":true,"href":"https:\/\/agora.xtec.cat\/cfacanovelles\/wp-json\/wp\/v2\/comments?post=3169"}],"version-history":[{"count":2,"href":"https:\/\/agora.xtec.cat\/cfacanovelles\/wp-json\/wp\/v2\/posts\/3169\/revisions"}],"predecessor-version":[{"id":3171,"href":"https:\/\/agora.xtec.cat\/cfacanovelles\/wp-json\/wp\/v2\/posts\/3169\/revisions\/3171"}],"wp:attachment":[{"href":"https:\/\/agora.xtec.cat\/cfacanovelles\/wp-json\/wp\/v2\/media?parent=3169"}],"wp:term":[{"taxonomy":"category","embeddable":true,"href":"https:\/\/agora.xtec.cat\/cfacanovelles\/wp-json\/wp\/v2\/categories?post=3169"},{"taxonomy":"post_tag","embeddable":true,"href":"https:\/\/agora.xtec.cat\/cfacanovelles\/wp-json\/wp\/v2\/tags?post=3169"}],"curies":[{"name":"wp","href":"https:\/\/api.w.org\/{rel}","templated":true}]}}