{"id":3164,"date":"2021-03-18T09:10:13","date_gmt":"2021-03-18T08:10:13","guid":{"rendered":"https:\/\/agora.xtec.cat\/cfacanovelles\/?p=3164"},"modified":"2026-01-16T13:42:43","modified_gmt":"2026-01-16T12:42:43","slug":"marxisme-i-anarquisme","status":"publish","type":"post","link":"https:\/\/agora.xtec.cat\/cfacanovelles\/historia-ii\/marxisme-i-anarquisme\/","title":{"rendered":"Marxisme i anarquisme"},"content":{"rendered":"<h4><span id=\"Socialisme_revolucionari_(marxisme-leninisme)\" class=\"mw-headline\">Socialisme revolucionari (marxisme-leninisme)<\/span><\/h4>\n<p><img decoding=\"async\" class=\"alignleft\" src=\"https:\/\/encrypted-tbn0.gstatic.com\/images?q=tbn:ANd9GcTol0Xixh9CBjXxhugW28GAtznXyNH7qZlffQ&amp;usqp=CAU\" alt=\"Det kommunistiske manifest \u2013 Store norske leksikon\" \/>El\u00a0<a title=\"Socialisme revolucionari\" href=\"https:\/\/ca.wikipedia.org\/wiki\/Socialisme_revolucionari\">socialisme revolucionari<\/a>, o marxisme-leninisme, \u00e9s un terme gen\u00e8ric que s&#8217;utilitza per a un conjunt de diverses branques diferents del pensament\u00a0<a class=\"mw-redirect\" title=\"Marxista\" href=\"https:\/\/ca.wikipedia.org\/wiki\/Marxista\">marxista<\/a>\u00a0amb or\u00edgens hist\u00f2rics al\u00a0<a title=\"Leninisme\" href=\"https:\/\/ca.wikipedia.org\/wiki\/Leninisme\">leninisme<\/a>.<\/p>\n<p><a title=\"Karl Marx\" href=\"https:\/\/ca.wikipedia.org\/wiki\/Karl_Marx\">Karl Marx<\/a>\u00a0era fill d&#8217;un\u00a0<a title=\"Alemany\" href=\"https:\/\/ca.wikipedia.org\/wiki\/Alemany\">alemany<\/a>\u00a0que s&#8217;exili\u00e0 a Par\u00eds, on va con\u00e8ixer a\u00a0<a title=\"Friedrich Engels\" href=\"https:\/\/ca.wikipedia.org\/wiki\/Friedrich_Engels\">Friedrich Engels<\/a>,\u00a0<a class=\"mw-disambig\" title=\"Bakunin\" href=\"https:\/\/ca.wikipedia.org\/wiki\/Bakunin\">Bakunin<\/a>\u00a0i\u00a0<a class=\"mw-redirect\" title=\"Proudhon\" href=\"https:\/\/ca.wikipedia.org\/wiki\/Proudhon\">Proudhon<\/a>. Va fundar un diari que aviat seria prohibit, i marx\u00e0 a\u00a0<a title=\"B\u00e8lgica\" href=\"https:\/\/ca.wikipedia.org\/wiki\/B%C3%A8lgica\">B\u00e8lgica<\/a>\u00a0amb Engels. Poc abans d&#8217;esclatar la\u00a0<a title=\"Revoluci\u00f3 de 1848\" href=\"https:\/\/ca.wikipedia.org\/wiki\/Revoluci%C3%B3_de_1848\">revoluci\u00f3 de 1848<\/a>\u00a0public\u00e0 el\u00a0<a class=\"mw-redirect\" title=\"Manifest comunista\" href=\"https:\/\/ca.wikipedia.org\/wiki\/Manifest_comunista\">Manifest comunista<\/a>, despr\u00e9s fou expulsat de B\u00e8lgica, i torn\u00e0 a Alemanya per a intentar atraure la\u00a0<a title=\"Burgesia\" href=\"https:\/\/ca.wikipedia.org\/wiki\/Burgesia\">burgesia<\/a>\u00a0a les seves idees. En\u00a0<a title=\"1865\" href=\"https:\/\/ca.wikipedia.org\/wiki\/1865\">1865<\/a>\u00a0s&#8217;instal\u00b7l\u00e0 a\u00a0<a title=\"Londres\" href=\"https:\/\/ca.wikipedia.org\/wiki\/Londres\">Londres<\/a>, a un dels barris m\u00e9s marginals, i hi va escriure &#8220;<a class=\"mw-redirect\" title=\"El capital\" href=\"https:\/\/ca.wikipedia.org\/wiki\/El_capital\">El capital<\/a>&#8220;, on explica la teoria sobre el proc\u00e9s de transformaci\u00f3 del sistema\u00a0<a class=\"mw-redirect\" title=\"Capitalista\" href=\"https:\/\/ca.wikipedia.org\/wiki\/Capitalista\">capitalista<\/a>\u00a0al\u00a0<a class=\"mw-redirect\" title=\"Socialista\" href=\"https:\/\/ca.wikipedia.org\/wiki\/Socialista\">socialista<\/a>.<\/p>\n<ul>\n<li><a title=\"Materialisme hist\u00f2ric\" href=\"https:\/\/ca.wikipedia.org\/wiki\/Materialisme_hist%C3%B2ric\">Materialisme hist\u00f2ric<\/a>: Segons Marx la\u00a0<a title=\"Hist\u00f2ria\" href=\"https:\/\/ca.wikipedia.org\/wiki\/Hist%C3%B2ria\">hist\u00f2ria<\/a>\u00a0evoluciona seguint una estructura determinada. El moviment inicial s&#8217;anomena\u00a0<i><a title=\"Tesi\" href=\"https:\/\/ca.wikipedia.org\/wiki\/Tesi\">tesi<\/a><\/i>\u00a0i \u00e9s una situaci\u00f3 que en el decurs del temps marxa cap a la situaci\u00f3 oposada, anomenada\u00a0<i><a title=\"Ant\u00edtesi\" href=\"https:\/\/ca.wikipedia.org\/wiki\/Ant%C3%ADtesi\">ant\u00edtesi<\/a><\/i>, fins a anar a parar a una situaci\u00f3 final anomenada \u00abs\u00edntesi\u00bb, la qual actua com a nova tesi per a la fase hist\u00f2rica seg\u00fcent. El motiu de canvi entre una fase i altra s\u00f3n les tensions entre posse\u00efdors i desposse\u00efts. En un moment determinat apareixen obstacles per a un normal desenvolupament dels\u00a0<a title=\"\" href=\"https:\/\/ca.wikipedia.org\/wiki\/Mitjans_de_producci%C3%B3\">mitjans de producci\u00f3<\/a>\u00a0i fa que s&#8217;obri una nova \u00e8poca d&#8217;evoluci\u00f3 social, aix\u00ed doncs per a moure el\u00a0<a title=\"Motor\" href=\"https:\/\/ca.wikipedia.org\/wiki\/Motor\">motor<\/a>\u00a0de la hist\u00f2ria \u00e9s la\u00a0<a class=\"mw-redirect\" title=\"Lluita entre classes\" href=\"https:\/\/ca.wikipedia.org\/wiki\/Lluita_entre_classes\">lluita entre classes<\/a>. Per Marx, la\u00a0<a class=\"mw-redirect\" title=\"Revoluci\u00f3 industrial\" href=\"https:\/\/ca.wikipedia.org\/wiki\/Revoluci%C3%B3_industrial\">revoluci\u00f3 industrial<\/a>\u00a0ser\u00e0 un fet de tesis en el qual les forces de producci\u00f3 tindrien la situaci\u00f3 oposada en la burgesia i els obrers. L&#8217;ant\u00edtesi s&#8217;esdevindria en el moment que mitjan\u00e7ant la lluita de classes es faci possible la situaci\u00f3 contr\u00e0ria, \u00e9s a dir, la\u00a0<a title=\"Dictadura del proletariat\" href=\"https:\/\/ca.wikipedia.org\/wiki\/Dictadura_del_proletariat\">dictadura del proletariat<\/a>. Marx analitza la\u00a0<a title=\"Societat\" href=\"https:\/\/ca.wikipedia.org\/wiki\/Societat\">societat<\/a>\u00a0des de la hist\u00f2ria i veu diferents moments on es veu la\u00a0<a title=\"Teoria\" href=\"https:\/\/ca.wikipedia.org\/wiki\/Teoria\">teoria<\/a>\u00a0tesi-ant\u00edtesi;\u00a0<a title=\"Antiga Roma\" href=\"https:\/\/ca.wikipedia.org\/wiki\/Antiga_Roma\">Antiga Roma<\/a>\u00a0(<a class=\"mw-redirect\" title=\"Esclau\" href=\"https:\/\/ca.wikipedia.org\/wiki\/Esclau\">esclaus<\/a>\u00a0&#8211; homes lliures),\u00a0<a title=\"Edat mitjana\" href=\"https:\/\/ca.wikipedia.org\/wiki\/Edat_mitjana\">edat mitjana<\/a>\u00a0(<a class=\"mw-redirect\" title=\"Senyors feudals\" href=\"https:\/\/ca.wikipedia.org\/wiki\/Senyors_feudals\">senyors feudals<\/a>\u00a0&#8211;\u00a0<a class=\"mw-redirect\" title=\"Vassall\" href=\"https:\/\/ca.wikipedia.org\/wiki\/Vassall\">vassalls<\/a>) i\u00a0<a title=\"Edat moderna\" href=\"https:\/\/ca.wikipedia.org\/wiki\/Edat_moderna\">edat moderna<\/a>\u00a0(<a title=\"Burgesia\" href=\"https:\/\/ca.wikipedia.org\/wiki\/Burgesia\">burgesia<\/a>\u00a0&#8211;\u00a0<a title=\"Proletariat\" href=\"https:\/\/ca.wikipedia.org\/wiki\/Proletariat\">proletariat<\/a>), segons ell l&#8217;\u00faltim episodi de la societat de classes.<\/li>\n<li><a title=\"Dictadura del proletariat\" href=\"https:\/\/ca.wikipedia.org\/wiki\/Dictadura_del_proletariat\">Dictadura del proletariat<\/a>: Transici\u00f3 entre la societat\u00a0<a class=\"mw-redirect\" title=\"Capitalista\" href=\"https:\/\/ca.wikipedia.org\/wiki\/Capitalista\">capitalista<\/a>\u00a0i la\u00a0<a class=\"mw-redirect\" title=\"Comunista\" href=\"https:\/\/ca.wikipedia.org\/wiki\/Comunista\">comunista<\/a>\u00a0que busca una societat sense\u00a0<a class=\"mw-redirect\" title=\"Classes socials\" href=\"https:\/\/ca.wikipedia.org\/wiki\/Classes_socials\">classes socials<\/a>, l&#8217;abolici\u00f3 de la propietat privada i la\u00a0<a title=\"Socialitzaci\u00f3\" href=\"https:\/\/ca.wikipedia.org\/wiki\/Socialitzaci%C3%B3\">socialitzaci\u00f3<\/a>\u00a0dels mitjans de producci\u00f3 per tal d&#8217;erradicar la\u00a0<a title=\"Plusv\u00e0lua\" href=\"https:\/\/ca.wikipedia.org\/wiki\/Plusv%C3%A0lua\">plusv\u00e0lua<\/a>.<\/li>\n<li><a title=\"Plusv\u00e0lua\" href=\"https:\/\/ca.wikipedia.org\/wiki\/Plusv%C3%A0lua\">Plusv\u00e0lua<\/a>: En l&#8217;an\u00e0lisi de la societat capitalista, Marx va descobrir l&#8217;origen de les\u00a0<a title=\"Desigualtat social\" href=\"https:\/\/ca.wikipedia.org\/wiki\/Desigualtat_social\">desigualtats socials<\/a>: l&#8217;enriquiment dels\u00a0<a title=\"Empresa\" href=\"https:\/\/ca.wikipedia.org\/wiki\/Empresa\">empresaris<\/a>\u00a0motivat per l&#8217;apropiaci\u00f3 individual en una part del benefici produ\u00eft i no retribu\u00eft a l&#8217;obrer.<\/li>\n<li><a title=\"Socialisme cient\u00edfic\" href=\"https:\/\/ca.wikipedia.org\/wiki\/Socialisme_cient%C3%ADfic\">Socialisme cient\u00edfic<\/a>:\u00a0<a title=\"Socialisme\" href=\"https:\/\/ca.wikipedia.org\/wiki\/Socialisme\">Socialisme<\/a>\u00a0proposat per\u00a0<a title=\"Karl Marx\" href=\"https:\/\/ca.wikipedia.org\/wiki\/Karl_Marx\">Karl Marx<\/a>\u00a0en el qual parteix de la base que les\u00a0<a title=\"Precepte moral\" href=\"https:\/\/ca.wikipedia.org\/wiki\/Precepte_moral\">lleis<\/a>\u00a0que regeixen la\u00a0<a title=\"Hist\u00f2ria\" href=\"https:\/\/ca.wikipedia.org\/wiki\/Hist%C3%B2ria\">hist\u00f2ria<\/a>, \u00e9s a dir, el\u00a0<a title=\"Passat\" href=\"https:\/\/ca.wikipedia.org\/wiki\/Passat\">passat<\/a>, tindran les claus que presentin el\u00a0<a title=\"Futur\" href=\"https:\/\/ca.wikipedia.org\/wiki\/Futur\">futur<\/a>.<\/li>\n<\/ul>\n<h4><span id=\"Anarquisme\" class=\"mw-headline\">Anarquisme<\/span><\/h4>\n<p><img loading=\"lazy\" decoding=\"async\" class=\"alignleft\" src=\"https:\/\/upload.wikimedia.org\/wikipedia\/commons\/6\/6c\/Bakunin_Nadar.jpg\" alt=\"Mija\u00edl Bakunin - Wikipedia, la enciclopedia libre\" width=\"149\" height=\"199\" \/>L&#8217;anarquisme \u00e9s una teoria revolucion\u00e0ria que rebutja qualsevol mena d&#8217;<a title=\"Autoritat\" href=\"https:\/\/ca.wikipedia.org\/wiki\/Autoritat\">autoritat<\/a>\u00a0imposada, tant de l&#8217;<a class=\"mw-redirect\" title=\"Estat\" href=\"https:\/\/ca.wikipedia.org\/wiki\/Estat\">Estat<\/a>\u00a0com de la\u00a0<a title=\"Religi\u00f3\" href=\"https:\/\/ca.wikipedia.org\/wiki\/Religi%C3%B3\">religi\u00f3<\/a>. Reivindica la supressi\u00f3 de l&#8217;activitat privada mitjan\u00e7ant la\u00a0<a title=\"Col\u00b7lectivitzaci\u00f3\" href=\"https:\/\/ca.wikipedia.org\/wiki\/Col%C2%B7lectivitzaci%C3%B3\">col\u00b7lectivitzaci\u00f3<\/a>, ja que, segons aquesta\u00a0<a title=\"Ideologia\" href=\"https:\/\/ca.wikipedia.org\/wiki\/Ideologia\">ideologia<\/a>, la societat es pot\u00a0<a title=\"Autogesti\u00f3\" href=\"https:\/\/ca.wikipedia.org\/wiki\/Autogesti%C3%B3\">autogestionar<\/a>\u00a0o dirigir-se a si mateixa mitjan\u00e7ant l&#8217;<a title=\"Acci\u00f3 directa\" href=\"https:\/\/ca.wikipedia.org\/wiki\/Acci%C3%B3_directa\">acci\u00f3 directa<\/a>. Considera que l&#8217;<a title=\"Educaci\u00f3\" href=\"https:\/\/ca.wikipedia.org\/wiki\/Educaci%C3%B3\">educaci\u00f3<\/a>\u00a0\u00e9s una de les eines principals de transformaci\u00f3\u00a0<a class=\"mw-redirect\" title=\"Social\" href=\"https:\/\/ca.wikipedia.org\/wiki\/Social\">social<\/a>.\u00a0<a class=\"mw-disambig\" title=\"Bakunin\" href=\"https:\/\/ca.wikipedia.org\/wiki\/Bakunin\">Bakunin<\/a>\u00a0fou el principal te\u00f2ric del moviment anarquista, que portaren a la pr\u00e0ctica\u00a0<a class=\"mw-redirect\" title=\"Proudhon\" href=\"https:\/\/ca.wikipedia.org\/wiki\/Proudhon\">Proudhon<\/a>\u00a0i\u00a0<a title=\"Robert Owen\" href=\"https:\/\/ca.wikipedia.org\/wiki\/Robert_Owen\">Owen<\/a>\u00a0entre d&#8217;altres. De la fusi\u00f3 de l&#8217;anarquisme i el\u00a0<a title=\"Sindicalisme\" href=\"https:\/\/ca.wikipedia.org\/wiki\/Sindicalisme\">sindicalisme<\/a>\u00a0va n\u00e9ixer l&#8217;<a title=\"Anarcosindicalisme\" href=\"https:\/\/ca.wikipedia.org\/wiki\/Anarcosindicalisme\">anarcosindicalisme<\/a>.<\/p>\n<p>&nbsp;<\/p>\n<p>&nbsp;<\/p>\n<p><strong>Visioneu aquests v\u00eddeos sobre\u00a0 l\u2019anarquisme<\/strong><\/p>\n<p><iframe loading=\"lazy\" src=\"https:\/\/www.youtube.com\/embed\/ElwVa1FwsZ4\" width=\"560\" height=\"315\" frameborder=\"0\"><\/iframe><\/p>\n<p><strong>\u00a0i el marxisme<\/strong><\/p>\n<p><iframe loading=\"lazy\" src=\"https:\/\/www.youtube.com\/embed\/xw1ysHO8KeQ\" width=\"560\" height=\"315\" frameborder=\"0\"><\/iframe><\/p>\n<p><strong>Feu les activitats sobre el text de Bakunin que hi ha al formulari.<\/strong><\/p>\n<p><iframe loading=\"lazy\" src=\"https:\/\/docs.google.com\/forms\/d\/e\/1FAIpQLSeyLZ56XLU0fVdjm8LXWfLotFZY9u641CfwGvUJok7iYqNfwQ\/viewform?embedded=true\" width=\"640\" height=\"1408\" frameborder=\"0\">S&#8217;est\u00e0 carregant\u2026<\/iframe><\/p>\n","protected":false},"excerpt":{"rendered":"<p>Socialisme revolucionari (marxisme-leninisme)<br \/>\nEl\u00a0<a title=\"Socialisme revolucionari\" href=\"https:\/\/ca.wikipedia.org\/wiki\/Socialisme_revolucionari\">socialisme revolucionari<\/a>, o marxisme-leninisme, \u00e9s un terme gen\u00e8ric que s&#8217;utilitza per a un conjunt de diverses branques diferents del pensament\u00a0<a class=\"mw-redirect\" title=\"Marxista\" href=\"https:\/\/ca.wikipedia.org\/wiki\/Marxista\">marxista<\/a>\u00a0amb or\u00edgens hist\u00f2rics al\u00a0<a title=\"Leninisme\" href=\"https:\/\/ca.wikipedia.org\/wiki\/Leninisme\">leninisme<\/a>.<br \/>\n<a title=\"Karl Marx\" href=\"https:\/\/ca.wikipedia.org\/wiki\/Karl_Marx\">Karl Marx<\/a>\u00a0era fill d&#8217;un\u00a0<a title=\"Alemany\" href=\"https:\/\/ca.wikipedia.org\/wiki\/Alemany\">alemany<\/a>\u00a0que s&#8217;exili\u00e0 a Par\u00eds, on&hellip;  <a href=\"https:\/\/agora.xtec.cat\/cfacanovelles\/historia-ii\/marxisme-i-anarquisme\/\" title=\"Read Marxisme i anarquisme\">Llegeix m\u00e9s\u00bb<\/a><\/p>\n","protected":false},"author":4,"featured_media":0,"comment_status":"open","ping_status":"closed","sticky":false,"template":"","format":"standard","meta":{"_bbp_topic_count":0,"_bbp_reply_count":0,"_bbp_total_topic_count":0,"_bbp_total_reply_count":0,"_bbp_voice_count":0,"_bbp_anonymous_reply_count":0,"_bbp_topic_count_hidden":0,"_bbp_reply_count_hidden":0,"_bbp_forum_subforum_count":0,"footnotes":""},"categories":[125],"tags":[],"class_list":["post-3164","post","type-post","status-publish","format-standard","hentry","category-historia-ii"],"post_mailing_queue_ids":[],"_links":{"self":[{"href":"https:\/\/agora.xtec.cat\/cfacanovelles\/wp-json\/wp\/v2\/posts\/3164","targetHints":{"allow":["GET"]}}],"collection":[{"href":"https:\/\/agora.xtec.cat\/cfacanovelles\/wp-json\/wp\/v2\/posts"}],"about":[{"href":"https:\/\/agora.xtec.cat\/cfacanovelles\/wp-json\/wp\/v2\/types\/post"}],"author":[{"embeddable":true,"href":"https:\/\/agora.xtec.cat\/cfacanovelles\/wp-json\/wp\/v2\/users\/4"}],"replies":[{"embeddable":true,"href":"https:\/\/agora.xtec.cat\/cfacanovelles\/wp-json\/wp\/v2\/comments?post=3164"}],"version-history":[{"count":3,"href":"https:\/\/agora.xtec.cat\/cfacanovelles\/wp-json\/wp\/v2\/posts\/3164\/revisions"}],"predecessor-version":[{"id":4316,"href":"https:\/\/agora.xtec.cat\/cfacanovelles\/wp-json\/wp\/v2\/posts\/3164\/revisions\/4316"}],"wp:attachment":[{"href":"https:\/\/agora.xtec.cat\/cfacanovelles\/wp-json\/wp\/v2\/media?parent=3164"}],"wp:term":[{"taxonomy":"category","embeddable":true,"href":"https:\/\/agora.xtec.cat\/cfacanovelles\/wp-json\/wp\/v2\/categories?post=3164"},{"taxonomy":"post_tag","embeddable":true,"href":"https:\/\/agora.xtec.cat\/cfacanovelles\/wp-json\/wp\/v2\/tags?post=3164"}],"curies":[{"name":"wp","href":"https:\/\/api.w.org\/{rel}","templated":true}]}}