{"id":3158,"date":"2021-03-18T06:47:36","date_gmt":"2021-03-18T05:47:36","guid":{"rendered":"https:\/\/agora.xtec.cat\/cfacanovelles\/?p=3158"},"modified":"2026-01-16T13:42:05","modified_gmt":"2026-01-16T12:42:05","slug":"la-revolucio-francesa","status":"publish","type":"post","link":"https:\/\/agora.xtec.cat\/cfacanovelles\/historia-ii\/la-revolucio-francesa\/","title":{"rendered":"La Revoluci\u00f3 Francesa"},"content":{"rendered":"<p><img loading=\"lazy\" decoding=\"async\" class=\"mw-file-element alignleft\" src=\"https:\/\/upload.wikimedia.org\/wikipedia\/commons\/thumb\/4\/4e\/Prise_de_la_Bastille.jpg\/300px-Prise_de_la_Bastille.jpg\" srcset=\"\/\/upload.wikimedia.org\/wikipedia\/commons\/thumb\/4\/4e\/Prise_de_la_Bastille.jpg\/450px-Prise_de_la_Bastille.jpg 1.5x, \/\/upload.wikimedia.org\/wikipedia\/commons\/thumb\/4\/4e\/Prise_de_la_Bastille.jpg\/600px-Prise_de_la_Bastille.jpg 2x\" width=\"383\" height=\"286\" data-file-width=\"7877\" data-file-height=\"5877\" \/>La\u00a0<b>Revoluci\u00f3 Francesa<\/b>\u00a0(<a title=\"1789\" href=\"https:\/\/ca.wikipedia.org\/wiki\/1789\">1789<\/a>\u00a0\u2013\u00a0<a title=\"1799\" href=\"https:\/\/ca.wikipedia.org\/wiki\/1799\">1799<\/a>) es considera el model de\u00a0<a title=\"Revoluci\u00f3\" href=\"https:\/\/ca.wikipedia.org\/wiki\/Revoluci%C3%B3\">revoluci\u00f3<\/a>\u00a0pol\u00edtica de la seva \u00e8poca i va suposar la conquesta del poder per la\u00a0<a title=\"Burgesia\" href=\"https:\/\/ca.wikipedia.org\/wiki\/Burgesia\">burgesia<\/a>\u00a0i el despla\u00e7ament de l&#8217;<a title=\"Aristocr\u00e0cia\" href=\"https:\/\/ca.wikipedia.org\/wiki\/Aristocr%C3%A0cia\">aristocr\u00e0cia<\/a>\u00a0i el\u00a0<a title=\"Clergat\" href=\"https:\/\/ca.wikipedia.org\/wiki\/Clergat\">clergat<\/a>.<\/p>\n<p>En acabar el segle\u00a0<span title=\"Nombre\u00a0escrit en xifres romanes\">xviii<\/span>, el\u00a0<a title=\"Regne de Fran\u00e7a\" href=\"https:\/\/ca.wikipedia.org\/wiki\/Regne_de_Fran%C3%A7a\">regne de Fran\u00e7a<\/a>, com la major part d&#8217;<a title=\"Europa\" href=\"https:\/\/ca.wikipedia.org\/wiki\/Europa\">Europa<\/a>, estava sotmesa a l&#8217;<a class=\"mw-redirect\" title=\"Antic R\u00e8gim\" href=\"https:\/\/ca.wikipedia.org\/wiki\/Antic_R%C3%A8gim\">Antic R\u00e8gim<\/a>. Era, doncs, una societat\u00a0<a class=\"mw-redirect\" title=\"Estament\" href=\"https:\/\/ca.wikipedia.org\/wiki\/Estament\">estamental<\/a>\u00a0fonamentada en el privilegi i la propietat de la terra. La\u00a0<a title=\"Monarquia absoluta\" href=\"https:\/\/ca.wikipedia.org\/wiki\/Monarquia_absoluta\">monarquia absoluta<\/a>\u00a0de\u00a0<a class=\"mw-redirect\" title=\"Llu\u00eds XVI\" href=\"https:\/\/ca.wikipedia.org\/wiki\/Llu%C3%ADs_XVI\">Llu\u00eds XVI<\/a>\u00a0era incapa\u00e7 de millorar la situaci\u00f3 de crisi financera, fam i debilitat de la vella estructura de classes. Aix\u00ed doncs, les classes socials quedaven dividides entre privilegiats (rei, noblesa i clergat), i els no privilegiats (burgesia, pagesos, etc). En aquest context es produeix un seguit de revoltes que condu\u00efren a la revocaci\u00f3 de l&#8217;Antic R\u00e8gim.<\/p>\n<p>La primera etapa revolucion\u00e0ria, la de la\u00a0<b>Monarquia constitucional<\/b>\u00a0(1789-1792), succe\u00ed quan els membres del\u00a0<a class=\"mw-redirect\" title=\"Tercer Estat\" href=\"https:\/\/ca.wikipedia.org\/wiki\/Tercer_Estat\">Tercer Estat<\/a>\u00a0realitzaren una\u00a0<a title=\"Drets humans\" href=\"https:\/\/ca.wikipedia.org\/wiki\/Drets_humans\">revolta jur\u00eddica<\/a>\u00a0i es constitu\u00efren en Assemblea Nacional.\u00a0<a title=\"Aquesta nit i sempre\" href=\"https:\/\/ca.wikipedia.org\/wiki\/Aquesta_nit_i_sempre\">Aquesta<\/a>\u00a0assemblea proclam\u00e0 la sobirania nacional, la divisi\u00f3 de poders i el sufragi censatari, alhora que elimin\u00e0 tots els vestigis de l&#8217;<a class=\"mw-redirect\" title=\"Antic R\u00e8gim\" href=\"https:\/\/ca.wikipedia.org\/wiki\/Antic_R%C3%A8gim\">Antic R\u00e8gim<\/a>\u00a0i promulg\u00e0 la\u00a0<a title=\"Declaraci\u00f3 dels Drets de l'Home i del Ciutad\u00e0\" href=\"https:\/\/ca.wikipedia.org\/wiki\/Declaraci%C3%B3_dels_Drets_de_l%27Home_i_del_Ciutad%C3%A0\">Declaraci\u00f3 dels Drets de l&#8217;Home i del Ciutad\u00e0<\/a>. Paral\u00b7lelament esclat\u00e0 una revolta popular en el camp i a\u00a0<a title=\"Par\u00eds\" href=\"https:\/\/ca.wikipedia.org\/wiki\/Par%C3%ADs\">Par\u00eds<\/a>, revolta simbolitzada per la\u00a0<a title=\"Presa de la Bastilla\" href=\"https:\/\/ca.wikipedia.org\/wiki\/Presa_de_la_Bastilla\">presa de la Bastilla<\/a>. L&#8217;Assemblea Constituent, el\u00a0<a title=\"1791\" href=\"https:\/\/ca.wikipedia.org\/wiki\/1791\">1791<\/a>, aprov\u00e0 la primera constituci\u00f3.<\/p>\n<p>La segona etapa va ser la de la\u00a0<b>Convenci\u00f3 Republicana<\/b>\u00a0(1792-1794). Els problemes econ\u00f2mics, socials i pol\u00edtics se sumaren a l&#8217;oposici\u00f3 de la\u00a0<a title=\"Monarquia\" href=\"https:\/\/ca.wikipedia.org\/wiki\/Monarquia\">monarquia<\/a>\u00a0i l&#8217;<a title=\"Aristocr\u00e0cia\" href=\"https:\/\/ca.wikipedia.org\/wiki\/Aristocr%C3%A0cia\">aristocr\u00e0cia<\/a>, i causaren una nova onada revolucion\u00e0ria que desemboc\u00e0 en la instauraci\u00f3 d&#8217;una\u00a0<a title=\"Rep\u00fablica\" href=\"https:\/\/ca.wikipedia.org\/wiki\/Rep%C3%BAblica\">rep\u00fablica<\/a>. El rei\u00a0<a class=\"mw-redirect\" title=\"Llu\u00eds XVI\" href=\"https:\/\/ca.wikipedia.org\/wiki\/Llu%C3%ADs_XVI\">Llu\u00eds XVI<\/a>\u00a0va ser jutjat, condemnat i executat. La Convenci\u00f3 va tenir un car\u00e0cter\u00a0<a title=\"Liberalisme\" href=\"https:\/\/ca.wikipedia.org\/wiki\/Liberalisme\">liberal<\/a>, amb l&#8217;excepci\u00f3 del violent per\u00edode\u00a0<a class=\"mw-redirect\" title=\"Jacobinisme\" href=\"https:\/\/ca.wikipedia.org\/wiki\/Jacobinisme\">jacob\u00ed<\/a>.<\/p>\n<p>La darrera etapa, la del\u00a0<b>Directori<\/b>\u00a0(1795-1799) va consolidar el poder de la\u00a0<a title=\"Burgesia\" href=\"https:\/\/ca.wikipedia.org\/wiki\/Burgesia\">burgesia<\/a>\u00a0que, per mantenir-se davant la pressi\u00f3 dels extrems mon\u00e0rquics i de l&#8217;esquerra jacobina, promogu\u00e9 un cop d&#8217;estat (<a title=\"1799\" href=\"https:\/\/ca.wikipedia.org\/wiki\/1799\">1799<\/a>) encap\u00e7alat per\u00a0<a title=\"Napole\u00f3 Bonaparte\" href=\"https:\/\/ca.wikipedia.org\/wiki\/Napole%C3%B3_Bonaparte\">Napole\u00f3 Bonaparte<\/a>, amb el qual finalitza el per\u00edode revolucionari.<\/p>\n<p><strong>Visioneu aquest v\u00eddeo sobre la Revoluci\u00f3 Francesa <\/strong><\/p>\n<p><iframe loading=\"lazy\" src=\"https:\/\/www.youtube.com\/embed\/ttdq818TGD0\" width=\"560\" height=\"315\" frameborder=\"0\"><\/iframe><\/p>\n<p><strong>\u00a0Feu les activitats del formulari<\/strong><\/p>\n<p>&nbsp;<\/p>\n<p><iframe loading=\"lazy\" src=\"https:\/\/docs.google.com\/forms\/d\/e\/1FAIpQLSfiy8vB4sJWecHBa8yvkQcyae4vd56cY4F-Mn5mYfmRskRsew\/viewform?embedded=true\" width=\"640\" height=\"1103\" frameborder=\"0\">S&#8217;est\u00e0 carregant\u2026<\/iframe><\/p>\n","protected":false},"excerpt":{"rendered":"<p>La\u00a0Revoluci\u00f3 Francesa\u00a0(<a title=\"1789\" href=\"https:\/\/ca.wikipedia.org\/wiki\/1789\">1789<\/a>\u00a0\u2013\u00a0<a title=\"1799\" href=\"https:\/\/ca.wikipedia.org\/wiki\/1799\">1799<\/a>) es considera el model de\u00a0<a title=\"Revoluci\u00f3\" href=\"https:\/\/ca.wikipedia.org\/wiki\/Revoluci%C3%B3\">revoluci\u00f3<\/a>\u00a0pol\u00edtica de la seva \u00e8poca i va suposar la conquesta del poder per la\u00a0<a title=\"Burgesia\" href=\"https:\/\/ca.wikipedia.org\/wiki\/Burgesia\">burgesia<\/a>\u00a0i el despla\u00e7ament de l&#8217;<a title=\"Aristocr\u00e0cia\" href=\"https:\/\/ca.wikipedia.org\/wiki\/Aristocr%C3%A0cia\">aristocr\u00e0cia<\/a>\u00a0i el\u00a0<a title=\"Clergat\" href=\"https:\/\/ca.wikipedia.org\/wiki\/Clergat\">clergat<\/a>.<br \/>\nEn acabar el segle\u00a0xviii, el\u00a0<a title=\"Regne de Fran\u00e7a\" href=\"https:\/\/ca.wikipedia.org\/wiki\/Regne_de_Fran%C3%A7a\">regne&hellip;  <a href=\"https:\/\/agora.xtec.cat\/cfacanovelles\/historia-ii\/la-revolucio-francesa\/\" title=\"Read La Revoluci\u00f3 Francesa\">Llegeix m\u00e9s\u00bb<\/a><\/p>\n","protected":false},"author":4,"featured_media":0,"comment_status":"open","ping_status":"closed","sticky":false,"template":"","format":"standard","meta":{"_bbp_topic_count":0,"_bbp_reply_count":0,"_bbp_total_topic_count":0,"_bbp_total_reply_count":0,"_bbp_voice_count":0,"_bbp_anonymous_reply_count":0,"_bbp_topic_count_hidden":0,"_bbp_reply_count_hidden":0,"_bbp_forum_subforum_count":0,"footnotes":""},"categories":[125],"tags":[],"class_list":["post-3158","post","type-post","status-publish","format-standard","hentry","category-historia-ii"],"post_mailing_queue_ids":[],"_links":{"self":[{"href":"https:\/\/agora.xtec.cat\/cfacanovelles\/wp-json\/wp\/v2\/posts\/3158","targetHints":{"allow":["GET"]}}],"collection":[{"href":"https:\/\/agora.xtec.cat\/cfacanovelles\/wp-json\/wp\/v2\/posts"}],"about":[{"href":"https:\/\/agora.xtec.cat\/cfacanovelles\/wp-json\/wp\/v2\/types\/post"}],"author":[{"embeddable":true,"href":"https:\/\/agora.xtec.cat\/cfacanovelles\/wp-json\/wp\/v2\/users\/4"}],"replies":[{"embeddable":true,"href":"https:\/\/agora.xtec.cat\/cfacanovelles\/wp-json\/wp\/v2\/comments?post=3158"}],"version-history":[{"count":2,"href":"https:\/\/agora.xtec.cat\/cfacanovelles\/wp-json\/wp\/v2\/posts\/3158\/revisions"}],"predecessor-version":[{"id":5305,"href":"https:\/\/agora.xtec.cat\/cfacanovelles\/wp-json\/wp\/v2\/posts\/3158\/revisions\/5305"}],"wp:attachment":[{"href":"https:\/\/agora.xtec.cat\/cfacanovelles\/wp-json\/wp\/v2\/media?parent=3158"}],"wp:term":[{"taxonomy":"category","embeddable":true,"href":"https:\/\/agora.xtec.cat\/cfacanovelles\/wp-json\/wp\/v2\/categories?post=3158"},{"taxonomy":"post_tag","embeddable":true,"href":"https:\/\/agora.xtec.cat\/cfacanovelles\/wp-json\/wp\/v2\/tags?post=3158"}],"curies":[{"name":"wp","href":"https:\/\/api.w.org\/{rel}","templated":true}]}}