{"id":3156,"date":"2021-03-17T20:27:59","date_gmt":"2021-03-17T19:27:59","guid":{"rendered":"https:\/\/agora.xtec.cat\/cfacanovelles\/?p=3156"},"modified":"2025-01-08T16:52:49","modified_gmt":"2025-01-08T15:52:49","slug":"la-revolucio-industrial","status":"publish","type":"post","link":"https:\/\/agora.xtec.cat\/cfacanovelles\/historia-ii\/la-revolucio-industrial\/","title":{"rendered":"La Revoluci\u00f3 Industrial"},"content":{"rendered":"<p>La\u00a0<b>Revoluci\u00f3 Industrial<\/b>\u00a0\u00e9s el proc\u00e9s d&#8217;industrialitzaci\u00f3 amb el conjunt de canvis econ\u00f2mics i socials que aquest comporta.<sup id=\"cite_ref-GEC_1-0\" class=\"reference\"><\/sup><\/p>\n<div class=\"thumb tleft\">\n<div class=\"thumbinner\">\n<p><a class=\"image\" href=\"https:\/\/ca.wikipedia.org\/wiki\/Fitxer:Catalonia_Terrassa_mNATEC_MaquinaDeVapor.jpg\"><img loading=\"lazy\" decoding=\"async\" class=\"thumbimage alignleft\" src=\"https:\/\/upload.wikimedia.org\/wikipedia\/commons\/thumb\/e\/e0\/Catalonia_Terrassa_mNATEC_MaquinaDeVapor.jpg\/220px-Catalonia_Terrassa_mNATEC_MaquinaDeVapor.jpg\" srcset=\"\/\/upload.wikimedia.org\/wikipedia\/commons\/thumb\/e\/e0\/Catalonia_Terrassa_mNATEC_MaquinaDeVapor.jpg\/330px-Catalonia_Terrassa_mNATEC_MaquinaDeVapor.jpg 1.5x, \/\/upload.wikimedia.org\/wikipedia\/commons\/thumb\/e\/e0\/Catalonia_Terrassa_mNATEC_MaquinaDeVapor.jpg\/440px-Catalonia_Terrassa_mNATEC_MaquinaDeVapor.jpg 2x\" alt=\"\" width=\"235\" height=\"176\" data-file-width=\"2048\" data-file-height=\"1536\" \/><\/a><\/p>\n<div class=\"thumbcaption\">\n<div class=\"magnify\"><\/div>\n<\/div>\n<\/div>\n<\/div>\n<p>L&#8217;expressi\u00f3 aparegu\u00e9 a Fran\u00e7a entorn del 1820 per a designar el conjunt de canvis que es van produir a\u00a0<a title=\"Anglaterra\" href=\"https:\/\/ca.wikipedia.org\/wiki\/Anglaterra\">Anglaterra<\/a>\u00a0i\u00a0<a title=\"Esc\u00f2cia\" href=\"https:\/\/ca.wikipedia.org\/wiki\/Esc%C3%B2cia\">Esc\u00f2cia<\/a>\u00a0a la segona meitat del segle\u00a0<span title=\"Nombre\u00a0escrit en xifres romanes\">xviii<\/span>.<sup id=\"cite_ref-GEC_1-1\" class=\"reference\"><\/sup>\u00a0Els aven\u00e7os t\u00e8cnics \u2014sobretot la\u00a0<a title=\"M\u00e0quina de vapor\" href=\"https:\/\/ca.wikipedia.org\/wiki\/M%C3%A0quina_de_vapor\">m\u00e0quina de vapor<\/a>\u2014, l&#8217;explosi\u00f3 demogr\u00e0fica que s&#8217;inici\u00e0 a partir del\u00a0<a title=\"1750\" href=\"https:\/\/ca.wikipedia.org\/wiki\/1750\">1750<\/a>\u00a0i l&#8217;<a title=\"\u00c8xode rural\" href=\"https:\/\/ca.wikipedia.org\/wiki\/%C3%88xode_rural\">\u00e8xode rural<\/a>\u00a0per la m\u00e0 d&#8217;obra excedent\u00e0ria a l&#8217;<a title=\"Agricultura\" href=\"https:\/\/ca.wikipedia.org\/wiki\/Agricultura\">agricultura<\/a>\u00a0van encap\u00e7alar canvis profunds de la societat.<\/p>\n<p>Aquesta revoluci\u00f3 marc\u00e0 una ruptura en el curs de la hist\u00f2ria i transform\u00e0 els \u00e9ssers humans agricultors i ramaders en manipuladors de m\u00e0quines. Aix\u00ed doncs, la Revoluci\u00f3 Industrial modific\u00e0 les bases econ\u00f2miques de la societat, que, de manera progressiva, es fonament\u00e0 en la producci\u00f3 industrial. Les ciutats es convertiren en centres superpoblats on hi havia els llocs d&#8217;habitatge i treball de la nova\u00a0<a title=\"Classe social\" href=\"https:\/\/ca.wikipedia.org\/wiki\/Classe_social\">classe social<\/a>, la\u00a0<a class=\"mw-redirect\" title=\"Classe obrera\" href=\"https:\/\/ca.wikipedia.org\/wiki\/Classe_obrera\">classe obrera<\/a>, que sorg\u00ed amb el maquinisme. L&#8217;exist\u00e8ncia d&#8217;aquest nou estatus social, format origin\u00e0riament per camperols foragitats del camp, impuls\u00e0 l&#8217;aparici\u00f3 de noves ideologies com el\u00a0<a title=\"Liberalisme\" href=\"https:\/\/ca.wikipedia.org\/wiki\/Liberalisme\">liberalisme<\/a>\u00a0i\u00a0<a title=\"\" href=\"https:\/\/ca.wikipedia.org\/wiki\/Socialisme\">socialisme<\/a>, que configuraren el m\u00f3n\u00a0<a title=\"Edat contempor\u00e0nia\" href=\"https:\/\/ca.wikipedia.org\/wiki\/Edat_contempor%C3%A0nia\">contemporani<\/a>.<\/p>\n<p>Aquest proc\u00e9s, iniciat a la Gran Bretanya, s&#8217;an\u00e0 imposant lentament a la resta de pa\u00efsos europeus \u2014malgrat la manca de primeres mat\u00e8ries i de mercats\u2014, als\u00a0<a class=\"mw-redirect\" title=\"Estats Units\" href=\"https:\/\/ca.wikipedia.org\/wiki\/Estats_Units\">Estats Units<\/a>\u00a0i el\u00a0<a title=\"Jap\u00f3\" href=\"https:\/\/ca.wikipedia.org\/wiki\/Jap%C3%B3\">Jap\u00f3<\/a>; progressivament s&#8217;estengu\u00e9 a altres parts del m\u00f3n. L&#8217;impacte d&#8217;aquest canvi sobre la societat fou enorme.<sup id=\"cite_ref-2\" class=\"reference\"><\/sup>\u00a0A partir del\u00a0<a title=\"1870\" href=\"https:\/\/ca.wikipedia.org\/wiki\/1870\">1870<\/a>, es produ\u00ed un nou salt en el desenvolupament del sistema capitalista quan la primera Revoluci\u00f3 Industrial es fusion\u00e0 amb l&#8217;anomenada\u00a0<a title=\"Segona revoluci\u00f3 industrial\" href=\"https:\/\/ca.wikipedia.org\/wiki\/Segona_revoluci%C3%B3_industrial\">segona revoluci\u00f3 industrial<\/a>. En aquesta segona fase, el progr\u00e9s tecnol\u00f2gic i econ\u00f2mic reb\u00e9 un gran impuls amb la construcci\u00f3 de m\u00e0quines alimentades amb vapor \u2013que foren incorporades a vaixells i trens\u2013, i a partir de 1873, l&#8217;aparici\u00f3 del\u00a0<a title=\"Motor de combusti\u00f3\" href=\"https:\/\/ca.wikipedia.org\/wiki\/Motor_de_combusti%C3%B3\">motor de combusti\u00f3<\/a>\u00a0interna i l&#8217;<a title=\"Energia el\u00e8ctrica\" href=\"https:\/\/ca.wikipedia.org\/wiki\/Energia_el%C3%A8ctrica\">energia el\u00e8ctrica<\/a>.<\/p>\n<p>Hi ha discrep\u00e0ncies entre els historiadors pel que fa al per\u00edode que dur\u00e0 la Revoluci\u00f3 Industrial.\u00a0<a title=\"Eric Hobsbawm\" href=\"https:\/\/ca.wikipedia.org\/wiki\/Eric_Hobsbawm\">Eric Hobsbawm<\/a> defensa la tesi que la revoluci\u00f3 s&#8217;inici\u00e0 durant la d\u00e8cada del 1780 i no es desenvolup\u00e0 plenament fins als anys 1830 o 1840,<sup id=\"cite_ref-3\" class=\"reference\"><\/sup>\u00a0mentre que\u00a0<a class=\"mw-redirect\" title=\"T. S. Ashton\" href=\"https:\/\/ca.wikipedia.org\/wiki\/T._S._Ashton\">T. S. Ashton<\/a>\u00a0mant\u00e9 que s&#8217;esdevingu\u00e9, aproximadament, entre els anys 1760 i 1830.<sup id=\"cite_ref-4\" class=\"reference\"><\/sup><\/p>\n<p>&nbsp;<\/p>\n<p><strong>Visioneu aquest v\u00eddeo sobre la Revoluci\u00f3 Industrial <\/strong><\/p>\n<p><iframe loading=\"lazy\" title=\"YouTube video player\" src=\"https:\/\/www.youtube.com\/embed\/3LQAnFEADl4\" width=\"560\" height=\"315\" frameborder=\"0\" allowfullscreen=\"allowfullscreen\"><\/iframe><\/p>\n<p>&nbsp;<\/p>\n<p>&nbsp;<\/p>\n<p><strong>\u00a0Feu les activitats del formulari<\/strong><\/p>\n<p><iframe loading=\"lazy\" src=\"https:\/\/docs.google.com\/forms\/d\/e\/1FAIpQLSdIoRpB9x_9RqMlxDL3PWVdx0WlNik8310HEDGxAO_NJAinsA\/viewform?embedded=true\" width=\"640\" height=\"1691\" frameborder=\"0\">S&#8217;est\u00e0 carregant\u2026<\/iframe><\/p>\n<p>&nbsp;<\/p>\n","protected":false},"excerpt":{"rendered":"<p>La\u00a0Revoluci\u00f3 Industrial\u00a0\u00e9s el proc\u00e9s d&#8217;industrialitzaci\u00f3 amb el conjunt de canvis econ\u00f2mics i socials que aquest comporta.<\/p>\n<p><a class=\"image\" href=\"https:\/\/ca.wikipedia.org\/wiki\/Fitxer:Catalonia_Terrassa_mNATEC_MaquinaDeVapor.jpg\"><\/a><\/p>\n<p>L&#8217;expressi\u00f3 aparegu\u00e9 a Fran\u00e7a entorn del 1820 per a designar el conjunt de canvis que es van produir a\u00a0<a title=\"Anglaterra\" href=\"https:\/\/ca.wikipedia.org\/wiki\/Anglaterra\">Anglaterra<\/a>\u00a0i\u00a0<a title=\"Esc\u00f2cia\" href=\"https:\/\/ca.wikipedia.org\/wiki\/Esc%C3%B2cia\">Esc\u00f2cia<\/a>\u00a0a la segona meitat del segle\u00a0xviii.\u00a0Els&hellip;  <a href=\"https:\/\/agora.xtec.cat\/cfacanovelles\/historia-ii\/la-revolucio-industrial\/\" title=\"Read La Revoluci\u00f3 Industrial\">Llegeix m\u00e9s\u00bb<\/a><\/p>\n","protected":false},"author":4,"featured_media":0,"comment_status":"open","ping_status":"closed","sticky":false,"template":"","format":"standard","meta":{"_bbp_topic_count":0,"_bbp_reply_count":0,"_bbp_total_topic_count":0,"_bbp_total_reply_count":0,"_bbp_voice_count":0,"_bbp_anonymous_reply_count":0,"_bbp_topic_count_hidden":0,"_bbp_reply_count_hidden":0,"_bbp_forum_subforum_count":0,"footnotes":""},"categories":[125],"tags":[],"class_list":["post-3156","post","type-post","status-publish","format-standard","hentry","category-historia-ii"],"post_mailing_queue_ids":[],"_links":{"self":[{"href":"https:\/\/agora.xtec.cat\/cfacanovelles\/wp-json\/wp\/v2\/posts\/3156","targetHints":{"allow":["GET"]}}],"collection":[{"href":"https:\/\/agora.xtec.cat\/cfacanovelles\/wp-json\/wp\/v2\/posts"}],"about":[{"href":"https:\/\/agora.xtec.cat\/cfacanovelles\/wp-json\/wp\/v2\/types\/post"}],"author":[{"embeddable":true,"href":"https:\/\/agora.xtec.cat\/cfacanovelles\/wp-json\/wp\/v2\/users\/4"}],"replies":[{"embeddable":true,"href":"https:\/\/agora.xtec.cat\/cfacanovelles\/wp-json\/wp\/v2\/comments?post=3156"}],"version-history":[{"count":3,"href":"https:\/\/agora.xtec.cat\/cfacanovelles\/wp-json\/wp\/v2\/posts\/3156\/revisions"}],"predecessor-version":[{"id":4315,"href":"https:\/\/agora.xtec.cat\/cfacanovelles\/wp-json\/wp\/v2\/posts\/3156\/revisions\/4315"}],"wp:attachment":[{"href":"https:\/\/agora.xtec.cat\/cfacanovelles\/wp-json\/wp\/v2\/media?parent=3156"}],"wp:term":[{"taxonomy":"category","embeddable":true,"href":"https:\/\/agora.xtec.cat\/cfacanovelles\/wp-json\/wp\/v2\/categories?post=3156"},{"taxonomy":"post_tag","embeddable":true,"href":"https:\/\/agora.xtec.cat\/cfacanovelles\/wp-json\/wp\/v2\/tags?post=3156"}],"curies":[{"name":"wp","href":"https:\/\/api.w.org\/{rel}","templated":true}]}}