{"id":3141,"date":"2021-03-17T18:42:39","date_gmt":"2021-03-17T17:42:39","guid":{"rendered":"https:\/\/agora.xtec.cat\/cfacanovelles\/?p=3141"},"modified":"2026-04-21T19:43:21","modified_gmt":"2026-04-21T17:43:21","slug":"lorganitzacio-politica-i-territorial-despanya-i-catalunya","status":"publish","type":"post","link":"https:\/\/agora.xtec.cat\/cfacanovelles\/c-soc-educacio-ciutadania\/lorganitzacio-politica-i-territorial-despanya-i-catalunya\/","title":{"rendered":"L&#8217;organitzaci\u00f3 pol\u00edtica i territorial d&#8217;Espanya i Catalunya"},"content":{"rendered":"<h4 align=\"left\"><small><span style=\"font-family: Verdana;\"><img loading=\"lazy\" decoding=\"async\" class=\"alignleft\" src=\"https:\/\/upload.wikimedia.org\/wikipedia\/commons\/thumb\/c\/c6\/Estat_espanyol_-_CA.svg\/2000px-Estat_espanyol_-_CA.svg.png\" alt=\"Espanya pol\u00edtica | E.P. Estalella i Graells\" width=\"347\" height=\"319\" \/>El sistema pol\u00edtic espanyol vigent est\u00e0 regulat per la Constituci\u00f3 Espanyola, aprovada en refer\u00e8ndum el 6 de desembre de 1978. Aquesta llei fonamental \u00e9s la norma suprema que tothom, ciutadans i governants, ha d&#8217;obeir.<\/span><\/small><\/h4>\n<h4 align=\"left\"><small><span style=\"font-family: Verdana;\">La Constituci\u00f3 regula, entre d&#8217;altres aspectes, els drets i els deures dels ciutadans, l&#8217;organitzaci\u00f3 del poder de l&#8217;estat, les relacions entre el poder de l&#8217;Estat i els ciutadans i l&#8217;organitzaci\u00f3 territorial de l&#8217;Estat.<\/span><\/small><\/h4>\n<h4 align=\"left\"><small><span style=\"font-family: Verdana;\">La Constituci\u00f3 del 1978 estableix la monarquia parlament\u00e0ria com la forma de govern, defineix la forma d&#8217;estat com a Estat social i democr\u00e0tic de drets i l&#8217;estructura territorial com a Estat de les Autonomies.<\/span><\/small><\/h4>\n<h4 align=\"left\"><small><span style=\"font-family: Verdana;\">El sistema auton\u00f2mic catal\u00e0 est\u00e0 regulat per l&#8217;Estatut d&#8217;Autonomia del 1979, la llei constitucional que defineix les institucions pol\u00edtiques sobre les quals es basa l&#8217;autogovern de Catalunya, descriu quins s\u00f3n els seus poders i estableix les relacions amb l&#8217;Estat espanyol.<\/span><\/small><\/h4>\n<p><strong>Mireu aquestes presentacions sobre l\u2019organitzaci\u00f3 pol\u00edtica i territorial d\u2019Espanya i Catalunya<\/strong><\/p>\n<p><iframe loading=\"lazy\" src=\"\/\/www.slideshare.net\/slideshow\/embed_code\/key\/99zQRtUXO4cmP\" width=\"595\" height=\"485\" frameborder=\"0\"> <\/iframe><\/p>\n<div style=\"margin-bottom: 5px;\"><strong> <a title=\"Tema 16 nou. Organitzaci\u00f3 pol\u00edtica i territorial d'Espanya i Catalunya.\" href=\"\/\/www.slideshare.net\/EvaVil2\/tema-16-nou-organitzaci-poltica-i-territorial-despanya-i-catalunya\" target=\"_blank\" rel=\"noopener noreferrer\">Tema 16 nou. Organitzaci\u00f3 pol\u00edtica i territorial d&#8217;Espanya i Catalunya.<\/a> <\/strong> de <strong><a href=\"https:\/\/www.slideshare.net\/EvaVil2\" target=\"_blank\" rel=\"noopener noreferrer\">Eva Vil\u00e0<\/a><\/strong><\/div>\n<p><iframe loading=\"lazy\" src=\"\/\/www.slideshare.net\/slideshow\/embed_code\/key\/ciBso5lgKypUjM\" width=\"595\" height=\"485\" frameborder=\"0\"> <\/iframe><\/p>\n<div style=\"margin-bottom: 5px;\"><strong> <a title=\"Organitzaci\u00f3 pol\u00edtica i territorial d\u2019espanya i catalunya\" href=\"\/\/www.slideshare.net\/castelldans\/organitzaci-poltica-i-territorial-despanya-i-catalunya-22329682\" target=\"_blank\" rel=\"noopener noreferrer\">Organitzaci\u00f3 pol\u00edtica i territorial d\u2019espanya i catalunya<\/a> <\/strong> from <strong><a href=\"https:\/\/www.slideshare.net\/castelldans\" target=\"_blank\" rel=\"noopener noreferrer\">Farran Botargues Laura<\/a><\/strong><\/div>\n<p><strong>Visioneu aquests v\u00eddeos sobre l\u2019organitzaci\u00f3 pol\u00edtica i territorial d\u2019Espanya i Catalunya<\/strong><\/p>\n<p><iframe loading=\"lazy\" src=\"https:\/\/www.youtube.com\/embed\/YEGWTNhdd8g\" width=\"560\" height=\"315\" frameborder=\"0\"><\/iframe><\/p>\n<p><iframe loading=\"lazy\" src=\"https:\/\/www.youtube.com\/embed\/qo_3RxlQlpA\" width=\"560\" height=\"315\" frameborder=\"0\"><\/iframe><\/p>\n<p><iframe loading=\"lazy\" src=\"https:\/\/www.youtube.com\/embed\/ppiIzHAGmM4\" width=\"560\" height=\"315\" frameborder=\"0\"><\/iframe><\/p>\n<p><strong>Feu les activitats del formulari de sota<\/strong><\/p>\n<p><iframe loading=\"lazy\" src=\"https:\/\/docs.google.com\/forms\/d\/e\/1FAIpQLSfiLtc2pwMy1SHEtaoYUy4g4nL4T6ogsvlkq04or108uIEvIg\/viewform?embedded=true\" width=\"640\" height=\"4494\" frameborder=\"0\">S&#8217;est\u00e0 carregant\u2026<\/iframe><\/p>\n","protected":false},"excerpt":{"rendered":"<p>El sistema pol\u00edtic espanyol vigent est\u00e0 regulat per la Constituci\u00f3 Espanyola, aprovada en refer\u00e8ndum el 6 de desembre de 1978. Aquesta llei fonamental \u00e9s la norma suprema que tothom, ciutadans i governants, ha d&#8217;obeir.<br \/>\nLa Constituci\u00f3 regula, entre d&#8217;altres aspectes, els drets i els deures dels&hellip;  <a href=\"https:\/\/agora.xtec.cat\/cfacanovelles\/c-soc-educacio-ciutadania\/lorganitzacio-politica-i-territorial-despanya-i-catalunya\/\" title=\"Read L&#8217;organitzaci\u00f3 pol\u00edtica i territorial d&#8217;Espanya i Catalunya\">Llegeix m\u00e9s\u00bb<\/a><\/p>\n","protected":false},"author":4,"featured_media":0,"comment_status":"open","ping_status":"closed","sticky":false,"template":"","format":"standard","meta":{"_bbp_topic_count":0,"_bbp_reply_count":0,"_bbp_total_topic_count":0,"_bbp_total_reply_count":0,"_bbp_voice_count":0,"_bbp_anonymous_reply_count":0,"_bbp_topic_count_hidden":0,"_bbp_reply_count_hidden":0,"_bbp_forum_subforum_count":0,"footnotes":""},"categories":[101],"tags":[],"class_list":["post-3141","post","type-post","status-publish","format-standard","hentry","category-c-soc-educacio-ciutadania"],"post_mailing_queue_ids":[],"_links":{"self":[{"href":"https:\/\/agora.xtec.cat\/cfacanovelles\/wp-json\/wp\/v2\/posts\/3141","targetHints":{"allow":["GET"]}}],"collection":[{"href":"https:\/\/agora.xtec.cat\/cfacanovelles\/wp-json\/wp\/v2\/posts"}],"about":[{"href":"https:\/\/agora.xtec.cat\/cfacanovelles\/wp-json\/wp\/v2\/types\/post"}],"author":[{"embeddable":true,"href":"https:\/\/agora.xtec.cat\/cfacanovelles\/wp-json\/wp\/v2\/users\/4"}],"replies":[{"embeddable":true,"href":"https:\/\/agora.xtec.cat\/cfacanovelles\/wp-json\/wp\/v2\/comments?post=3141"}],"version-history":[{"count":1,"href":"https:\/\/agora.xtec.cat\/cfacanovelles\/wp-json\/wp\/v2\/posts\/3141\/revisions"}],"predecessor-version":[{"id":3142,"href":"https:\/\/agora.xtec.cat\/cfacanovelles\/wp-json\/wp\/v2\/posts\/3141\/revisions\/3142"}],"wp:attachment":[{"href":"https:\/\/agora.xtec.cat\/cfacanovelles\/wp-json\/wp\/v2\/media?parent=3141"}],"wp:term":[{"taxonomy":"category","embeddable":true,"href":"https:\/\/agora.xtec.cat\/cfacanovelles\/wp-json\/wp\/v2\/categories?post=3141"},{"taxonomy":"post_tag","embeddable":true,"href":"https:\/\/agora.xtec.cat\/cfacanovelles\/wp-json\/wp\/v2\/tags?post=3141"}],"curies":[{"name":"wp","href":"https:\/\/api.w.org\/{rel}","templated":true}]}}