{"id":3138,"date":"2021-03-17T18:36:32","date_gmt":"2021-03-17T17:36:32","guid":{"rendered":"https:\/\/agora.xtec.cat\/cfacanovelles\/?p=3138"},"modified":"2026-04-21T19:41:52","modified_gmt":"2026-04-21T17:41:52","slug":"els-estats-del-mon-i-els-sistemes-politics","status":"publish","type":"post","link":"https:\/\/agora.xtec.cat\/cfacanovelles\/c-soc-educacio-ciutadania\/els-estats-del-mon-i-els-sistemes-politics\/","title":{"rendered":"Els Estats del m\u00f3n i els sistemes pol\u00edtics"},"content":{"rendered":"<h3 id=\"firstHeading\" class=\"firstHeading\">Sistema de govern<\/h3>\n<div id=\"bodyContent\" class=\"mw-body-content\">\n<div id=\"contentSub\"><\/div>\n<div id=\"contentSub2\">.<\/div>\n<div id=\"mw-content-text\" class=\"mw-content-ltr\" dir=\"ltr\" lang=\"ca\">\n<div class=\"mw-parser-output\">\n<div class=\"thumb tright\">\n<div class=\"thumbinner\">\n<div class=\"thumbcaption\">\n<div class=\"magnify\"><img decoding=\"async\" class=\"alignleft\" src=\"https:\/\/bp3.blogger.com\/_KxkudwKAuBE\/RxT1UWH8sDI\/AAAAAAAAADg\/MU3WqGIjLp0\/S760\/political_world_map_1200.jpg\" alt=\"PA\u00cfSOS D'ARREU DEL M\u00d3N\" \/><\/div>\n<div class=\"legend\"><\/div>\n<\/div>\n<\/div>\n<\/div>\n<p><b>Forma de govern, forma pol\u00edtica, r\u00e8gim pol\u00edtic, r\u00e8gim de govern, sistema de govern, model de govern<\/b>\u00a0o\u00a0<b>model pol\u00edtic<\/b>\u00a0s\u00f3n alguna de les diverses maneres de nomenar un\u00a0<a title=\"Concepte\" href=\"https:\/\/ca.wikipedia.org\/wiki\/Concepte\">concepte<\/a>\u00a0<a class=\"mw-redirect\" title=\"Essencial\" href=\"https:\/\/ca.wikipedia.org\/wiki\/Essencial\">essencial<\/a>\u00a0de la\u00a0<a class=\"mw-redirect\" title=\"Ci\u00e8ncia pol\u00edtica\" href=\"https:\/\/ca.wikipedia.org\/wiki\/Ci%C3%A8ncia_pol%C3%ADtica\">ci\u00e8ncia pol\u00edtica<\/a>\u00a0i la\u00a0<a class=\"new\" title=\"Teoria de l'estat (encara no existeix)\" href=\"https:\/\/ca.wikipedia.org\/w\/index.php?title=Teoria_de_l%27estat&amp;action=edit&amp;redlink=1\">teoria de l&#8217;estat<\/a>\u00a0o\u00a0<a title=\"Dret constitucional\" href=\"https:\/\/ca.wikipedia.org\/wiki\/Dret_constitucional\">dret constitucional<\/a>. Fa refer\u00e8ncia al\u00a0<a title=\"Model conceptual\" href=\"https:\/\/ca.wikipedia.org\/wiki\/Model_conceptual\">model<\/a>\u00a0d&#8217;<a class=\"mw-redirect\" title=\"Organitzaci\u00f3\" href=\"https:\/\/ca.wikipedia.org\/wiki\/Organitzaci%C3%B3\">organitzaci\u00f3<\/a>\u00a0del\u00a0<a class=\"new\" title=\"Poder constitucional (encara no existeix)\" href=\"https:\/\/ca.wikipedia.org\/w\/index.php?title=Poder_constitucional&amp;action=edit&amp;redlink=1\">poder constitucional<\/a>\u00a0que adopta un\u00a0<a class=\"mw-redirect\" title=\"Estat\" href=\"https:\/\/ca.wikipedia.org\/wiki\/Estat\">Estat<\/a>\u00a0en funci\u00f3 de la relaci\u00f3 existent entre els diferents\u00a0<a title=\"Poder (sociologia)\" href=\"https:\/\/ca.wikipedia.org\/wiki\/Poder_(sociologia)\">poders<\/a>. La manera en qu\u00e8 s&#8217;estructura el\u00a0<a title=\"Poder pol\u00edtic\" href=\"https:\/\/ca.wikipedia.org\/wiki\/Poder_pol%C3%ADtic\">poder pol\u00edtic<\/a>\u00a0per exercir la seva\u00a0<a title=\"Autoritat\" href=\"https:\/\/ca.wikipedia.org\/wiki\/Autoritat\">autoritat<\/a>\u00a0en l&#8217;Estat, coordinant totes les\u00a0<a class=\"mw-redirect\" title=\"Institucions\" href=\"https:\/\/ca.wikipedia.org\/wiki\/Institucions\">institucions<\/a>\u00a0que el formen, fa que cada forma de\u00a0<a title=\"Govern\" href=\"https:\/\/ca.wikipedia.org\/wiki\/Govern\">govern<\/a>\u00a0necessiti uns mecanismes de\u00a0<a title=\"Norma jur\u00eddica\" href=\"https:\/\/ca.wikipedia.org\/wiki\/Norma_jur%C3%ADdica\">regulaci\u00f3<\/a>\u00a0que li s\u00f3n caracter\u00edstics. Aquests models pol\u00edtics varien d&#8217;un estat a un altre i d&#8217;una \u00e8poca\u00a0<a class=\"mw-redirect\" title=\"Hist\u00f2ric\" href=\"https:\/\/ca.wikipedia.org\/wiki\/Hist%C3%B2ric\">hist\u00f2rica<\/a>\u00a0a una altra. La seva formulaci\u00f3 se sol justificar ludint a moltes diferents causes: estructurals o idiosincr\u00e0tiques (imperatius\u00a0<a title=\"Territori\" href=\"https:\/\/ca.wikipedia.org\/wiki\/Territori\">territorials<\/a>, hist\u00f2rics,\u00a0<a title=\"Cultura\" href=\"https:\/\/ca.wikipedia.org\/wiki\/Cultura\">culturals<\/a>,\u00a0<a class=\"mw-redirect\" title=\"\" href=\"https:\/\/ca.wikipedia.org\/wiki\/Religiosos\">religiosos<\/a>, etc.) o conjunturals (per\u00edodes de\u00a0<a title=\"Crisi econ\u00f2mica\" href=\"https:\/\/ca.wikipedia.org\/wiki\/Crisi_econ%C3%B2mica\">crisi econ\u00f2mica<\/a>, cat\u00e0strofes,\u00a0<a class=\"mw-redirect\" title=\"Guerres\" href=\"https:\/\/ca.wikipedia.org\/wiki\/Guerres\">guerres<\/a>, perills o &#8220;emerg\u00e8ncies&#8221; de molta diferent naturalesa, buits de poder, manca de\u00a0<a class=\"mw-redirect\" title=\"Consens\" href=\"https:\/\/ca.wikipedia.org\/wiki\/Consens\">consens<\/a>\u00a0o de lideratge, etc.), per\u00f2 sempre com plasmaci\u00f3\u00a0<a title=\"Pol\u00edtica\" href=\"https:\/\/ca.wikipedia.org\/wiki\/Pol%C3%ADtica\">pol\u00edtica<\/a>\u00a0d&#8217;un projecte\u00a0<a class=\"mw-redirect\" title=\"Ideol\u00f2gic\" href=\"https:\/\/ca.wikipedia.org\/wiki\/Ideol%C3%B2gic\">ideol\u00f2gic<\/a>\u00a0(<a title=\"Ideologia pol\u00edtica\" href=\"https:\/\/ca.wikipedia.org\/wiki\/Ideologia_pol%C3%ADtica\">ideologia pol\u00edtica<\/a>).<\/p>\n<p>La de<a title=\"Nom\" href=\"https:\/\/ca.wikipedia.org\/wiki\/Nom\">nominaci\u00f3<\/a>\u00a0corresponent a la forma o model de govern (a m\u00e9s de refer\u00e8ncies a la forma d&#8217;Estat, que indica l&#8217;estructura territorial) sol fins i tot incorporar-se al nom o denominaci\u00f3 oficial de l&#8217;estat, amb termes de gran diversitat i que, tot i que proporcionen certa\u00a0<a title=\"Informaci\u00f3\" href=\"https:\/\/ca.wikipedia.org\/wiki\/Informaci%C3%B3\">informaci\u00f3<\/a>\u00a0sobre el que proclamen, no responen a criteris comuns que permetin definir per si sols el seu r\u00e8gim pol\u00edtic. Per exemple:\u00a0<a class=\"mw-redirect\" title=\"Rep\u00fablica del Per\u00fa\" href=\"https:\/\/ca.wikipedia.org\/wiki\/Rep%C3%BAblica_del_Per%C3%BA\">Rep\u00fablica del Per\u00fa<\/a>,\u00a0<a title=\"M\u00e8xic\" href=\"https:\/\/ca.wikipedia.org\/wiki\/M%C3%A8xic\">M\u00e8xic<\/a>,\u00a0<a title=\"Vene\u00e7uela\" href=\"https:\/\/ca.wikipedia.org\/wiki\/Vene%C3%A7uela\">Vene\u00e7uela<\/a>,\u00a0<a title=\"Espanya\" href=\"https:\/\/ca.wikipedia.org\/wiki\/Espanya\">Espanya<\/a>,\u00a0<a class=\"mw-redirect\" title=\"Principat d'Andorra\" href=\"https:\/\/ca.wikipedia.org\/wiki\/Principat_d%27Andorra\">Principat d&#8217;Andorra<\/a>,\u00a0<a title=\"Luxemburg\" href=\"https:\/\/ca.wikipedia.org\/wiki\/Luxemburg\">Luxemburg<\/a>,\u00a0<a class=\"mw-redirect\" title=\"Federaci\u00f3 Russa\" href=\"https:\/\/ca.wikipedia.org\/wiki\/Federaci%C3%B3_Russa\">Federaci\u00f3 Russa<\/a>,\u00a0<a title=\"Nig\u00e8ria\" href=\"https:\/\/ca.wikipedia.org\/wiki\/Nig%C3%A8ria\">Nig\u00e8ria<\/a>,\u00a0<a class=\"mw-redirect\" title=\"Rep\u00fablica Popular Democr\u00e0tica de Corea\" href=\"https:\/\/ca.wikipedia.org\/wiki\/Rep%C3%BAblica_Popular_Democr%C3%A0tica_de_Corea\">Rep\u00fablica Popular Democr\u00e0tica de Corea<\/a>,\u00a0<a class=\"mw-redirect\" title=\"Uni\u00f3 dels Emirats \u00c0rabs Units\" href=\"https:\/\/ca.wikipedia.org\/wiki\/Uni%C3%B3_dels_Emirats_%C3%80rabs_Units\">Uni\u00f3 dels Emirats \u00c0rabs Units<\/a>,\u00a0<a title=\"Iran\" href=\"https:\/\/ca.wikipedia.org\/wiki\/Iran\">Iran<\/a>\u00a0o\u00a0<a title=\"L\u00edbia\" href=\"https:\/\/ca.wikipedia.org\/wiki\/L%C3%ADbia\">L\u00edbia<\/a>. Entre els gaireb\u00e9 dos-cents estats, nom\u00e9s hi ha divuit que no afegeixen cap paraula m\u00e9s al seu nom\u00a0<a class=\"mw-redirect\" title=\"Geogr\u00e0fic\" href=\"https:\/\/ca.wikipedia.org\/wiki\/Geogr%C3%A0fic\">geogr\u00e0fic<\/a>, com per exemple:\u00a0<a title=\"Jamaica\" href=\"https:\/\/ca.wikipedia.org\/wiki\/Jamaica\">Jamaica<\/a>, mentre que onze nom\u00e9s indiquen que s\u00f3n &#8220;estats&#8221;. La forma m\u00e9s comuna \u00e9s &#8220;<a title=\"Rep\u00fablica\" href=\"https:\/\/ca.wikipedia.org\/wiki\/Rep%C3%BAblica\">rep\u00fablica<\/a>&#8220;, amb 132 casos de molt diferent tipus. Les\u00a0<a class=\"mw-redirect\" title=\"Monarquies\" href=\"https:\/\/ca.wikipedia.org\/wiki\/Monarquies\">monarquies<\/a>\u00a0s\u00f3n 33 (18 d&#8217;elles &#8220;<a class=\"mw-redirect\" title=\"Rei\" href=\"https:\/\/ca.wikipedia.org\/wiki\/Rei\">regnes<\/a>&#8220;).<\/p>\n<\/div>\n<\/div>\n<\/div>\n<p>&nbsp;<\/p>\n<p><strong>Mireu aquestes presentacions sobre els estats <\/strong><\/p>\n<p><iframe loading=\"lazy\" src=\"\/\/www.slideshare.net\/slideshow\/embed_code\/key\/KXzCbJrQt1OaHj\" width=\"595\" height=\"485\" frameborder=\"0\"> <\/iframe><\/p>\n<div style=\"margin-bottom: 5px;\"><strong> <a title=\"Els estats i el territori\" href=\"\/\/www.slideshare.net\/Aulaoberta2015\/els-estats-i-el-territori\" target=\"_blank\" rel=\"noopener noreferrer\">Els estats i el territori<\/a> <\/strong> from <strong><a href=\"https:\/\/www.slideshare.net\/Aulaoberta2015\" target=\"_blank\" rel=\"noopener noreferrer\">Aulaoberta2015<\/a><\/strong><\/div>\n<p><strong>Visioneu aquests v\u00eddeos sobre democr\u00e0cia i organitzacions supranacionals<\/strong><\/p>\n<p><iframe loading=\"lazy\" src=\"https:\/\/www.youtube.com\/embed\/UoP_mSIHqTY\" width=\"560\" height=\"315\" frameborder=\"0\"><\/iframe><\/p>\n<p><iframe loading=\"lazy\" src=\"https:\/\/www.youtube.com\/embed\/k8vVEbCquMw\" width=\"560\" height=\"315\" frameborder=\"0\"><\/iframe><\/p>\n<p><iframe loading=\"lazy\" src=\"https:\/\/www.youtube.com\/embed\/xz4aKhYBluk\" width=\"560\" height=\"315\" frameborder=\"0\"><\/iframe><\/p>\n<p><iframe loading=\"lazy\" src=\"https:\/\/www.youtube.com\/embed\/HjybKIlKKUk\" width=\"560\" height=\"315\" frameborder=\"0\"><\/iframe><\/p>\n<p><strong>Feu les activitats del formulari de sota<\/strong><\/p>\n<p><iframe loading=\"lazy\" src=\"https:\/\/docs.google.com\/forms\/d\/e\/1FAIpQLSeVTeCGfpxJbG3a5nwyPwqXEY9BT_-CvZ7kNwK1dJgy-LQ6Wg\/viewform?embedded=true\" width=\"640\" height=\"6805\" frameborder=\"0\">S&#8217;est\u00e0 carregant\u2026<\/iframe><\/p>\n","protected":false},"excerpt":{"rendered":"<p>Sistema de govern<\/p>\n<p>.<\/p>\n<p>Forma de govern, forma pol\u00edtica, r\u00e8gim pol\u00edtic, r\u00e8gim de govern, sistema de govern, model de govern\u00a0o\u00a0model pol\u00edtic\u00a0s\u00f3n alguna de les diverses maneres de nomenar un\u00a0<a title=\"Concepte\" href=\"https:\/\/ca.wikipedia.org\/wiki\/Concepte\">concepte<\/a>\u00a0<a class=\"mw-redirect\" title=\"Essencial\" href=\"https:\/\/ca.wikipedia.org\/wiki\/Essencial\">essencial<\/a>\u00a0de la\u00a0<a class=\"mw-redirect\" title=\"Ci\u00e8ncia pol\u00edtica\" href=\"https:\/\/ca.wikipedia.org\/wiki\/Ci%C3%A8ncia_pol%C3%ADtica\">ci\u00e8ncia pol\u00edtica<\/a>\u00a0i la\u00a0<a class=\"new\" title=\"Teoria de l'estat (encara no&hellip;  <a href=\"https:\/\/agora.xtec.cat\/cfacanovelles\/c-soc-educacio-ciutadania\/els-estats-del-mon-i-els-sistemes-politics\/\" title=\"Read Els Estats del m\u00f3n i els sistemes pol\u00edtics\">Llegeix m\u00e9s\u00bb<\/a><\/p>\n","protected":false},"author":4,"featured_media":0,"comment_status":"open","ping_status":"closed","sticky":false,"template":"","format":"standard","meta":{"_bbp_topic_count":0,"_bbp_reply_count":0,"_bbp_total_topic_count":0,"_bbp_total_reply_count":0,"_bbp_voice_count":0,"_bbp_anonymous_reply_count":0,"_bbp_topic_count_hidden":0,"_bbp_reply_count_hidden":0,"_bbp_forum_subforum_count":0,"footnotes":""},"categories":[101],"tags":[],"class_list":["post-3138","post","type-post","status-publish","format-standard","hentry","category-c-soc-educacio-ciutadania"],"post_mailing_queue_ids":[],"_links":{"self":[{"href":"https:\/\/agora.xtec.cat\/cfacanovelles\/wp-json\/wp\/v2\/posts\/3138","targetHints":{"allow":["GET"]}}],"collection":[{"href":"https:\/\/agora.xtec.cat\/cfacanovelles\/wp-json\/wp\/v2\/posts"}],"about":[{"href":"https:\/\/agora.xtec.cat\/cfacanovelles\/wp-json\/wp\/v2\/types\/post"}],"author":[{"embeddable":true,"href":"https:\/\/agora.xtec.cat\/cfacanovelles\/wp-json\/wp\/v2\/users\/4"}],"replies":[{"embeddable":true,"href":"https:\/\/agora.xtec.cat\/cfacanovelles\/wp-json\/wp\/v2\/comments?post=3138"}],"version-history":[{"count":2,"href":"https:\/\/agora.xtec.cat\/cfacanovelles\/wp-json\/wp\/v2\/posts\/3138\/revisions"}],"predecessor-version":[{"id":3140,"href":"https:\/\/agora.xtec.cat\/cfacanovelles\/wp-json\/wp\/v2\/posts\/3138\/revisions\/3140"}],"wp:attachment":[{"href":"https:\/\/agora.xtec.cat\/cfacanovelles\/wp-json\/wp\/v2\/media?parent=3138"}],"wp:term":[{"taxonomy":"category","embeddable":true,"href":"https:\/\/agora.xtec.cat\/cfacanovelles\/wp-json\/wp\/v2\/categories?post=3138"},{"taxonomy":"post_tag","embeddable":true,"href":"https:\/\/agora.xtec.cat\/cfacanovelles\/wp-json\/wp\/v2\/tags?post=3138"}],"curies":[{"name":"wp","href":"https:\/\/api.w.org\/{rel}","templated":true}]}}