{"id":3135,"date":"2021-03-17T18:30:01","date_gmt":"2021-03-17T17:30:01","guid":{"rendered":"https:\/\/agora.xtec.cat\/cfacanovelles\/?p=3135"},"modified":"2026-04-13T14:46:16","modified_gmt":"2026-04-13T12:46:16","slug":"la-diversitat-cultural-i-les-societats-multiculturals","status":"publish","type":"post","link":"https:\/\/agora.xtec.cat\/cfacanovelles\/c-soc-educacio-ciutadania\/la-diversitat-cultural-i-les-societats-multiculturals\/","title":{"rendered":"La diversitat cultural i les societats multiculturals"},"content":{"rendered":"<h3>Multiculturalisme<\/h3>\n<p>El\u00a0<b>multiculturalisme<\/b>\u00a0o la\u00a0<b>multiculturalitat<\/b>\u00a0\u00e9s l&#8217;exist\u00e8ncia pl\u00e0cida vista com a enriquidora en un mateix territori de dues o m\u00e9s\u00a0<a title=\"Cultura\" href=\"https:\/\/ca.wikipedia.org\/wiki\/Cultura\">cultures<\/a>\u00a0(on totes menys una solen ser fruit de la\u00a0<a title=\"Immigraci\u00f3\" href=\"https:\/\/ca.wikipedia.org\/wiki\/Immigraci%C3%B3\">immigraci\u00f3<\/a>), com la\u00a0<a title=\"Ideologia pol\u00edtica\" href=\"https:\/\/ca.wikipedia.org\/wiki\/Ideologia_pol%C3%ADtica\">ideologia pol\u00edtica<\/a>\u00a0que es basa en la\u00a0<a title=\"Toler\u00e0ncia social\" href=\"https:\/\/ca.wikipedia.org\/wiki\/Toler%C3%A0ncia_social\">toler\u00e0ncia<\/a>\u00a0envers els costums de l&#8217;altre grup social. La\u00a0<a title=\"Diversitat cultural\" href=\"https:\/\/ca.wikipedia.org\/wiki\/Diversitat_cultural\">diversitat cultural<\/a>\u00a0es veu com una riquesa que cal preservar; aix\u00ed, es duen a terme pol\u00edtiques que tendeixin a afavorir l&#8217;expressi\u00f3 de les particularitats de les diverses cultures. Tamb\u00e9 es permet l&#8217;exist\u00e8ncia d&#8217;estatuts (legals, administratius) espec\u00edfics per als membres d&#8217;una o altra comunitat cultural.<\/p>\n<p>El multiculturalisme s&#8217;oposa, per tant, al\u00a0<a title=\"Racisme\" href=\"https:\/\/ca.wikipedia.org\/wiki\/Racisme\">racisme<\/a>\u00a0i a la\u00a0<a title=\"Xenof\u00f2bia\" href=\"https:\/\/ca.wikipedia.org\/wiki\/Xenof%C3%B2bia\">xenof\u00f2bia<\/a>, i a les seves manifestacions; per\u00f2 tamb\u00e9 a l&#8217;<a title=\"Assimilaci\u00f3 cultural\" href=\"https:\/\/ca.wikipedia.org\/wiki\/Assimilaci%C3%B3_cultural\">assimilacionisme<\/a>\u00a0o al\u00a0<a title=\"Segregaci\u00f3\" href=\"https:\/\/ca.wikipedia.org\/wiki\/Segregaci%C3%B3\">segregacionisme<\/a>. Tot aix\u00f2, en l&#8217;\u00e0mbit pol\u00edtic, comporta actuacions per evitar la\u00a0<a title=\"Discriminaci\u00f3\" href=\"https:\/\/ca.wikipedia.org\/wiki\/Discriminaci%C3%B3\">discriminaci\u00f3<\/a>\u00a0o l&#8217;<a title=\"Exclusi\u00f3 social\" href=\"https:\/\/ca.wikipedia.org\/wiki\/Exclusi%C3%B3_social\">exclusi\u00f3 social<\/a>\u00a0d&#8217;un dels grups: el m\u00e9s feble. El multiculturalisme es distingeix, aix\u00ed, de l&#8217;<a title=\"Interculturalisme\" href=\"https:\/\/ca.wikipedia.org\/wiki\/Interculturalisme\">interculturalisme<\/a>, que el que promou \u00e9s la\u00a0<a title=\"Interculturalitat\" href=\"https:\/\/ca.wikipedia.org\/wiki\/Interculturalitat\">interculturalitat<\/a>\u00a0i l&#8217;establiment, inexcusables, d&#8217;unes regles de conviv\u00e8ncia m\u00ednimes comunes (drets i deures ciutadans).<\/p>\n<p><strong>Mireu aquestes presentacions sobre multiculturalitat (teoria)<\/strong><\/p>\n<p><iframe loading=\"lazy\" src=\"\/\/www.slideshare.net\/slideshow\/embed_code\/key\/MYwfUxdkPwZCTM\" width=\"595\" height=\"485\" frameborder=\"0\"> <\/iframe><\/p>\n<div style=\"margin-bottom: 5px;\"><strong> <a title=\"La diversitat cultural\" href=\"\/\/www.slideshare.net\/dfernan9\/plato-2211271\" target=\"_blank\" rel=\"noopener noreferrer\">La diversitat cultural<\/a> <\/strong> from <strong><a href=\"https:\/\/www.slideshare.net\/dfernan9\" target=\"_blank\" rel=\"noopener noreferrer\">Daniel Fern\u00e1ndez<\/a><\/strong><\/div>\n<p><iframe loading=\"lazy\" src=\"\/\/www.slideshare.net\/slideshow\/embed_code\/key\/BErCSDSDMcc64B\" width=\"595\" height=\"485\" frameborder=\"0\"> <\/iframe><\/p>\n<div style=\"margin-bottom: 5px;\"><strong> <a title=\"Homofobia\" href=\"\/\/www.slideshare.net\/ikeldavidguerrerosanchez\/homofobia-35942474\" target=\"_blank\" rel=\"noopener noreferrer\">Homofobia<\/a> <\/strong> from <strong><a href=\"https:\/\/www.slideshare.net\/ikeldavidguerrerosanchez\" target=\"_blank\" rel=\"noopener noreferrer\">IKel David Guerrero Sanchez<\/a><\/strong><\/div>\n<p><iframe loading=\"lazy\" src=\"\/\/www.slideshare.net\/slideshow\/embed_code\/key\/MWlWqK2eV8kXC\" width=\"595\" height=\"485\" frameborder=\"0\"> <\/iframe><\/p>\n<div style=\"margin-bottom: 5px;\"><strong> <a title=\"Racisme\" href=\"\/\/www.slideshare.net\/marcip\/racisme-12035258\" target=\"_blank\" rel=\"noopener noreferrer\">Racisme<\/a> <\/strong> from <strong><a href=\"https:\/\/www.slideshare.net\/marcip\" target=\"_blank\" rel=\"noopener noreferrer\">marcip<\/a><\/strong><\/div>\n<p><strong>Visioneu aquests v\u00eddeos sobre prejudicis contra el diferent. <\/strong><\/p>\n<p><iframe loading=\"lazy\" src=\"https:\/\/www.youtube.com\/embed\/6ZsXSbqomoc\" width=\"560\" height=\"315\" frameborder=\"0\"><\/iframe><\/p>\n<p><iframe loading=\"lazy\" src=\"https:\/\/www.youtube.com\/embed\/tjEvpy9RxHc\" width=\"560\" height=\"315\" frameborder=\"0\"><\/iframe><\/p>\n<p><iframe loading=\"lazy\" src=\"https:\/\/www.youtube.com\/embed\/c6STPAISbMw\" width=\"560\" height=\"315\" frameborder=\"0\"><\/iframe><\/p>\n<p><strong>Feu les activitats del formulari de sota<\/strong><\/p>\n<p><iframe loading=\"lazy\" src=\"https:\/\/docs.google.com\/forms\/d\/e\/1FAIpQLSeR9FqW8UxpxG7ecvD6LtqaspsBP3fdA8keMvNo8GR4VbBj4w\/viewform?embedded=true\" width=\"640\" height=\"4985\" frameborder=\"0\">S&#8217;est\u00e0 carregant\u2026<\/iframe><\/p>\n","protected":false},"excerpt":{"rendered":"<p>Multiculturalisme<br \/>\nEl\u00a0multiculturalisme\u00a0o la\u00a0multiculturalitat\u00a0\u00e9s l&#8217;exist\u00e8ncia pl\u00e0cida vista com a enriquidora en un mateix territori de dues o m\u00e9s\u00a0<a title=\"Cultura\" href=\"https:\/\/ca.wikipedia.org\/wiki\/Cultura\">cultures<\/a>\u00a0(on totes menys una solen ser fruit de la\u00a0<a title=\"Immigraci\u00f3\" href=\"https:\/\/ca.wikipedia.org\/wiki\/Immigraci%C3%B3\">immigraci\u00f3<\/a>), com la\u00a0<a title=\"Ideologia pol\u00edtica\" href=\"https:\/\/ca.wikipedia.org\/wiki\/Ideologia_pol%C3%ADtica\">ideologia pol\u00edtica<\/a>\u00a0que es basa en la\u00a0<a title=\"Toler\u00e0ncia social\" href=\"https:\/\/ca.wikipedia.org\/wiki\/Toler%C3%A0ncia_social\">toler\u00e0ncia<\/a>\u00a0envers els costums de l&#8217;altre&hellip;  <a href=\"https:\/\/agora.xtec.cat\/cfacanovelles\/c-soc-educacio-ciutadania\/la-diversitat-cultural-i-les-societats-multiculturals\/\" title=\"Read La diversitat cultural i les societats multiculturals\">Llegeix m\u00e9s\u00bb<\/a><\/p>\n","protected":false},"author":4,"featured_media":3136,"comment_status":"open","ping_status":"closed","sticky":false,"template":"","format":"standard","meta":{"_bbp_topic_count":0,"_bbp_reply_count":0,"_bbp_total_topic_count":0,"_bbp_total_reply_count":0,"_bbp_voice_count":0,"_bbp_anonymous_reply_count":0,"_bbp_topic_count_hidden":0,"_bbp_reply_count_hidden":0,"_bbp_forum_subforum_count":0,"footnotes":""},"categories":[101],"tags":[],"class_list":["post-3135","post","type-post","status-publish","format-standard","has-post-thumbnail","hentry","category-c-soc-educacio-ciutadania"],"post_mailing_queue_ids":[],"_links":{"self":[{"href":"https:\/\/agora.xtec.cat\/cfacanovelles\/wp-json\/wp\/v2\/posts\/3135","targetHints":{"allow":["GET"]}}],"collection":[{"href":"https:\/\/agora.xtec.cat\/cfacanovelles\/wp-json\/wp\/v2\/posts"}],"about":[{"href":"https:\/\/agora.xtec.cat\/cfacanovelles\/wp-json\/wp\/v2\/types\/post"}],"author":[{"embeddable":true,"href":"https:\/\/agora.xtec.cat\/cfacanovelles\/wp-json\/wp\/v2\/users\/4"}],"replies":[{"embeddable":true,"href":"https:\/\/agora.xtec.cat\/cfacanovelles\/wp-json\/wp\/v2\/comments?post=3135"}],"version-history":[{"count":1,"href":"https:\/\/agora.xtec.cat\/cfacanovelles\/wp-json\/wp\/v2\/posts\/3135\/revisions"}],"predecessor-version":[{"id":3137,"href":"https:\/\/agora.xtec.cat\/cfacanovelles\/wp-json\/wp\/v2\/posts\/3135\/revisions\/3137"}],"wp:featuredmedia":[{"embeddable":true,"href":"https:\/\/agora.xtec.cat\/cfacanovelles\/wp-json\/wp\/v2\/media\/3136"}],"wp:attachment":[{"href":"https:\/\/agora.xtec.cat\/cfacanovelles\/wp-json\/wp\/v2\/media?parent=3135"}],"wp:term":[{"taxonomy":"category","embeddable":true,"href":"https:\/\/agora.xtec.cat\/cfacanovelles\/wp-json\/wp\/v2\/categories?post=3135"},{"taxonomy":"post_tag","embeddable":true,"href":"https:\/\/agora.xtec.cat\/cfacanovelles\/wp-json\/wp\/v2\/tags?post=3135"}],"curies":[{"name":"wp","href":"https:\/\/api.w.org\/{rel}","templated":true}]}}