{"id":3119,"date":"2021-03-15T16:42:16","date_gmt":"2021-03-15T15:42:16","guid":{"rendered":"https:\/\/agora.xtec.cat\/cfacanovelles\/?p=3119"},"modified":"2026-03-23T16:35:58","modified_gmt":"2026-03-23T15:35:58","slug":"dones-al-passat-ii","status":"publish","type":"post","link":"https:\/\/agora.xtec.cat\/cfacanovelles\/c-soc-educacio-ciutadania\/dones-al-passat-ii\/","title":{"rendered":"Dones al passat (II)"},"content":{"rendered":"<p><strong>EL SUFRAGISME<\/strong><\/p>\n<p>El moviment internacional pel sufragi femen\u00ed dut a terme per les sufragistes va ser un moviment reformista social, econ\u00f2mic i pol\u00edtic que promovia l&#8217;extensi\u00f3 del sufragi (aix\u00f2 \u00e9s, el dret al vot) a les dones, advocant pel \u00absufragi igual\u00bb (abolici\u00f3 de la difer\u00e8ncia de capacitat de votaci\u00f3 per g\u00e8nere) en lloc del \u00absufragi universal\u00bb (abolici\u00f3 de la discriminaci\u00f3 deguda principalment a l&#8217;\u00e8tnia), ja que aquest \u00faltim era considerat massa revolucionari.<\/p>\n<p><img decoding=\"async\" class=\"alignleft\" src=\"https:\/\/encrypted-tbn0.gstatic.com\/images?q=tbn:ANd9GcR7aqYiHVqx-jfnk1r9DB4FBbMwCkepZVQkQHjewpHW_Y6fkh10Biqzv_Tbf2AsJteIP0U&amp;usqp=CAU\" alt=\"Quan les dones lluitaven per votar\" \/><\/p>\n<p>Antisufragistes als EUA<br \/>\nLa configuraci\u00f3 del moviment feminista com a tal en el segle xix va lligat als moviments sufragistes que van apar\u00e8ixer a mitjans d&#8217;aquest segle als pa\u00efsos anglosaxons, particularment a la Gran Bretanya i als Estats Units. Als Estats Units, va n\u00e9ixer gr\u00e0cies als moviments antiesclavistes, en el qual van militar moltes dones, per\u00f2 que, quan van veure que eren marginades pels seus mateixos companys de lluita, van decidir que elles tamb\u00e9 havien de lluitar pel seu propi alliberament. Un moment important va ser la Convenci\u00f3 i posterior Declaraci\u00f3 de Seneca Falls, l&#8217;any 1848. A la Gran Bretanya, tot i l&#8217;exist\u00e8ncia d&#8217;iniciatives anteriors, el moviment comen\u00e7a realment a partir de 1897 quan es va fundar la NUWSS (National Union of Women Suffrage) i l&#8217;any 1903, quan Emmeline Pankhurst va fundar la WSPU (Women&#8217;s Social and Political Union).[1]<\/p>\n<p>Dins del moviment es van formar dos corrents: el moderat, que pensava que amb el vot s&#8217;acabarien les desigualtats entre els sexes, i un de m\u00e9s radical que, a m\u00e9s del vot, demanava canvis en la fam\u00edlia, el treball, la sexualitat&#8230; Segons aquest corrent, el vot es veu com a condici\u00f3 necess\u00e0ria per\u00f2 no suficient. Molts anys de lluita, empresonament i mort de dones van ser necessaris per aconseguir el vot.<\/p>\n<p>A l&#8217;estat espanyol, el pes cultural de la ideologia de la domesticitat i el pes de l&#8217;Esgl\u00e9sia, entre d&#8217;altres, van fer que el moviment feminista s&#8217;inici\u00e9s d\u00e8bilment i fos molt moderat en un principi. Durant el primer ter\u00e7 del segle\u00a0<span title=\"Nombre\u00a0escrit en xifres romanes\">xx<\/span>, figures de la\u00a0<a title=\"Burgesia\" href=\"https:\/\/ca.wikipedia.org\/wiki\/Burgesia\">burgesia<\/a>\u00a0catalana com\u00a0<a class=\"mw-redirect\" title=\"Dolors Monserd\u00e0\" href=\"https:\/\/ca.wikipedia.org\/wiki\/Dolors_Monserd%C3%A0\">Dolors Monserd\u00e0<\/a>\u00a0(que escriu el seu\u00a0<i>Estudi feminista<\/i>\u00a0el 1909) o\u00a0<a class=\"mw-redirect\" title=\"Francesca Bonnemaison\" href=\"https:\/\/ca.wikipedia.org\/wiki\/Francesca_Bonnemaison\">Francesca Bonnemaison<\/a>\u00a0estarien lligades m\u00e9s a la promoci\u00f3 de les dones vinculada al\u00a0<a title=\"Catolicisme\" href=\"https:\/\/ca.wikipedia.org\/wiki\/Catolicisme\">catolicisme<\/a>\u00a0social que al\u00a0<a title=\"Feminisme\" href=\"https:\/\/ca.wikipedia.org\/wiki\/Feminisme\">feminisme<\/a>.<sup id=\"cite_ref-ICD_1-1\" class=\"reference\"><a href=\"https:\/\/ca.wikipedia.org\/wiki\/Sufragi_femen%C3%AD#cite_note-ICD-1\">[1]<\/a><\/sup><\/p>\n<p>Espanya<\/p>\n<p>En comen\u00e7ar la\u00a0<a title=\"Segona Rep\u00fablica Espanyola\" href=\"https:\/\/ca.wikipedia.org\/wiki\/Segona_Rep%C3%BAblica_Espanyola\">Segona Rep\u00fablica<\/a>, destacades diputades com\u00a0<a class=\"mw-redirect\" title=\"Clara Campoamor\" href=\"https:\/\/ca.wikipedia.org\/wiki\/Clara_Campoamor\">Clara Campoamor<\/a>\u00a0i\u00a0<a class=\"mw-redirect\" title=\"Victoria Kent\" href=\"https:\/\/ca.wikipedia.org\/wiki\/Victoria_Kent\">Victoria Kent<\/a>\u00a0van ser membres de l&#8217;ANME i\u00a0<a title=\"Margarita Nelken\" href=\"https:\/\/ca.wikipedia.org\/wiki\/Margarita_Nelken\">Margarita Nelken<\/a>. Malgrat aix\u00f2, en els debats parlamentaris sobre la inclusi\u00f3 del sufragi femen\u00ed en la\u00a0<a class=\"mw-redirect\" title=\"Constituci\u00f3 Espanyola de 1931\" href=\"https:\/\/ca.wikipedia.org\/wiki\/Constituci%C3%B3_Espanyola_de_1931\">Constituci\u00f3 de 1931<\/a>, Clara Campoamor es va quedar sola, ja que Victoria Kent i Margarita Nelken s&#8217;hi va oposar seguint la disciplina del partit, \u00e9s a dir, al\u00b7legant que el vot de les dones donaria la vict\u00f2ria als partits de dretes per estar massa influenciades per l&#8217;Esgl\u00e9sia i pels seus marits. Malgrat aix\u00f2, Clara Campoamor va defensar, a costa de la pr\u00f2pia posici\u00f3 en el\u00a0<a title=\"Partit Republic\u00e0 Radical\" href=\"https:\/\/ca.wikipedia.org\/wiki\/Partit_Republic%C3%A0_Radical\">Partit Radical<\/a>\u00a0en qu\u00e8 militava, el vot de les dones i enfrontant-se a les habituals campanyes -amb suport cient\u00edfic o sense- que argumentaven la insufici\u00e8ncia en voluntat i intel\u00b7lig\u00e8ncia del sexe femen\u00ed. Gr\u00e0cies a la seva defensa en els debats parlamentaris, l&#8217;1 d&#8217;octubre de 1931,<sup id=\"cite_ref-ICD_1-4\" class=\"reference\"><a href=\"https:\/\/ca.wikipedia.org\/wiki\/Sufragi_femen%C3%AD#cite_note-ICD-1\">[1]<\/a><\/sup>\u00a0es va aprovar el sufragi femen\u00ed per 161\u00a0vots a favor i 121 en contra.<\/p>\n<p>Amb la fi de la Guerra Civil i la vict\u00f2ria del b\u00e0ndol franquista, es va instaurar a Espanya un nou model desocietat m\u00e9s manipulable i d\u00f2cil. \uf097 La base d\u2019aquesta nova societat va ser la fam\u00edlia,<br \/>\nconcebuda segons l\u2019ideal cat\u00f2lic. \uf097 D\u2019aquesta manera, la dona, considerada inferior a l\u2019home i sense autonomia, va haver d\u2019abandonar el seu treball per dedicar-se \u00fanicament a mantenir aquesta fam\u00edlia \uf0e0 La dona es va convertir en l\u2019element unificador de les fam\u00edlies.<\/p>\n<p><iframe loading=\"lazy\" src=\"https:\/\/www.youtube.com\/embed\/mWpaHv6l7o0\" width=\"560\" height=\"315\" frameborder=\"0\"><\/iframe><\/p>\n<p><iframe loading=\"lazy\" src=\"https:\/\/docs.google.com\/forms\/d\/e\/1FAIpQLScDubmDmUmlhH72Vxi2YV2QPj9_LAs3uhY03y38Bt4DYFecxA\/viewform?embedded=true\" width=\"640\" height=\"875\" frameborder=\"0\">S&#8217;est\u00e0 carregant\u2026<\/iframe><\/p>\n<p>&nbsp;<\/p>\n<p>&nbsp;<\/p>\n<p>&nbsp;<\/p>\n<p>&nbsp;<\/p>\n<p>&nbsp;<\/p>\n","protected":false},"excerpt":{"rendered":"<p>EL SUFRAGISME<br \/>\nEl moviment internacional pel sufragi femen\u00ed dut a terme per les sufragistes va ser un moviment reformista social, econ\u00f2mic i pol\u00edtic que promovia l&#8217;extensi\u00f3 del sufragi (aix\u00f2 \u00e9s, el dret al vot) a les dones, advocant pel \u00absufragi igual\u00bb (abolici\u00f3 de la difer\u00e8ncia de&hellip;  <a href=\"https:\/\/agora.xtec.cat\/cfacanovelles\/c-soc-educacio-ciutadania\/dones-al-passat-ii\/\" title=\"Read Dones al passat (II)\">Llegeix m\u00e9s\u00bb<\/a><\/p>\n","protected":false},"author":4,"featured_media":0,"comment_status":"open","ping_status":"closed","sticky":false,"template":"","format":"standard","meta":{"_bbp_topic_count":0,"_bbp_reply_count":0,"_bbp_total_topic_count":0,"_bbp_total_reply_count":0,"_bbp_voice_count":0,"_bbp_anonymous_reply_count":0,"_bbp_topic_count_hidden":0,"_bbp_reply_count_hidden":0,"_bbp_forum_subforum_count":0,"footnotes":""},"categories":[101],"tags":[],"class_list":["post-3119","post","type-post","status-publish","format-standard","hentry","category-c-soc-educacio-ciutadania"],"post_mailing_queue_ids":[],"_links":{"self":[{"href":"https:\/\/agora.xtec.cat\/cfacanovelles\/wp-json\/wp\/v2\/posts\/3119","targetHints":{"allow":["GET"]}}],"collection":[{"href":"https:\/\/agora.xtec.cat\/cfacanovelles\/wp-json\/wp\/v2\/posts"}],"about":[{"href":"https:\/\/agora.xtec.cat\/cfacanovelles\/wp-json\/wp\/v2\/types\/post"}],"author":[{"embeddable":true,"href":"https:\/\/agora.xtec.cat\/cfacanovelles\/wp-json\/wp\/v2\/users\/4"}],"replies":[{"embeddable":true,"href":"https:\/\/agora.xtec.cat\/cfacanovelles\/wp-json\/wp\/v2\/comments?post=3119"}],"version-history":[{"count":3,"href":"https:\/\/agora.xtec.cat\/cfacanovelles\/wp-json\/wp\/v2\/posts\/3119\/revisions"}],"predecessor-version":[{"id":3128,"href":"https:\/\/agora.xtec.cat\/cfacanovelles\/wp-json\/wp\/v2\/posts\/3119\/revisions\/3128"}],"wp:attachment":[{"href":"https:\/\/agora.xtec.cat\/cfacanovelles\/wp-json\/wp\/v2\/media?parent=3119"}],"wp:term":[{"taxonomy":"category","embeddable":true,"href":"https:\/\/agora.xtec.cat\/cfacanovelles\/wp-json\/wp\/v2\/categories?post=3119"},{"taxonomy":"post_tag","embeddable":true,"href":"https:\/\/agora.xtec.cat\/cfacanovelles\/wp-json\/wp\/v2\/tags?post=3119"}],"curies":[{"name":"wp","href":"https:\/\/api.w.org\/{rel}","templated":true}]}}