{"id":3114,"date":"2021-03-15T11:49:19","date_gmt":"2021-03-15T10:49:19","guid":{"rendered":"https:\/\/agora.xtec.cat\/cfacanovelles\/?p=3114"},"modified":"2026-03-23T16:35:23","modified_gmt":"2026-03-23T15:35:23","slug":"la-discriminacio-dona-al-llarg-del-temps","status":"publish","type":"post","link":"https:\/\/agora.xtec.cat\/cfacanovelles\/c-soc-educacio-ciutadania\/la-discriminacio-dona-al-llarg-del-temps\/","title":{"rendered":"La discriminaci\u00f3 de la dona al llarg del temps"},"content":{"rendered":"<p>Des de l\u2019inici de la Hist\u00f2ria, la discriminaci\u00f3 cap a les dones ha esdevingut un fet universal i intemporal. En totes les cultures i tradicions les dones han patit (i, en molts casos, encara pateixen) diferents tipus de discriminaci\u00f3. Tradicionalment s\u2019ha atorgat major protagonisme a l\u2019home que a la dona, fins i tot a l\u2019\u00e0mbit privat, al que ha quedat circumscrita majorit\u00e0riament la dona.<\/p>\n<p>Durant molt temps, tamb\u00e9 a Espanya, l\u2019home s\u2019ha considerat el \u201ccap de fam\u00edlia\u201d que exerceix l\u2019autoritat i \u00e9s el representant legal de la seva esposa i descend\u00e8ncia.<br \/>\nA Espanya, els papers de l\u2019home i la dona han evolucionat en les darreres generacions, per\u00f2 encara persisteixen diferents tipus de discriminaci\u00f3 cap a la dona. La socialitzaci\u00f3 (la fam\u00edlia, la religi\u00f3, els mitjans de comunicaci\u00f3, les noves tecnologies&#8230;) reprodueix certes normes impl\u00edcites (valors, creences, costums) que defineixen certes formes de discriminaci\u00f3 com a \u201cnormals\u201d o \u201cnaturals\u201d. La reiteraci\u00f3 d\u2019aquestes pr\u00e0ctiques es tradueix en situacions injustes que de forma directa o indirecta segueixen discriminant a les dones.<\/p>\n<p>El debat social i pol\u00edtic actual reclama el comprom\u00eds de tots amb la igualtat entre homes i dones, la superaci\u00f3 de la discriminaci\u00f3 del col\u00b7lectiu femen\u00ed i l\u2019obertura d\u2019oportunitats a tots els nivells. Hom parla de com n\u2019\u00e9s de dura la batalla que estan lliurant totes les dones per la igualtat, per aconseguir el reconeixement que, sens dubte, mereixen. Tothom n\u2019\u00e9s conscient, ja que la igualtat entre homes i dones \u00e9s un principi irrenunciable de la democr\u00e0cia actual. Queda, per\u00f2 un llarg i dif\u00edcil cam\u00ed de rec\u00f3rrer per fer d\u2019aquestes paraules una realitat.<\/p>\n<p><iframe loading=\"lazy\" src=\"https:\/\/www.youtube.com\/embed\/6tigvVKZJw0\" width=\"560\" height=\"315\" frameborder=\"0\"><\/iframe><strong>\u00a0<\/strong><\/p>\n<p>&nbsp;<\/p>\n<p><iframe loading=\"lazy\" src=\"https:\/\/www.youtube.com\/embed\/i57aPy5Jl3w\" width=\"560\" height=\"315\" frameborder=\"0\"><\/iframe><\/p>\n<p>&nbsp;<\/p>\n<p>&nbsp;<\/p>\n<p><iframe loading=\"lazy\" src=\"https:\/\/docs.google.com\/forms\/d\/e\/1FAIpQLSdlGIgOEdJkj1o8p5ou3KJwQC6B0LPvFdASx21m3W84mNlkDw\/viewform?embedded=true\" width=\"640\" height=\"1276\" frameborder=\"0\">S&#8217;est\u00e0 carregant\u2026<\/iframe><\/p>\n","protected":false},"excerpt":{"rendered":"<p>Des de l\u2019inici de la Hist\u00f2ria, la discriminaci\u00f3 cap a les dones ha esdevingut un fet universal i intemporal. En totes les cultures i tradicions les dones han patit (i, en molts casos, encara pateixen) diferents tipus de discriminaci\u00f3. Tradicionalment s\u2019ha atorgat major protagonisme a&hellip;  <a href=\"https:\/\/agora.xtec.cat\/cfacanovelles\/c-soc-educacio-ciutadania\/la-discriminacio-dona-al-llarg-del-temps\/\" title=\"Read La discriminaci\u00f3 de la dona al llarg del temps\">Llegeix m\u00e9s\u00bb<\/a><\/p>\n","protected":false},"author":4,"featured_media":0,"comment_status":"open","ping_status":"closed","sticky":false,"template":"","format":"standard","meta":{"_bbp_topic_count":0,"_bbp_reply_count":0,"_bbp_total_topic_count":0,"_bbp_total_reply_count":0,"_bbp_voice_count":0,"_bbp_anonymous_reply_count":0,"_bbp_topic_count_hidden":0,"_bbp_reply_count_hidden":0,"_bbp_forum_subforum_count":0,"footnotes":""},"categories":[101],"tags":[],"class_list":["post-3114","post","type-post","status-publish","format-standard","hentry","category-c-soc-educacio-ciutadania"],"post_mailing_queue_ids":[],"_links":{"self":[{"href":"https:\/\/agora.xtec.cat\/cfacanovelles\/wp-json\/wp\/v2\/posts\/3114","targetHints":{"allow":["GET"]}}],"collection":[{"href":"https:\/\/agora.xtec.cat\/cfacanovelles\/wp-json\/wp\/v2\/posts"}],"about":[{"href":"https:\/\/agora.xtec.cat\/cfacanovelles\/wp-json\/wp\/v2\/types\/post"}],"author":[{"embeddable":true,"href":"https:\/\/agora.xtec.cat\/cfacanovelles\/wp-json\/wp\/v2\/users\/4"}],"replies":[{"embeddable":true,"href":"https:\/\/agora.xtec.cat\/cfacanovelles\/wp-json\/wp\/v2\/comments?post=3114"}],"version-history":[{"count":2,"href":"https:\/\/agora.xtec.cat\/cfacanovelles\/wp-json\/wp\/v2\/posts\/3114\/revisions"}],"predecessor-version":[{"id":3193,"href":"https:\/\/agora.xtec.cat\/cfacanovelles\/wp-json\/wp\/v2\/posts\/3114\/revisions\/3193"}],"wp:attachment":[{"href":"https:\/\/agora.xtec.cat\/cfacanovelles\/wp-json\/wp\/v2\/media?parent=3114"}],"wp:term":[{"taxonomy":"category","embeddable":true,"href":"https:\/\/agora.xtec.cat\/cfacanovelles\/wp-json\/wp\/v2\/categories?post=3114"},{"taxonomy":"post_tag","embeddable":true,"href":"https:\/\/agora.xtec.cat\/cfacanovelles\/wp-json\/wp\/v2\/tags?post=3114"}],"curies":[{"name":"wp","href":"https:\/\/api.w.org\/{rel}","templated":true}]}}