{"id":3112,"date":"2021-03-15T10:58:25","date_gmt":"2021-03-15T09:58:25","guid":{"rendered":"https:\/\/agora.xtec.cat\/cfacanovelles\/?p=3112"},"modified":"2024-04-08T18:08:33","modified_gmt":"2024-04-08T16:08:33","slug":"la-ciutadania","status":"publish","type":"post","link":"https:\/\/agora.xtec.cat\/cfacanovelles\/c-soc-educacio-ciutadania\/la-ciutadania\/","title":{"rendered":"La ciutadania"},"content":{"rendered":"<p>Un\u00a0<b>ciutad\u00e0<\/b>\u00a0o\u00a0<b>ciutadana<\/b>\u00a0\u00e9s un membre d&#8217;una\u00a0<a title=\"Comunitat\" href=\"https:\/\/ca.wikipedia.org\/wiki\/Comunitat\">comunitat<\/a>\u00a0<a title=\"Pol\u00edtica\" href=\"https:\/\/ca.wikipedia.org\/wiki\/Pol%C3%ADtica\">pol\u00edtica<\/a>. La condici\u00f3 de membre de l&#8217;esmentada comunitat es coneix com a\u00a0<a title=\"Ciutadania\" href=\"https:\/\/ca.wikipedia.org\/wiki\/Ciutadania\">ciutadania<\/a>, i comporta una s\u00e8rie de deures i una s\u00e8rie de\u00a0<a title=\"Dret\" href=\"https:\/\/ca.wikipedia.org\/wiki\/Dret\">drets<\/a>, dels quals els m\u00e9s importants s\u00f3n els drets de participaci\u00f3 pol\u00edtica, el principal d&#8217;ells el dret al\u00a0<a title=\"Vot\" href=\"https:\/\/ca.wikipedia.org\/wiki\/Vot\">vot<\/a>, que \u00e9s el senyal d&#8217;identitat de les modernes\u00a0<a title=\"Democr\u00e0cia\" href=\"https:\/\/ca.wikipedia.org\/wiki\/Democr%C3%A0cia\">democr\u00e0cies representatives<\/a>\u00a0predominants al m\u00f3n occidental.<\/p>\n<p>En les democr\u00e0cies modernes normalment tenen la condici\u00f3 de ciutadans tots els homes i dones majors d&#8217;edat (sent la\u00a0<a title=\"Majoria d'edat\" href=\"https:\/\/ca.wikipedia.org\/wiki\/Majoria_d%27edat\">majoria d&#8217;edat<\/a>\u00a0fixada generalment en els 18\u00a0anys), encara que en alguns llocs qui han estat condemnats per la just\u00edcia perden l&#8217;esmentada condici\u00f3, com succeeix en alguns estats dels\u00a0<a class=\"mw-redirect\" title=\"Estats Units\" href=\"https:\/\/ca.wikipedia.org\/wiki\/Estats_Units\">Estats Units<\/a>.<\/p>\n<p>Pel que fa a la seva\u00a0<a title=\"Etimologia\" href=\"https:\/\/ca.wikipedia.org\/wiki\/Etimologia\">etimologia<\/a>, el terme t\u00e9 el seu origen en la paraula\u00a0<a title=\"Ciutat\" href=\"https:\/\/ca.wikipedia.org\/wiki\/Ciutat\">ciutat<\/a>, ja que originalment aquesta era la unitat pol\u00edtica m\u00e9s important. Amb el temps la unitat pol\u00edtica va passar a ser l&#8217;<a class=\"mw-redirect\" title=\"Estat\" href=\"https:\/\/ca.wikipedia.org\/wiki\/Estat\">Estat<\/a>, i avui en dia quan ens referim a ciutadans sol ser respecte d&#8217;un determinat Estat (per exemple, ciutadans espanyols, o ciutadans belgues).<\/p>\n<p>Respecte del\u00a0<a class=\"mw-redirect\" title=\"Dret Administratiu\" href=\"https:\/\/ca.wikipedia.org\/wiki\/Dret_Administratiu\">Dret Administratiu<\/a>, ciutad\u00e0 \u00e9s tota persona no subjecta a una relaci\u00f3 especial davant l&#8217;Administraci\u00f3 (ja que si la tingu\u00e9s passaria a ser el que es coneix com a &#8220;interessat&#8221;).<\/p>\n<p>Acostuma a coincidir amb\u00a0<a class=\"mw-redirect\" title=\"Nacionalitat (dret)\" href=\"https:\/\/ca.wikipedia.org\/wiki\/Nacionalitat_(dret)\">nacionalitat<\/a>, encara que \u00e9s possible tenir una nacionalitat sense ser un ciutad\u00e0 (i.e., estar legalment subjecte a un estat i sota la seva protecci\u00f3 sense tenir drets de participaci\u00f3 pol\u00edtica); \u00e9s tamb\u00e9 possible tenir drets pol\u00edtics sense ser originari d&#8217;un estat.<\/p>\n<p><iframe loading=\"lazy\" src=\"https:\/\/www.youtube.com\/embed\/poC1fSzV0H8\" width=\"560\" height=\"315\" frameborder=\"0\"><\/iframe><\/p>\n<p><strong>Explicaci\u00f3 breu dels temes controvertits<\/strong><\/p>\n<table>\n<tbody>\n<tr>\n<td style=\"text-align: center;\" width=\"288\">Text 1<\/td>\n<td style=\"text-align: center;\" width=\"288\">Tex 2<\/td>\n<\/tr>\n<tr>\n<td width=\"288\"><strong>Eutan\u00e0sia: decidir morir de manera assistida ja que un mateix no pot fer-ho per estar impedit f\u00edsicament.\u00a0 Es demana en casos de malalties carregoses. Altres creuen que nom\u00e9s D\u00e9u pot decidir quan hem de morir i que hem d\u2019aguantar el sofriment.<\/strong><\/td>\n<td width=\"288\"><strong>Clonaci\u00f3: repetir les c\u00e8l\u00b7lules d\u2019un organisme per crear-ne un de similar i aix\u00ed obtenir remeis i \u00f2rgans per a futures malalties. La pol\u00e8mica ve perqu\u00e8 alguns pensen que tot val en l\u2019aven\u00e7 de la ci\u00e8ncia i altres creuen que no podem jugar amb la natura i podem tenir pitjor conseq\u00fc\u00e8ncies.<\/strong><\/p>\n<p><strong>\u00a0<\/strong><\/td>\n<\/tr>\n<tr>\n<td width=\"288\"><strong>Text 3<\/strong><\/td>\n<td width=\"288\"><strong>Text 4<\/strong><\/td>\n<\/tr>\n<tr>\n<td width=\"288\"><strong>Dret a portar armes: a Europa els ciutadans deleguen la defensa en la policia per\u00f2 als Estats Units la gent pot dur armes, el tema \u00e9s que de tant en tant es produeixen massacres.<\/strong><\/td>\n<td width=\"288\"><strong>Reinserci\u00f3 dels presos:\u00a0 la pres\u00f3 ha de permetre reinserir al assassins (que tornin al carrer) o hem d\u2019aplicar la pena de mort o cadena perp\u00e8tua?<\/strong><\/td>\n<\/tr>\n<\/tbody>\n<\/table>\n<p><strong>\u00a0<\/strong><\/p>\n<p>&nbsp;<\/p>\n<p><strong>\u00a0<\/strong><\/p>\n<p><iframe loading=\"lazy\" src=\"https:\/\/docs.google.com\/forms\/d\/e\/1FAIpQLSd1pR4Qn8R7RrN4d_FrkksED5suJeiE4GIx-C2aWVqI_EtRcA\/viewform?embedded=true\" width=\"640\" height=\"1964\" frameborder=\"0\">S&#8217;est\u00e0 carregant\u2026<\/iframe><\/p>\n<p>&nbsp;<\/p>\n<p>&nbsp;<\/p>\n","protected":false},"excerpt":{"rendered":"<p>Un\u00a0ciutad\u00e0\u00a0o\u00a0ciutadana\u00a0\u00e9s un membre d&#8217;una\u00a0<a title=\"Comunitat\" href=\"https:\/\/ca.wikipedia.org\/wiki\/Comunitat\">comunitat<\/a>\u00a0<a title=\"Pol\u00edtica\" href=\"https:\/\/ca.wikipedia.org\/wiki\/Pol%C3%ADtica\">pol\u00edtica<\/a>. La condici\u00f3 de membre de l&#8217;esmentada comunitat es coneix com a\u00a0<a title=\"Ciutadania\" href=\"https:\/\/ca.wikipedia.org\/wiki\/Ciutadania\">ciutadania<\/a>, i comporta una s\u00e8rie de deures i una s\u00e8rie de\u00a0<a title=\"Dret\" href=\"https:\/\/ca.wikipedia.org\/wiki\/Dret\">drets<\/a>, dels quals els m\u00e9s importants s\u00f3n els drets de participaci\u00f3 pol\u00edtica, el&hellip;  <a href=\"https:\/\/agora.xtec.cat\/cfacanovelles\/c-soc-educacio-ciutadania\/la-ciutadania\/\" title=\"Read La ciutadania\">Llegeix m\u00e9s\u00bb<\/a><\/p>\n","protected":false},"author":4,"featured_media":0,"comment_status":"open","ping_status":"closed","sticky":false,"template":"","format":"standard","meta":{"_bbp_topic_count":0,"_bbp_reply_count":0,"_bbp_total_topic_count":0,"_bbp_total_reply_count":0,"_bbp_voice_count":0,"_bbp_anonymous_reply_count":0,"_bbp_topic_count_hidden":0,"_bbp_reply_count_hidden":0,"_bbp_forum_subforum_count":0,"footnotes":""},"categories":[101],"tags":[],"class_list":["post-3112","post","type-post","status-publish","format-standard","hentry","category-c-soc-educacio-ciutadania"],"post_mailing_queue_ids":[],"_links":{"self":[{"href":"https:\/\/agora.xtec.cat\/cfacanovelles\/wp-json\/wp\/v2\/posts\/3112","targetHints":{"allow":["GET"]}}],"collection":[{"href":"https:\/\/agora.xtec.cat\/cfacanovelles\/wp-json\/wp\/v2\/posts"}],"about":[{"href":"https:\/\/agora.xtec.cat\/cfacanovelles\/wp-json\/wp\/v2\/types\/post"}],"author":[{"embeddable":true,"href":"https:\/\/agora.xtec.cat\/cfacanovelles\/wp-json\/wp\/v2\/users\/4"}],"replies":[{"embeddable":true,"href":"https:\/\/agora.xtec.cat\/cfacanovelles\/wp-json\/wp\/v2\/comments?post=3112"}],"version-history":[{"count":2,"href":"https:\/\/agora.xtec.cat\/cfacanovelles\/wp-json\/wp\/v2\/posts\/3112\/revisions"}],"predecessor-version":[{"id":3205,"href":"https:\/\/agora.xtec.cat\/cfacanovelles\/wp-json\/wp\/v2\/posts\/3112\/revisions\/3205"}],"wp:attachment":[{"href":"https:\/\/agora.xtec.cat\/cfacanovelles\/wp-json\/wp\/v2\/media?parent=3112"}],"wp:term":[{"taxonomy":"category","embeddable":true,"href":"https:\/\/agora.xtec.cat\/cfacanovelles\/wp-json\/wp\/v2\/categories?post=3112"},{"taxonomy":"post_tag","embeddable":true,"href":"https:\/\/agora.xtec.cat\/cfacanovelles\/wp-json\/wp\/v2\/tags?post=3112"}],"curies":[{"name":"wp","href":"https:\/\/api.w.org\/{rel}","templated":true}]}}