{"id":3087,"date":"2021-03-13T11:00:51","date_gmt":"2021-03-13T10:00:51","guid":{"rendered":"https:\/\/agora.xtec.cat\/cfacanovelles\/?p=3087"},"modified":"2026-04-21T19:40:30","modified_gmt":"2026-04-21T17:40:30","slug":"el-barroc","status":"publish","type":"post","link":"https:\/\/agora.xtec.cat\/cfacanovelles\/art-i-artistes\/el-barroc\/","title":{"rendered":"El Barroc"},"content":{"rendered":"<p><img loading=\"lazy\" decoding=\"async\" class=\"alignleft\" src=\"https:\/\/upload.wikimedia.org\/wikipedia\/commons\/thumb\/3\/3e\/Estasi_di_Santa_Teresa.jpg\/800px-Estasi_di_Santa_Teresa.jpg\" width=\"298\" height=\"446\" \/><\/p>\n<p>El\u00a0<b>barroc<\/b>\u00a0\u00e9s, a la vegada, un per\u00edode hist\u00f2ric i un moviment\u00a0<a title=\"Cultura\" href=\"https:\/\/ca.wikipedia.org\/wiki\/Cultura\">cultural<\/a>\u00a0que es va estendre a\u00a0<a title=\"Europa\" href=\"https:\/\/ca.wikipedia.org\/wiki\/Europa\">Europa<\/a>\u00a0i a llurs\u00a0<a title=\"Colonialisme\" href=\"https:\/\/ca.wikipedia.org\/wiki\/Colonialisme\">col\u00f2nies<\/a>\u00a0entre la segona meitat del\u00a0<a title=\"Segle XVII\" href=\"https:\/\/ca.wikipedia.org\/wiki\/Segle_XVII\">segle XVII<\/a>\u00a0i els inicis del segle XVIII.<sup id=\"cite_ref-Diccionari_1-0\" class=\"reference\"><\/sup><\/p>\n<p>Com a corrent\u00a0<a title=\"Art\" href=\"https:\/\/ca.wikipedia.org\/wiki\/Art\">art\u00edstic<\/a>\u00a0va influir la\u00a0<a title=\"Literatura\" href=\"https:\/\/ca.wikipedia.org\/wiki\/Literatura\">literatura<\/a>, l&#8217;<a title=\"Escultura\" href=\"https:\/\/ca.wikipedia.org\/wiki\/Escultura\">escultura<\/a>, la\u00a0<a title=\"Pintura\" href=\"https:\/\/ca.wikipedia.org\/wiki\/Pintura\">pintura<\/a>, l&#8217;<a title=\"Arquitectura\" href=\"https:\/\/ca.wikipedia.org\/wiki\/Arquitectura\">arquitectura<\/a>\u00a0i les\u00a0<a class=\"mw-redirect\" title=\"Arts esc\u00e8niques\" href=\"https:\/\/ca.wikipedia.org\/wiki\/Arts_esc%C3%A8niques\">arts esc\u00e8niques<\/a>. L&#8217;<a title=\"Art\" href=\"https:\/\/ca.wikipedia.org\/wiki\/Art\">art<\/a>\u00a0espectacular del barroc recordava la gran\u00a0<a title=\"\u00d2pera\" href=\"https:\/\/ca.wikipedia.org\/wiki\/%C3%92pera\">\u00f2pera<\/a>\u00a0del moment. Durant un temps, el terme\u00a0<i>barroc<\/i>\u00a0s&#8217;havia fet servir per a descriure quelcom artificialment complex i extravagant, i no va ser fins al segle\u00a0<span title=\"Nombre\u00a0escrit en xifres romanes\">xix<\/span> quan va comen\u00e7ar a fer-se servir per a anomenar l&#8217;art i l&#8217;arquitectura del segle XVII, amb qu\u00e8 es van crear alguns dels edificis, escultures i quadres m\u00e9s grans i dram\u00e0tics de la <a title=\"Hist\u00f2ria de l'art\" href=\"https:\/\/ca.wikipedia.org\/wiki\/Hist%C3%B2ria_de_l%27art\">hist\u00f2ria de l&#8217;art<\/a>. <sup id=\"cite_ref-art_2-0\" class=\"reference\"><\/sup><sup id=\"cite_ref-RBA_3-0\" class=\"reference\"><\/sup>L&#8217;estil barroc va sorgir a mitjans del segle XVI, despr\u00e9s del <a title=\"\" href=\"https:\/\/ca.wikipedia.org\/wiki\/Concili_de_Trento\">Concili de Trento<\/a>. D&#8217;ac\u00ed es va estendre cap a la major part d&#8217;Europa. Fou un moviment que va impulsar un estil art\u00edstic que es dirigia no sols a les elits sin\u00f3 al poble illetrat. Aix\u00ed, en\u00a0<a title=\"\u00d2pera\" href=\"https:\/\/ca.wikipedia.org\/wiki\/%C3%92pera\">\u00f2pera<\/a>,\u00a0<a title=\"Dansa\" href=\"https:\/\/ca.wikipedia.org\/wiki\/Dansa\">dansa<\/a>,\u00a0<a title=\"Teatre\" href=\"https:\/\/ca.wikipedia.org\/wiki\/Teatre\">teatre<\/a>,\u00a0<a title=\"Pintura\" href=\"https:\/\/ca.wikipedia.org\/wiki\/Pintura\">pintura<\/a>\u00a0i\u00a0<a title=\"Arquitectura\" href=\"https:\/\/ca.wikipedia.org\/wiki\/Arquitectura\">arquitectura<\/a>, el barroc utilitza una\u00a0<a title=\"Iconografia\" href=\"https:\/\/ca.wikipedia.org\/wiki\/Iconografia\">iconografia<\/a>\u00a0directa i teatral, amb tend\u00e8ncia a una abund\u00e0ncia d&#8217;<a title=\"Ornament\" href=\"https:\/\/ca.wikipedia.org\/wiki\/Ornament\">ornamentaci\u00f3<\/a>. Durant els segles XVIII i XIX, el terme \u00abbarroc\u00bb va tenir un sentit pejoratiu, sin\u00f2nim de sobrecarregat, desmesurat i irracional. Fou revalorat a la fi del segle XIX per intel\u00b7lectuals com <a class=\"new\" title=\"Jacob Burckhardt (encara no existeix)\" href=\"https:\/\/ca.wikipedia.org\/w\/index.php?title=Jacob_Burckhardt&amp;action=edit&amp;redlink=1\">Jacob Burckhardt<\/a>; i el segle\u00a0<span title=\"Nombre\u00a0escrit en xifres romanes\">xx<\/span>\u00a0fou analitzat de nou per\u00a0<a title=\"Benedetto Croce\" href=\"https:\/\/ca.wikipedia.org\/wiki\/Benedetto_Croce\">Benedetto Croce<\/a>\u00a0i\u00a0<a title=\"Eugeni d'Ors i Rovira\" href=\"https:\/\/ca.wikipedia.org\/wiki\/Eugeni_d%27Ors_i_Rovira\">Eugeni d&#8217;Ors<\/a>. En general s&#8217;entenia com l&#8217;etapa de decad\u00e8ncia que seguia a qualsevol corrent art\u00edstic.<sup id=\"cite_ref-Diccionari_1-1\" class=\"reference\"><\/sup><\/p>\n<p>&nbsp;<\/p>\n<p>&nbsp;<\/p>\n<p><strong>Mireu aquesta presentaci\u00f3 sobre el Barroc (teoria)<\/strong><\/p>\n<p><iframe loading=\"lazy\" src=\"\/\/www.slideshare.net\/slideshow\/embed_code\/key\/2Cp4k12pubav26\" width=\"595\" height=\"485\" frameborder=\"0\"> <\/iframe><\/p>\n<div style=\"margin-bottom: 5px;\"><strong> <a title=\"Barroc df 2\" href=\"\/\/www.slideshare.net\/profesfolki\/barroc-df-2\" target=\"_blank\" rel=\"noopener noreferrer\">Barroc df 2<\/a> <\/strong> from <strong><a href=\"https:\/\/www.slideshare.net\/profesfolki\" target=\"_blank\" rel=\"noopener noreferrer\">profes folchitorres<\/a><\/strong><\/div>\n<p><iframe loading=\"lazy\" src=\"\/\/www.slideshare.net\/slideshow\/embed_code\/key\/nYWAugr4rQXzyI\" width=\"595\" height=\"485\" frameborder=\"0\"> <\/iframe><\/p>\n<div style=\"margin-bottom: 5px;\"><strong> <a title=\"Art barroc\" href=\"\/\/www.slideshare.net\/rafelsocias\/art-barroc-72270490\" target=\"_blank\" rel=\"noopener noreferrer\">Art barroc<\/a> <\/strong> from <strong><a href=\"https:\/\/www.slideshare.net\/rafelsocias\" target=\"_blank\" rel=\"noopener noreferrer\">rafelsocias<\/a><\/strong><\/div>\n<p><strong>Visioneu aquest v\u00eddeo sobre l\u2019art del Barroc<\/strong><\/p>\n<p><iframe loading=\"lazy\" src=\"https:\/\/www.youtube.com\/embed\/w7ZUbkOXnfw\" width=\"560\" height=\"315\" frameborder=\"0\"><\/iframe><\/p>\n<p><strong>Feu les activitats del formulari de sota<\/strong><\/p>\n<p><iframe loading=\"lazy\" src=\"https:\/\/docs.google.com\/forms\/d\/e\/1FAIpQLSd5j1pNpd3jIJ6Atr6F1NKw0-oY-TxYGUeCIJFffTxp7g-e_g\/viewform?embedded=true\" width=\"640\" height=\"10617\" frameborder=\"0\">S&#8217;est\u00e0 carregant\u2026<\/iframe><\/p>\n","protected":false},"excerpt":{"rendered":"<p>El\u00a0barroc\u00a0\u00e9s, a la vegada, un per\u00edode hist\u00f2ric i un moviment\u00a0<a title=\"Cultura\" href=\"https:\/\/ca.wikipedia.org\/wiki\/Cultura\">cultural<\/a>\u00a0que es va estendre a\u00a0<a title=\"Europa\" href=\"https:\/\/ca.wikipedia.org\/wiki\/Europa\">Europa<\/a>\u00a0i a llurs\u00a0<a title=\"Colonialisme\" href=\"https:\/\/ca.wikipedia.org\/wiki\/Colonialisme\">col\u00f2nies<\/a>\u00a0entre la segona meitat del\u00a0<a title=\"Segle XVII\" href=\"https:\/\/ca.wikipedia.org\/wiki\/Segle_XVII\">segle XVII<\/a>\u00a0i els inicis del segle XVIII.<br \/>\nCom a corrent\u00a0<a title=\"Art\" href=\"https:\/\/ca.wikipedia.org\/wiki\/Art\">art\u00edstic<\/a>\u00a0va influir la\u00a0<a title=\"Literatura\" href=\"https:\/\/ca.wikipedia.org\/wiki\/Literatura\">literatura<\/a>, l&#8217;<a title=\"Escultura\"&hellip;  <a href=\"https:\/\/agora.xtec.cat\/cfacanovelles\/art-i-artistes\/el-barroc\/\" title=\"Read El Barroc\">Llegeix m\u00e9s\u00bb<\/a><\/p>\n","protected":false},"author":4,"featured_media":3088,"comment_status":"open","ping_status":"closed","sticky":false,"template":"","format":"standard","meta":{"_bbp_topic_count":0,"_bbp_reply_count":0,"_bbp_total_topic_count":0,"_bbp_total_reply_count":0,"_bbp_voice_count":0,"_bbp_anonymous_reply_count":0,"_bbp_topic_count_hidden":0,"_bbp_reply_count_hidden":0,"_bbp_forum_subforum_count":0,"footnotes":""},"categories":[102],"tags":[],"class_list":["post-3087","post","type-post","status-publish","format-standard","has-post-thumbnail","hentry","category-art-i-artistes"],"post_mailing_queue_ids":[],"_links":{"self":[{"href":"https:\/\/agora.xtec.cat\/cfacanovelles\/wp-json\/wp\/v2\/posts\/3087","targetHints":{"allow":["GET"]}}],"collection":[{"href":"https:\/\/agora.xtec.cat\/cfacanovelles\/wp-json\/wp\/v2\/posts"}],"about":[{"href":"https:\/\/agora.xtec.cat\/cfacanovelles\/wp-json\/wp\/v2\/types\/post"}],"author":[{"embeddable":true,"href":"https:\/\/agora.xtec.cat\/cfacanovelles\/wp-json\/wp\/v2\/users\/4"}],"replies":[{"embeddable":true,"href":"https:\/\/agora.xtec.cat\/cfacanovelles\/wp-json\/wp\/v2\/comments?post=3087"}],"version-history":[{"count":2,"href":"https:\/\/agora.xtec.cat\/cfacanovelles\/wp-json\/wp\/v2\/posts\/3087\/revisions"}],"predecessor-version":[{"id":3090,"href":"https:\/\/agora.xtec.cat\/cfacanovelles\/wp-json\/wp\/v2\/posts\/3087\/revisions\/3090"}],"wp:featuredmedia":[{"embeddable":true,"href":"https:\/\/agora.xtec.cat\/cfacanovelles\/wp-json\/wp\/v2\/media\/3088"}],"wp:attachment":[{"href":"https:\/\/agora.xtec.cat\/cfacanovelles\/wp-json\/wp\/v2\/media?parent=3087"}],"wp:term":[{"taxonomy":"category","embeddable":true,"href":"https:\/\/agora.xtec.cat\/cfacanovelles\/wp-json\/wp\/v2\/categories?post=3087"},{"taxonomy":"post_tag","embeddable":true,"href":"https:\/\/agora.xtec.cat\/cfacanovelles\/wp-json\/wp\/v2\/tags?post=3087"}],"curies":[{"name":"wp","href":"https:\/\/api.w.org\/{rel}","templated":true}]}}