{"id":3084,"date":"2021-03-13T08:12:50","date_gmt":"2021-03-13T07:12:50","guid":{"rendered":"https:\/\/agora.xtec.cat\/cfacanovelles\/?p=3084"},"modified":"2026-04-13T14:45:31","modified_gmt":"2026-04-13T12:45:31","slug":"el-renaixement","status":"publish","type":"post","link":"https:\/\/agora.xtec.cat\/cfacanovelles\/art-i-artistes\/el-renaixement\/","title":{"rendered":"El Renaixement"},"content":{"rendered":"<p><img loading=\"lazy\" decoding=\"async\" class=\"alignleft\" src=\"https:\/\/upload.wikimedia.org\/wikipedia\/commons\/thumb\/0\/0b\/Sandro_Botticelli_-_La_nascita_di_Venere_-_Google_Art_Project_-_edited.jpg\/1920px-Sandro_Botticelli_-_La_nascita_di_Venere_-_Google_Art_Project_-_edited.jpg\" width=\"580\" height=\"364\" \/><\/p>\n<p>El\u00a0<b>Renaixement<\/b>\u00a0o\u00a0<b>Renaiximent<\/b><sup id=\"cite_ref-1\" class=\"reference\"><\/sup>\u00a0\u00e9s una \u00e8poca\u00a0<a title=\"Art\" href=\"https:\/\/ca.wikipedia.org\/wiki\/Art\">art\u00edstica<\/a>, i per extensi\u00f3\u00a0<a title=\"Cultura\" href=\"https:\/\/ca.wikipedia.org\/wiki\/Cultura\">cultural<\/a>, que dona inici a l&#8217;<a class=\"mw-redirect\" title=\"Edat Moderna\" href=\"https:\/\/ca.wikipedia.org\/wiki\/Edat_Moderna\">Edat Moderna<\/a>\u00a0i en qu\u00e8 es reflecteixen els ideals del moviment\u00a0<a class=\"mw-redirect\" title=\"Humanista\" href=\"https:\/\/ca.wikipedia.org\/wiki\/Humanista\">humanista<\/a>\u00a0que va desenvolupar-se a Europa el\u00a0<a title=\"Segle XVI\" href=\"https:\/\/ca.wikipedia.org\/wiki\/Segle_XVI\">segle\u00a0<span title=\"Nombre\u00a0escrit en xifres romanes\">xvi<\/span><\/a>. Tot i que el terme procedeix de l&#8217;obra de\u00a0<a title=\"Giorgio Vasari\" href=\"https:\/\/ca.wikipedia.org\/wiki\/Giorgio_Vasari\">Giorgio Vasari<\/a>\u00a0<i>Vides de pintors, escultors i arquitectes famosos<\/i>, publicada el\u00a0<a title=\"1570\" href=\"https:\/\/ca.wikipedia.org\/wiki\/1570\">1570<\/a>, no fou fins al\u00a0<a title=\"Segle XIX\" href=\"https:\/\/ca.wikipedia.org\/wiki\/Segle_XIX\">segle\u00a0<span title=\"Nombre\u00a0escrit en xifres romanes\">xix<\/span><\/a>\u00a0que aquest concepte no va rebre una \u00e0mplia interpretaci\u00f3 historicoart\u00edstica. El mot \u00abrenaixement\u00bb es va utilitzar perqu\u00e8 aquest corrent reprenia els elements de la cultura cl\u00e0ssica. El terme simbolitza la reactivaci\u00f3 del coneixement i el progr\u00e9s despr\u00e9s de segles de predomini d&#8217;un tipus de mentalitat dogm\u00e0tica establerta en l&#8217;Europa de l&#8217;<a title=\"Edat mitjana\" href=\"https:\/\/ca.wikipedia.org\/wiki\/Edat_mitjana\">edat mitjana<\/a>. Aquesta nova etapa va plantejar una nova forma de veure el m\u00f3n i l&#8217;\u00e9sser hum\u00e0, l&#8217;inter\u00e8s per les arts, la pol\u00edtica i les ci\u00e8ncies, revisant el teocentrisme medieval i substituint-lo per un cert antropocentrisme.<\/p>\n<h5><\/h5>\n<h5><\/h5>\n<h5><span id=\"Caracter\u00edstiques_art\u00edstiques\" class=\"mw-headline\">Caracter\u00edstiques art\u00edstiques<\/span><\/h5>\n<div class=\"thumb tright\">\n<div class=\"thumbinner\">\n<div class=\"thumbcaption\"><\/div>\n<\/div>\n<\/div>\n<p>De forma gen\u00e8rica hom pot establir les caracter\u00edstiques art\u00edstiques del Renaixement en tres:<\/p>\n<dl>\n<dd>\n<ol>\n<li>La\u00a0<b>tornada a l&#8217;antiguitat<\/b>. Ressorgiran tant les antigues formes arquitect\u00f2niques, com els\u00a0<a title=\"Ordres cl\u00e0ssics\" href=\"https:\/\/ca.wikipedia.org\/wiki\/Ordres_cl%C3%A0ssics\">ordres cl\u00e0ssics<\/a>, la utilitzaci\u00f3 de motius formals i pl\u00e0stics antics, la incorporaci\u00f3 d&#8217;antigues creences, els temes de\u00a0<a title=\"Mitologia\" href=\"https:\/\/ca.wikipedia.org\/wiki\/Mitologia\">mitologia<\/a>, d&#8217;<a title=\"Hist\u00f2ria\" href=\"https:\/\/ca.wikipedia.org\/wiki\/Hist%C3%B2ria\">hist\u00f2ria<\/a>, aix\u00ed com l&#8217;adopci\u00f3 d&#8217;antics elements simb\u00f2lics. Alhora hi ha una voluntat d&#8217;estudi dels monuments antics i de teoritzaci\u00f3 sobre els sistemes de proporcions per captar l&#8217;esperit del\u00a0<a title=\"Classicisme\" href=\"https:\/\/ca.wikipedia.org\/wiki\/Classicisme\">classicisme<\/a>\u00a0i no nom\u00e9s les seves formes. Per tant no en ser\u00e0 una c\u00f2pia servil, sin\u00f3 la penetraci\u00f3 i el coneixement de les lleis que sustenten l&#8217;art cl\u00e0ssic.<\/li>\n<li>Ressorgiment d&#8217;una\u00a0<b>nova relaci\u00f3 amb la\u00a0<a class=\"mw-redirect\" title=\"Naturalesa\" href=\"https:\/\/ca.wikipedia.org\/wiki\/Naturalesa\">Naturalesa<\/a><\/b>\u00a0com a model a imitar o perfeccionar. La millor pintura \u00e9s la que s&#8217;assembla m\u00e9s al natural i aquesta imitaci\u00f3 no \u00e9s incompatible amb la recerca de la bellesa ideal en el sentit\u00a0<a title=\"Plat\u00f3\" href=\"https:\/\/ca.wikipedia.org\/wiki\/Plat%C3%B3\">plat\u00f2nic<\/a>, ja que l&#8217;artista ha de seleccionar les formes per captar la bellesa. En conseq\u00fc\u00e8ncia aquesta nova relaci\u00f3 amb la naturalesa va unida a una concepci\u00f3 ideal i realista de la ci\u00e8ncia. La\u00a0<a class=\"mw-redirect\" title=\"Matem\u00e0tica\" href=\"https:\/\/ca.wikipedia.org\/wiki\/Matem%C3%A0tica\">matem\u00e0tica<\/a>\u00a0es convertir\u00e0 en la principal ajuda d&#8217;un art que es preocupa per fonamentar racionalment el seu ideal de bellesa. L&#8217;aspiraci\u00f3 d&#8217;accedir a la veritat de la Naturalesa, com en l&#8217;antiguitat, no s&#8217;orienta a fer el coneixement de fenomen casual, sin\u00f3 a fer la penetraci\u00f3 de la idea.<\/li>\n<li>L&#8217;<b>actitud antropoc\u00e8ntrica<\/b>: \u00abl&#8217;home com a mesura de totes les coses\u00bb implica el descobriment i l&#8217;aplicaci\u00f3 sistem\u00e0tica de les lleis de la perspectiva lineal, tant per a projectar edificis com per a crear un espai dimensional en la pintura i l&#8217;escultura. Aquesta nova predisposici\u00f3 art\u00edstica \u00e9s essencialment cultural i pressuposa en l&#8217;artista una formaci\u00f3 cient\u00edfica que, alhora, li permet alliberar-se d&#8217;actituds medievals.<\/li>\n<\/ol>\n<\/dd>\n<\/dl>\n<p>&nbsp;<\/p>\n<p><strong>Mireu aquesta presentaci\u00f3 sobre el Renaixement (teoria)<\/strong><\/p>\n<p><iframe loading=\"lazy\" src=\"\/\/www.slideshare.net\/slideshow\/embed_code\/key\/FohtnFjXTR44pd\" width=\"595\" height=\"485\" frameborder=\"0\"> <\/iframe><\/p>\n<div style=\"margin-bottom: 5px;\"><strong> <a title=\"Unitat 8. el renaixement, una nova concepci\u00f3 de l'art\" href=\"\/\/www.slideshare.net\/julialopezvalera\/unitat-8-el-renaixement-una-nova-concepci-de-lart\" target=\"_blank\" rel=\"noopener noreferrer\">Unitat 8. el renaixement, una nova concepci\u00f3 de l&#8217;art<\/a> <\/strong> from <strong><a href=\"https:\/\/www.slideshare.net\/julialopezvalera\" target=\"_blank\" rel=\"noopener noreferrer\">Julia Valera<\/a><\/strong><\/div>\n<p><iframe loading=\"lazy\" src=\"\/\/www.slideshare.net\/slideshow\/embed_code\/key\/yRyepPkDFMibHB\" width=\"595\" height=\"485\" frameborder=\"0\"> <\/iframe><\/p>\n<div style=\"margin-bottom: 5px;\"><strong> <a title=\"L\u2019art del Renaixement (Renaixement itali\u00e0)\" href=\"\/\/www.slideshare.net\/xabiapi\/lart-del-renaixement-renaixement-itali\" target=\"_blank\" rel=\"noopener noreferrer\">L\u2019art del Renaixement (Renaixement itali\u00e0)<\/a> <\/strong> from <strong><a href=\"https:\/\/www.slideshare.net\/xabiapi\" target=\"_blank\" rel=\"noopener noreferrer\">xabiapi<\/a><\/strong><\/div>\n<p><strong>Visioneu aquest v\u00eddeo sobre l\u2019art del Renaixement<\/strong><\/p>\n<p><iframe loading=\"lazy\" src=\"https:\/\/www.youtube.com\/embed\/RdvVAY48oyw\" width=\"560\" height=\"315\" frameborder=\"0\"><\/iframe><\/p>\n<p><strong>Feu les activitats del formulari de sota<\/strong><\/p>\n<p><iframe loading=\"lazy\" src=\"https:\/\/docs.google.com\/forms\/d\/e\/1FAIpQLSf6cWq5p-NhkK9cfZvOBOYdzw3-Vl1hf060k1ZobnMtP7TOxQ\/viewform?embedded=true\" width=\"640\" height=\"11407\" frameborder=\"0\">S&#8217;est\u00e0 carregant\u2026<\/iframe><\/p>\n","protected":false},"excerpt":{"rendered":"<p>El\u00a0Renaixement\u00a0o\u00a0Renaiximent\u00a0\u00e9s una \u00e8poca\u00a0<a title=\"Art\" href=\"https:\/\/ca.wikipedia.org\/wiki\/Art\">art\u00edstica<\/a>, i per extensi\u00f3\u00a0<a title=\"Cultura\" href=\"https:\/\/ca.wikipedia.org\/wiki\/Cultura\">cultural<\/a>, que dona inici a l&#8217;<a class=\"mw-redirect\" title=\"Edat Moderna\" href=\"https:\/\/ca.wikipedia.org\/wiki\/Edat_Moderna\">Edat Moderna<\/a>\u00a0i en qu\u00e8 es reflecteixen els ideals del moviment\u00a0<a class=\"mw-redirect\" title=\"Humanista\" href=\"https:\/\/ca.wikipedia.org\/wiki\/Humanista\">humanista<\/a>\u00a0que va desenvolupar-se a Europa el\u00a0<a title=\"Segle XVI\" href=\"https:\/\/ca.wikipedia.org\/wiki\/Segle_XVI\">segle\u00a0xvi<\/a>. Tot i que el terme procedeix&hellip;  <a href=\"https:\/\/agora.xtec.cat\/cfacanovelles\/art-i-artistes\/el-renaixement\/\" title=\"Read El Renaixement\">Llegeix m\u00e9s\u00bb<\/a><\/p>\n","protected":false},"author":4,"featured_media":0,"comment_status":"open","ping_status":"closed","sticky":false,"template":"","format":"standard","meta":{"_bbp_topic_count":0,"_bbp_reply_count":0,"_bbp_total_topic_count":0,"_bbp_total_reply_count":0,"_bbp_voice_count":0,"_bbp_anonymous_reply_count":0,"_bbp_topic_count_hidden":0,"_bbp_reply_count_hidden":0,"_bbp_forum_subforum_count":0,"footnotes":""},"categories":[102],"tags":[],"class_list":["post-3084","post","type-post","status-publish","format-standard","hentry","category-art-i-artistes"],"post_mailing_queue_ids":[],"_links":{"self":[{"href":"https:\/\/agora.xtec.cat\/cfacanovelles\/wp-json\/wp\/v2\/posts\/3084","targetHints":{"allow":["GET"]}}],"collection":[{"href":"https:\/\/agora.xtec.cat\/cfacanovelles\/wp-json\/wp\/v2\/posts"}],"about":[{"href":"https:\/\/agora.xtec.cat\/cfacanovelles\/wp-json\/wp\/v2\/types\/post"}],"author":[{"embeddable":true,"href":"https:\/\/agora.xtec.cat\/cfacanovelles\/wp-json\/wp\/v2\/users\/4"}],"replies":[{"embeddable":true,"href":"https:\/\/agora.xtec.cat\/cfacanovelles\/wp-json\/wp\/v2\/comments?post=3084"}],"version-history":[{"count":3,"href":"https:\/\/agora.xtec.cat\/cfacanovelles\/wp-json\/wp\/v2\/posts\/3084\/revisions"}],"predecessor-version":[{"id":3092,"href":"https:\/\/agora.xtec.cat\/cfacanovelles\/wp-json\/wp\/v2\/posts\/3084\/revisions\/3092"}],"wp:attachment":[{"href":"https:\/\/agora.xtec.cat\/cfacanovelles\/wp-json\/wp\/v2\/media?parent=3084"}],"wp:term":[{"taxonomy":"category","embeddable":true,"href":"https:\/\/agora.xtec.cat\/cfacanovelles\/wp-json\/wp\/v2\/categories?post=3084"},{"taxonomy":"post_tag","embeddable":true,"href":"https:\/\/agora.xtec.cat\/cfacanovelles\/wp-json\/wp\/v2\/tags?post=3084"}],"curies":[{"name":"wp","href":"https:\/\/api.w.org\/{rel}","templated":true}]}}