{"id":3080,"date":"2021-03-13T08:01:39","date_gmt":"2021-03-13T07:01:39","guid":{"rendered":"https:\/\/agora.xtec.cat\/cfacanovelles\/?p=3080"},"modified":"2026-04-13T14:45:15","modified_gmt":"2026-04-13T12:45:15","slug":"art-gotic","status":"publish","type":"post","link":"https:\/\/agora.xtec.cat\/cfacanovelles\/art-i-artistes\/art-gotic\/","title":{"rendered":"Art g\u00f2tic"},"content":{"rendered":"<p><img loading=\"lazy\" decoding=\"async\" class=\"alignleft\" src=\"https:\/\/p2.piqsels.com\/preview\/800\/62\/546\/church-cathedral-window-stained-glass.jpg\" alt=\"gothic cathedral, gray, concrete, cathedral, interior, church, window, stained glass, CC0, public domain, royalty free | Piqsels\" width=\"492\" height=\"276\" \/><\/p>\n<p>L&#8217;<b>art g\u00f2tic<\/b>\u00a0\u00e9s un\u00a0<a class=\"new\" title=\"Estil arquitect\u00f2nic (encara no existeix)\" href=\"https:\/\/ca.wikipedia.org\/w\/index.php?title=Estil_arquitect%C3%B2nic&amp;action=edit&amp;redlink=1\">estil arquitect\u00f2nic<\/a>\u00a0i decoratiu que fou predominant a\u00a0<a title=\"Europa\" href=\"https:\/\/ca.wikipedia.org\/wiki\/Europa\">Europa<\/a>\u00a0entre mitjans del segle\u00a0<span title=\"Nombre\u00a0escrit en xifres romanes\">xii<\/span>\u00a0i inicis del segle\u00a0<span title=\"Nombre\u00a0escrit en xifres romanes\">xv<\/span>, amb la implantaci\u00f3 del nou per\u00edode anomenat\u00a0<a title=\"Renaixement\" href=\"https:\/\/ca.wikipedia.org\/wiki\/Renaixement\">Renaixement<\/a>. Es caracteritza pel fet que, si b\u00e9 sol ser molt ornamental i amb detalls molt treballats i realistes, no utilitza un esquema de representaci\u00f3 general.<sup id=\"cite_ref-art_1-0\" class=\"reference\"><\/sup><\/p>\n<p>El g\u00f2tic es va diferenciar de l&#8217;<a title=\"Art rom\u00e0nic\" href=\"https:\/\/ca.wikipedia.org\/wiki\/Art_rom%C3%A0nic\">art rom\u00e0nic<\/a>\u00a0pel fet que cercava crear les seves pr\u00f2pies obres, deixant de mirar a Roma. Les estructures arquitect\u00f2niques seguien sent com les rom\u00e0niques per\u00f2 el llenguatge visual volia transmetre confian\u00e7a i riquesa per mitj\u00e0 de l&#8217;eleg\u00e0ncia, el luxe i les l\u00ednies estilitzades. El terme \u00abg\u00f2tic\u00bb, referit a l&#8217;<a title=\"Art\" href=\"https:\/\/ca.wikipedia.org\/wiki\/Art\">art<\/a>, es va comen\u00e7ar a usar al segle\u00a0<span title=\"Nombre\u00a0escrit en xifres romanes\">xv<\/span>\u00a0per a descriure en un principi un estil arquitect\u00f2nic usat fins aleshores i considerat\u00a0<a title=\"B\u00e0rbar\" href=\"https:\/\/ca.wikipedia.org\/wiki\/B%C3%A0rbar\">b\u00e0rbar<\/a>, del\u00a0<a class=\"mw-redirect\" title=\"Poble got\" href=\"https:\/\/ca.wikipedia.org\/wiki\/Poble_got\">poble got<\/a>\u00a0que va destruir l&#8217;arquitectura i l&#8217;art de l&#8217;<a title=\"Imperi Rom\u00e0\" href=\"https:\/\/ca.wikipedia.org\/wiki\/Imperi_Rom%C3%A0\">Imperi Rom\u00e0<\/a>. En contraposici\u00f3, crearien el mot\u00a0<a title=\"Renaixement\" href=\"https:\/\/ca.wikipedia.org\/wiki\/Renaixement\">renaixement<\/a>\u00a0per a descriure el ressorgir de l&#8217;estil cl\u00e0ssic rom\u00e0.<sup id=\"cite_ref-art_1-1\" class=\"reference\"><\/sup><\/p>\n<p>A l&#8217;<a title=\"Illa de Fran\u00e7a\" href=\"https:\/\/ca.wikipedia.org\/wiki\/Illa_de_Fran%C3%A7a\">Illa de Fran\u00e7a<\/a>\u00a0es comencen a construir les primeres catedrals g\u00f2tiques i, al segle\u00a0<span title=\"Nombre\u00a0escrit en xifres romanes\">xiii<\/span>, el nou estil adopta un car\u00e0cter internacional que es difon pel\u00a0<a title=\"Sacre Imperi Romanogerm\u00e0nic\" href=\"https:\/\/ca.wikipedia.org\/wiki\/Sacre_Imperi_Romanogerm%C3%A0nic\">Sacre Imperi Romanogerm\u00e0nic<\/a>,\u00a0<a title=\"Anglaterra\" href=\"https:\/\/ca.wikipedia.org\/wiki\/Anglaterra\">Anglaterra<\/a>, els regnes de la\u00a0<a title=\"Pen\u00ednsula Ib\u00e8rica\" href=\"https:\/\/ca.wikipedia.org\/wiki\/Pen%C3%ADnsula_Ib%C3%A8rica\">pen\u00ednsula Ib\u00e8rica<\/a>\u00a0i de manera m\u00e9s aut\u00f2ctona als territoris que actualment conformen\u00a0<a title=\"It\u00e0lia\" href=\"https:\/\/ca.wikipedia.org\/wiki\/It%C3%A0lia\">It\u00e0lia<\/a>.<\/p>\n<p><strong>Mireu aquesta presentaci\u00f3 (teoria)<\/strong><\/p>\n<p><iframe loading=\"lazy\" src=\"\/\/www.slideshare.net\/slideshow\/embed_code\/key\/1aCSVZTbMkzjd0\" width=\"595\" height=\"485\" frameborder=\"0\"> <\/iframe><\/p>\n<div style=\"margin-bottom: 5px;\"><strong> <a title=\"Art g\u00f2tic\" href=\"\/\/www.slideshare.net\/mcarmearanda\/art-gtic-15402839\" target=\"_blank\" rel=\"noopener noreferrer\">Art g\u00f2tic<\/a> <\/strong> from <strong><a href=\"https:\/\/www.slideshare.net\/mcarmearanda\" target=\"_blank\" rel=\"noopener noreferrer\">Carme Aranda- M\u00f2nica Navarro<\/a><\/strong><\/div>\n<p><strong>\u00a0<\/strong><\/p>\n<p><strong>Visioneu aquest v\u00eddeo sobre l\u2019art g\u00f2tic<\/strong><\/p>\n<p><iframe loading=\"lazy\" src=\"https:\/\/www.youtube.com\/embed\/jHlxoSD6-rY\" width=\"560\" height=\"315\" frameborder=\"0\"><\/iframe><\/p>\n<p><strong>Feu les activitats del formulari de sota<\/strong><\/p>\n<p><iframe loading=\"lazy\" src=\"https:\/\/docs.google.com\/forms\/d\/e\/1FAIpQLSfF4vdMLQ3WF1jzCjJLCC_Txe1sa7W6O0xm17tC1LQwJVmdgg\/viewform?embedded=true\" width=\"640\" height=\"4781\" frameborder=\"0\">S&#8217;est\u00e0 carregant\u2026<\/iframe><\/p>\n","protected":false},"excerpt":{"rendered":"<p>L&#8217;art g\u00f2tic\u00a0\u00e9s un\u00a0<a class=\"new\" title=\"Estil arquitect\u00f2nic (encara no existeix)\" href=\"https:\/\/ca.wikipedia.org\/w\/index.php?title=Estil_arquitect%C3%B2nic&amp;action=edit&amp;redlink=1\">estil arquitect\u00f2nic<\/a>\u00a0i decoratiu que fou predominant a\u00a0<a title=\"Europa\" href=\"https:\/\/ca.wikipedia.org\/wiki\/Europa\">Europa<\/a>\u00a0entre mitjans del segle\u00a0xii\u00a0i inicis del segle\u00a0xv, amb la implantaci\u00f3 del nou per\u00edode anomenat\u00a0<a title=\"Renaixement\" href=\"https:\/\/ca.wikipedia.org\/wiki\/Renaixement\">Renaixement<\/a>. Es caracteritza pel fet que, si b\u00e9 sol ser molt ornamental i&hellip;  <a href=\"https:\/\/agora.xtec.cat\/cfacanovelles\/art-i-artistes\/art-gotic\/\" title=\"Read Art g\u00f2tic\">Llegeix m\u00e9s\u00bb<\/a><\/p>\n","protected":false},"author":4,"featured_media":0,"comment_status":"open","ping_status":"closed","sticky":false,"template":"","format":"standard","meta":{"_bbp_topic_count":0,"_bbp_reply_count":0,"_bbp_total_topic_count":0,"_bbp_total_reply_count":0,"_bbp_voice_count":0,"_bbp_anonymous_reply_count":0,"_bbp_topic_count_hidden":0,"_bbp_reply_count_hidden":0,"_bbp_forum_subforum_count":0,"footnotes":""},"categories":[102],"tags":[],"class_list":["post-3080","post","type-post","status-publish","format-standard","hentry","category-art-i-artistes"],"post_mailing_queue_ids":[],"_links":{"self":[{"href":"https:\/\/agora.xtec.cat\/cfacanovelles\/wp-json\/wp\/v2\/posts\/3080","targetHints":{"allow":["GET"]}}],"collection":[{"href":"https:\/\/agora.xtec.cat\/cfacanovelles\/wp-json\/wp\/v2\/posts"}],"about":[{"href":"https:\/\/agora.xtec.cat\/cfacanovelles\/wp-json\/wp\/v2\/types\/post"}],"author":[{"embeddable":true,"href":"https:\/\/agora.xtec.cat\/cfacanovelles\/wp-json\/wp\/v2\/users\/4"}],"replies":[{"embeddable":true,"href":"https:\/\/agora.xtec.cat\/cfacanovelles\/wp-json\/wp\/v2\/comments?post=3080"}],"version-history":[{"count":2,"href":"https:\/\/agora.xtec.cat\/cfacanovelles\/wp-json\/wp\/v2\/posts\/3080\/revisions"}],"predecessor-version":[{"id":3082,"href":"https:\/\/agora.xtec.cat\/cfacanovelles\/wp-json\/wp\/v2\/posts\/3080\/revisions\/3082"}],"wp:attachment":[{"href":"https:\/\/agora.xtec.cat\/cfacanovelles\/wp-json\/wp\/v2\/media?parent=3080"}],"wp:term":[{"taxonomy":"category","embeddable":true,"href":"https:\/\/agora.xtec.cat\/cfacanovelles\/wp-json\/wp\/v2\/categories?post=3080"},{"taxonomy":"post_tag","embeddable":true,"href":"https:\/\/agora.xtec.cat\/cfacanovelles\/wp-json\/wp\/v2\/tags?post=3080"}],"curies":[{"name":"wp","href":"https:\/\/api.w.org\/{rel}","templated":true}]}}