{"id":3070,"date":"2021-03-13T07:48:50","date_gmt":"2021-03-13T06:48:50","guid":{"rendered":"https:\/\/agora.xtec.cat\/cfacanovelles\/?p=3070"},"modified":"2026-04-07T08:42:26","modified_gmt":"2026-04-07T06:42:26","slug":"art-roma","status":"publish","type":"post","link":"https:\/\/agora.xtec.cat\/cfacanovelles\/art-i-artistes\/art-roma\/","title":{"rendered":"Art rom\u00e0"},"content":{"rendered":"<p>&nbsp;<\/p>\n<p><img loading=\"lazy\" decoding=\"async\" class=\"alignleft\" src=\"https:\/\/live.staticflickr.com\/3197\/2984423197_17ee6afaf2_b.jpg\" alt=\"Augustus of Prima Porta | The Prima Porta Augustus | Flickr\" width=\"227\" height=\"347\" \/>Per\u00a0<b>art rom\u00e0<\/b>\u00a0(sense adjectius ulteriors) s&#8217;ent\u00e9n l&#8217;art de l&#8217;<a title=\"Antiga Roma\" href=\"https:\/\/ca.wikipedia.org\/wiki\/Antiga_Roma\">antiga Roma<\/a>, des de la fundaci\u00f3 fins a la\u00a0<a title=\"Caiguda de l'Imperi Rom\u00e0 d'Occident\" href=\"https:\/\/ca.wikipedia.org\/wiki\/Caiguda_de_l%27Imperi_Rom%C3%A0_d%27Occident\">caiguda de l&#8217;Imperi Rom\u00e0 d&#8217;Occident<\/a>, sigui a la ciutat de Roma o en la resta d&#8217;It\u00e0lia i en les prov\u00edncies orientals i occidentals. L&#8217;art de la part oriental de l&#8217;Imperi, despr\u00e9s de la caiguda d&#8217;Occident, si b\u00e9 est\u00e0 en continu\u00eftat amb l&#8217;<a title=\"Imperi Rom\u00e0\" href=\"https:\/\/ca.wikipedia.org\/wiki\/Imperi_Rom%C3%A0\">Imperi Rom\u00e0<\/a>, s&#8217;anomena\u00a0<a title=\"Art rom\u00e0 d'Orient\" href=\"https:\/\/ca.wikipedia.org\/wiki\/Art_rom%C3%A0_d%27Orient\">art rom\u00e0 d&#8217;Orient<\/a>.<\/p>\n<p>Les formes art\u00edstiques aut\u00f2ctones en la fase de l&#8217;origen de Roma i de la Primera\u00a0<a title=\"Rep\u00fablica Romana\" href=\"https:\/\/ca.wikipedia.org\/wiki\/Rep%C3%BAblica_Romana\">Rep\u00fablica Romana<\/a>\u00a0eren for\u00e7a elementals i poc refinades. Amb el contacte que Roma tindr\u00e0 progressivament amb la civilitzaci\u00f3 grega anir\u00e0 apreciant-ne les formes, mentre menystindr\u00e0 socialment els artistes grecs, en contraposici\u00f3 als conqueridors romans. Amb el pas dels segles, l&#8217;art grec s&#8217;anir\u00e0 apreciant m\u00e9s, per\u00f2 no mancaran tend\u00e8ncies aut\u00f2ctones\u00a0<i>anticl\u00e0ssiques<\/i>\u00a0que seran un element de continu\u00eftat amb l&#8217;<a title=\"Art rom\u00e0nic\" href=\"https:\/\/ca.wikipedia.org\/wiki\/Art_rom%C3%A0nic\">art rom\u00e0nic<\/a>\u00a0posterior.<\/p>\n<p>Les primeres manifestacions de l&#8217;art rom\u00e0 varen n\u00e9ixer sota l&#8217;influx de l&#8217;<a title=\"Art etrusc\" href=\"https:\/\/ca.wikipedia.org\/wiki\/Art_etrusc\">art etrusc<\/a>, i de seguida es van contagiar de l&#8217;<a class=\"mw-redirect\" title=\"Art grec\" href=\"https:\/\/ca.wikipedia.org\/wiki\/Art_grec\">art grec<\/a>, amb el qual els romans varen entrar en contacte a les col\u00f2nies de la\u00a0<a title=\"Magna Gr\u00e8cia\" href=\"https:\/\/ca.wikipedia.org\/wiki\/Magna_Gr%C3%A8cia\">Magna Gr\u00e8cia<\/a>\u00a0del sud d&#8217;It\u00e0lia, que\u00a0<a title=\"Antiga Roma\" href=\"https:\/\/ca.wikipedia.org\/wiki\/Antiga_Roma\">Roma<\/a>\u00a0va conquerir en el proc\u00e9s d&#8217;unificaci\u00f3 territorial de la pen\u00ednsula, durant els segles IV i III aC. La influ\u00e8ncia grega va augmentar quan, al segle II aC,\u00a0<a title=\"Antiga Roma\" href=\"https:\/\/ca.wikipedia.org\/wiki\/Antiga_Roma\">Roma<\/a>\u00a0va ocupar\u00a0<a title=\"Maced\u00f2nia (regi\u00f3)\" href=\"https:\/\/ca.wikipedia.org\/wiki\/Maced%C3%B2nia_(regi%C3%B3)\">Maced\u00f2nia<\/a>\u00a0i\u00a0<a title=\"Gr\u00e8cia\" href=\"https:\/\/ca.wikipedia.org\/wiki\/Gr%C3%A8cia\">Gr\u00e8cia<\/a>.<\/p>\n<p>Fins a cert punt es pot pensar que l&#8217;art de Roma \u00e9s una imitaci\u00f3 i ampliaci\u00f3 de l&#8217;<a class=\"mw-redirect\" title=\"Art grec\" href=\"https:\/\/ca.wikipedia.org\/wiki\/Art_grec\">art grec<\/a>, i per descomptat de l&#8217;<a title=\"Art etrusc\" href=\"https:\/\/ca.wikipedia.org\/wiki\/Art_etrusc\">art etrusc<\/a>, per\u00f2 l&#8217;esperit que va animar els artistes romans \u00e9s totalment diferent d&#8217;aquells. La Roma conqueridora i urbanista va tractar d&#8217;unir al sentit est\u00e8tic grec, el car\u00e0cter utilitari i funcional que les seves obres requerien.<\/p>\n<p>&nbsp;<\/p>\n<p><iframe loading=\"lazy\" src=\"\/\/www.slideshare.net\/slideshow\/embed_code\/key\/21hEI32rsJ9Z4i\" width=\"595\" height=\"485\" frameborder=\"0\"> <\/iframe><\/p>\n<div style=\"margin-bottom: 5px;\"><strong> <a title=\"Art rom\u00e0. Caracter\u00edstiques\" href=\"\/\/www.slideshare.net\/mcarmearanda\/art-rom-caracterstiques\" target=\"_blank\" rel=\"noopener noreferrer\">Art rom\u00e0. Caracter\u00edstiques<\/a> <\/strong> de <strong><a href=\"https:\/\/www.slideshare.net\/mcarmearanda\" target=\"_blank\" rel=\"noopener noreferrer\">Carme Aranda- M\u00f2nica Navarro<\/a><\/strong><\/div>\n<p>&nbsp;<\/p>\n<p><strong>Visioneu el v\u00eddeo\u00a0 sobre art rom\u00e0 <\/strong><\/p>\n<p><iframe loading=\"lazy\" src=\"https:\/\/www.youtube.com\/embed\/mXZgsM2T6hE\" width=\"560\" height=\"315\" frameborder=\"0\"><\/iframe><\/p>\n<p><strong>Feu activitats 4a sessi\u00f3 d&#8217;art del formulari que apareix a sota.<\/strong><\/p>\n<p><iframe loading=\"lazy\" src=\"https:\/\/docs.google.com\/forms\/d\/e\/1FAIpQLScB5m9dqPm8BM7YppUiCas-ZmWVCcj6KI6hJ3wS5HYA-D04Ug\/viewform?embedded=true\" width=\"640\" height=\"4185\" frameborder=\"0\">S&#8217;est\u00e0 carregant\u2026<\/iframe><\/p>\n","protected":false},"excerpt":{"rendered":"<p>&nbsp;<br \/>\nPer\u00a0art rom\u00e0\u00a0(sense adjectius ulteriors) s&#8217;ent\u00e9n l&#8217;art de l&#8217;<a title=\"Antiga Roma\" href=\"https:\/\/ca.wikipedia.org\/wiki\/Antiga_Roma\">antiga Roma<\/a>, des de la fundaci\u00f3 fins a la\u00a0<a title=\"Caiguda de l'Imperi Rom\u00e0 d'Occident\" href=\"https:\/\/ca.wikipedia.org\/wiki\/Caiguda_de_l%27Imperi_Rom%C3%A0_d%27Occident\">caiguda de l&#8217;Imperi Rom\u00e0 d&#8217;Occident<\/a>, sigui a la ciutat de Roma o en la resta d&#8217;It\u00e0lia i en les prov\u00edncies orientals&hellip;  <a href=\"https:\/\/agora.xtec.cat\/cfacanovelles\/art-i-artistes\/art-roma\/\" title=\"Read Art rom\u00e0\">Llegeix m\u00e9s\u00bb<\/a><\/p>\n","protected":false},"author":4,"featured_media":0,"comment_status":"open","ping_status":"closed","sticky":false,"template":"","format":"standard","meta":{"_bbp_topic_count":0,"_bbp_reply_count":0,"_bbp_total_topic_count":0,"_bbp_total_reply_count":0,"_bbp_voice_count":0,"_bbp_anonymous_reply_count":0,"_bbp_topic_count_hidden":0,"_bbp_reply_count_hidden":0,"_bbp_forum_subforum_count":0,"footnotes":""},"categories":[102],"tags":[],"class_list":["post-3070","post","type-post","status-publish","format-standard","hentry","category-art-i-artistes"],"post_mailing_queue_ids":[],"_links":{"self":[{"href":"https:\/\/agora.xtec.cat\/cfacanovelles\/wp-json\/wp\/v2\/posts\/3070","targetHints":{"allow":["GET"]}}],"collection":[{"href":"https:\/\/agora.xtec.cat\/cfacanovelles\/wp-json\/wp\/v2\/posts"}],"about":[{"href":"https:\/\/agora.xtec.cat\/cfacanovelles\/wp-json\/wp\/v2\/types\/post"}],"author":[{"embeddable":true,"href":"https:\/\/agora.xtec.cat\/cfacanovelles\/wp-json\/wp\/v2\/users\/4"}],"replies":[{"embeddable":true,"href":"https:\/\/agora.xtec.cat\/cfacanovelles\/wp-json\/wp\/v2\/comments?post=3070"}],"version-history":[{"count":1,"href":"https:\/\/agora.xtec.cat\/cfacanovelles\/wp-json\/wp\/v2\/posts\/3070\/revisions"}],"predecessor-version":[{"id":3071,"href":"https:\/\/agora.xtec.cat\/cfacanovelles\/wp-json\/wp\/v2\/posts\/3070\/revisions\/3071"}],"wp:attachment":[{"href":"https:\/\/agora.xtec.cat\/cfacanovelles\/wp-json\/wp\/v2\/media?parent=3070"}],"wp:term":[{"taxonomy":"category","embeddable":true,"href":"https:\/\/agora.xtec.cat\/cfacanovelles\/wp-json\/wp\/v2\/categories?post=3070"},{"taxonomy":"post_tag","embeddable":true,"href":"https:\/\/agora.xtec.cat\/cfacanovelles\/wp-json\/wp\/v2\/tags?post=3070"}],"curies":[{"name":"wp","href":"https:\/\/api.w.org\/{rel}","templated":true}]}}