{"id":2964,"date":"2021-02-23T10:39:10","date_gmt":"2021-02-23T09:39:10","guid":{"rendered":"https:\/\/agora.xtec.cat\/cfacanovelles\/?p=2964"},"modified":"2026-02-18T14:47:16","modified_gmt":"2026-02-18T13:47:16","slug":"edat-moderna-la-monarquia-hispanica-i-el-seu-imperi","status":"publish","type":"post","link":"https:\/\/agora.xtec.cat\/cfacanovelles\/general\/edat-moderna-la-monarquia-hispanica-i-el-seu-imperi\/","title":{"rendered":"EDAT MODERNA: LA MONARQUIA HISP\u00c0NICA I EL SEU IMPERI"},"content":{"rendered":"<h3 id=\"firstHeading\" class=\"firstHeading\">Reis Cat\u00f2lics<\/h3>\n<p>Els\u00a0<b>Reis Cat\u00f2lics<\/b>\u00a0\u00e9s el nom que van rebre\u00a0<a class=\"mw-redirect\" title=\"Isabel de Castella\" href=\"https:\/\/ca.wikipedia.org\/wiki\/Isabel_de_Castella\">Isabel I de Castella<\/a>\u00a0i\u00a0<a title=\"Ferran el Cat\u00f2lic\" href=\"https:\/\/ca.wikipedia.org\/wiki\/Ferran_el_Cat%C3%B2lic\">Ferran II d&#8217;Arag\u00f3<\/a>, del\u00a0<a title=\"Papa\" href=\"https:\/\/ca.wikipedia.org\/wiki\/Papa\">Papa<\/a>\u00a0<a title=\"Alexandre VI\" href=\"https:\/\/ca.wikipedia.org\/wiki\/Alexandre_VI\">Alexandre VI<\/a>, com a compensaci\u00f3 perqu\u00e8 abans havia atorgat el t\u00edtol de Rei Cristian\u00edssim al Rei de\u00a0<a title=\"Fran\u00e7a\" href=\"https:\/\/ca.wikipedia.org\/wiki\/Fran%C3%A7a\">Fran\u00e7a<\/a>. De llavors en\u00e7\u00e0, el t\u00edtol de\u00a0<i>rei Cat\u00f2lic<\/i>\u00a0fou patrimonial i hereditari dels reis de Castella (com el de rei Cristian\u00edssim dels de Fran\u00e7a); tot i aix\u00ed, la historiografia espanyola insisteix a aplicar-lo en exclusiva a Ferran i a Isabel (quan de fet, el primer nom\u00e9s era rei consort de Castella i, doncs, no era pas\u00a0<i>rei Cat\u00f2lic<\/i>).<\/p>\n<p>En casar-se en secret en\u00a0<a title=\"1469\" href=\"https:\/\/ca.wikipedia.org\/wiki\/1469\">1469<\/a>, van donar origen a la uni\u00f3 de les corones de\u00a0<a title=\"Regne de Castella\" href=\"https:\/\/ca.wikipedia.org\/wiki\/Regne_de_Castella\">Castella<\/a>\u00a0i\u00a0<a title=\"Corona d'Arag\u00f3\" href=\"https:\/\/ca.wikipedia.org\/wiki\/Corona_d%27Arag%C3%B3\">Arag\u00f3<\/a>\u00a0en\u00a0<a title=\"1474\" href=\"https:\/\/ca.wikipedia.org\/wiki\/1474\">1474<\/a>. Aquest matrimoni va consumar la unitat din\u00e0stica entre Castella i Arag\u00f3, per\u00f2 totes dues corones van conservar els mateixos sistemes d&#8217;organitzaci\u00f3, independents i clars.<\/p>\n<p>Van comen\u00e7ar la colonitzaci\u00f3 de les illes\u00a0<a class=\"mw-redirect\" title=\"Can\u00e0ries\" href=\"https:\/\/ca.wikipedia.org\/wiki\/Can%C3%A0ries\">Can\u00e0ries<\/a>. Van mantenir assetjada la ciutat de\u00a0<a class=\"mw-redirect\" title=\"Granada (Andalusia)\" href=\"https:\/\/ca.wikipedia.org\/wiki\/Granada_(Andalusia)\">Granada<\/a>\u00a0des de\u00a0<a title=\"1491\" href=\"https:\/\/ca.wikipedia.org\/wiki\/1491\">1491<\/a>\u00a0fins a la seva capitulaci\u00f3 el\u00a0<a title=\"2 de gener\" href=\"https:\/\/ca.wikipedia.org\/wiki\/2_de_gener\">2 de gener<\/a>\u00a0de\u00a0<a title=\"1492\" href=\"https:\/\/ca.wikipedia.org\/wiki\/1492\">1492<\/a>. Com a campament van fundar prop la ciutat el de\u00a0<a title=\"Santa Fe (Granada)\" href=\"https:\/\/ca.wikipedia.org\/wiki\/Santa_Fe_(Granada)\">Santa Fe<\/a>.<\/p>\n<p>Durant el seu regnat va tenir lloc el viatge de\u00a0<a class=\"mw-redirect\" title=\"Crist\u00f2fol Colom\" href=\"https:\/\/ca.wikipedia.org\/wiki\/Crist%C3%B2fol_Colom\">Crist\u00f2for Colom<\/a>\u00a0cap a les \u00cdndies per una nova ruta cap a l&#8217;oest, que el portaria a\u00a0<a title=\"Descobriment d'Am\u00e8rica\" href=\"https:\/\/ca.wikipedia.org\/wiki\/Descobriment_d%27Am%C3%A8rica\">descobrir el continent americ\u00e0<\/a>\u00a0el\u00a0<a title=\"12 d'octubre\" href=\"https:\/\/ca.wikipedia.org\/wiki\/12_d%27octubre\">12 d&#8217;octubre<\/a>\u00a0de\u00a0<a title=\"1492\" href=\"https:\/\/ca.wikipedia.org\/wiki\/1492\">1492<\/a>.<\/p>\n<p><iframe loading=\"lazy\" src=\"https:\/\/www.youtube.com\/embed\/Z5xd9y8BdmQ\" width=\"560\" height=\"315\" frameborder=\"0\"><\/iframe><\/p>\n<p>&nbsp;<\/p>\n<h3 id=\"firstHeading\" class=\"firstHeading\">Casal d&#8217;\u00c0ustria<\/h3>\n<p>El<b>\u00a0Casal d&#8217;\u00c0ustria<\/b>\u00a0\u00e9s el nom amb qu\u00e8 es coneix la\u00a0<a title=\"Dinastia dels Habsburg\" href=\"https:\/\/ca.wikipedia.org\/wiki\/Dinastia_dels_Habsburg\">dinastia dels Habsburg<\/a>, regnant a la\u00a0<a class=\"mw-redirect\" title=\"Monarquia Hisp\u00e0nica\" href=\"https:\/\/ca.wikipedia.org\/wiki\/Monarquia_Hisp%C3%A0nica\">Monarquia Hisp\u00e0nica<\/a>\u00a0en els segles XVI i XVII; des de la\u00a0<a title=\"Conc\u00f2rdia de Villaf\u00e1fila\" href=\"https:\/\/ca.wikipedia.org\/wiki\/Conc%C3%B2rdia_de_Villaf%C3%A1fila\">Conc\u00f2rdia de Villaf\u00e1fila<\/a>\u00a0(27 de juny de 1506), en qu\u00e8\u00a0<a title=\"Felip I de Castella\" href=\"https:\/\/ca.wikipedia.org\/wiki\/Felip_I_de_Castella\">Felip el Bell<\/a>\u00a0\u00e9s reconegut com a rei consort de la\u00a0<a title=\"Corona de Castella\" href=\"https:\/\/ca.wikipedia.org\/wiki\/Corona_de_Castella\">Corona de Castella<\/a>, i queda per al seu sogre,\u00a0<a title=\"Ferran el Cat\u00f2lic\" href=\"https:\/\/ca.wikipedia.org\/wiki\/Ferran_el_Cat%C3%B2lic\">Ferran el Cat\u00f2lic<\/a>, la\u00a0<a title=\"Corona d'Arag\u00f3\" href=\"https:\/\/ca.wikipedia.org\/wiki\/Corona_d%27Arag%C3%B3\">Corona d&#8217;Arag\u00f3<\/a>; fins a la mort, sense hereus, de\u00a0<a title=\"Carles II de Castella\" href=\"https:\/\/ca.wikipedia.org\/wiki\/Carles_II_de_Castella\">Carles II l&#8217;Embruixat<\/a>\u00a0(1 de novembre de 1700), que va provocar la\u00a0<a title=\"Guerra de Successi\u00f3 Espanyola\" href=\"https:\/\/ca.wikipedia.org\/wiki\/Guerra_de_Successi%C3%B3_Espanyola\">Guerra de Successi\u00f3 Espanyola<\/a>.<\/p>\n<p>L&#8217;<a title=\"Carles V del Sacre Imperi Romanogerm\u00e0nic\" href=\"https:\/\/ca.wikipedia.org\/wiki\/Carles_V_del_Sacre_Imperi_Romanogerm%C3%A0nic\">Emperador Carles V<\/a>\u00a0(Carles I d&#8217;Espanya) va acumular un enorme imperi territorial i oce\u00e0nic sense parang\u00f3 en la hist\u00f2ria, que s&#8217;estenia des de\u00a0<a title=\"Filipines\" href=\"https:\/\/ca.wikipedia.org\/wiki\/Filipines\">Filipines<\/a>\u00a0fins a\u00a0<a title=\"M\u00e8xic\" href=\"https:\/\/ca.wikipedia.org\/wiki\/M%C3%A8xic\">M\u00e8xic<\/a>\u00a0a l&#8217;oest, i des dels\u00a0<a title=\"Pa\u00efsos Baixos\" href=\"https:\/\/ca.wikipedia.org\/wiki\/Pa%C3%AFsos_Baixos\">Pa\u00efsos Baixos<\/a>, al nord, fins a\u00a0<a title=\"Terra del Foc\" href=\"https:\/\/ca.wikipedia.org\/wiki\/Terra_del_Foc\">Terra del Foc<\/a>, al sud. A m\u00e9s de l&#8217;expansi\u00f3 ultramarina, i algunes conquestes (com\u00a0<a title=\"Mil\u00e0\" href=\"https:\/\/ca.wikipedia.org\/wiki\/Mil%C3%A0\">Mil\u00e0<\/a>), aquest domini va ser resultat de l&#8217;addici\u00f3 de quatre dinasties europees: el\u00a0<a title=\"Ducat de Borgonya\" href=\"https:\/\/ca.wikipedia.org\/wiki\/Ducat_de_Borgonya\">ducat de Borgonya<\/a>,\u00a0<a title=\"\u00c0ustria\" href=\"https:\/\/ca.wikipedia.org\/wiki\/%C3%80ustria\">\u00c0ustria<\/a>, la\u00a0<a title=\"Corona d'Arag\u00f3\" href=\"https:\/\/ca.wikipedia.org\/wiki\/Corona_d%27Arag%C3%B3\">Corona d&#8217;Arag\u00f3<\/a>\u00a0i la\u00a0<a title=\"Corona de Castella\" href=\"https:\/\/ca.wikipedia.org\/wiki\/Corona_de_Castella\">Corona de Castella<\/a>; i va conformar la base del que es va con\u00e8ixer com a\u00a0<a title=\"Imperi Espanyol\" href=\"https:\/\/ca.wikipedia.org\/wiki\/Imperi_Espanyol\">Imperi Espanyol<\/a>, sobretot a partir de la divisi\u00f3 de la seva her\u00e8ncia (1554 &#8211; 1556) entre el seu germ\u00e0,\u00a0<a class=\"mw-redirect\" title=\"Ferran I d'Habsburg\" href=\"https:\/\/ca.wikipedia.org\/wiki\/Ferran_I_d%27Habsburg\">Ferran I d&#8217;Habsburg<\/a>, i el seu fill,\u00a0<a title=\"Felip II de Castella\" href=\"https:\/\/ca.wikipedia.org\/wiki\/Felip_II_de_Castella\">Felip II de Castella<\/a>. Des de llavors, es pot parlar de dues branques del casal d&#8217;\u00c0ustria, els Habsburg de\u00a0<a title=\"Madrid\" href=\"https:\/\/ca.wikipedia.org\/wiki\/Madrid\">Madrid<\/a>\u00a0(dels quals tracta aquest article) i dels\u00a0<a title=\"Dinastia dels Habsburg\" href=\"https:\/\/ca.wikipedia.org\/wiki\/Dinastia_dels_Habsburg\">Habsburg<\/a>\u00a0de\u00a0<a title=\"Viena\" href=\"https:\/\/ca.wikipedia.org\/wiki\/Viena\">Viena<\/a>\u00a0(que van continuar regnant a \u00c0ustria fins al 1918).<\/p>\n<p>La\u00a0<a class=\"mw-redirect\" title=\"Monarquia Hisp\u00e0nica\" href=\"https:\/\/ca.wikipedia.org\/wiki\/Monarquia_Hisp%C3%A0nica\">Monarquia Hisp\u00e0nica<\/a>\u00a0(tamb\u00e9 coneguda com a\u00a0<a title=\"Monarquia Cat\u00f2lica\" href=\"https:\/\/ca.wikipedia.org\/wiki\/Monarquia_Cat%C3%B2lica\">Monarquia Cat\u00f2lica<\/a>) va ser, durant tota aquesta \u00e8poca, la pot\u00e8ncia m\u00e9s gran d&#8217;Europa. Durant els anomenats\u00a0<b>\u00c0ustries Majors<\/b>\u00a0(<a title=\"Carles V del Sacre Imperi Romanogerm\u00e0nic\" href=\"https:\/\/ca.wikipedia.org\/wiki\/Carles_V_del_Sacre_Imperi_Romanogerm%C3%A0nic\">Carles I<\/a>\u00a0i\u00a0<a class=\"mw-redirect\" title=\"Felip II\" href=\"https:\/\/ca.wikipedia.org\/wiki\/Felip_II\">Felip II<\/a>, tot i que tamb\u00e9\u00a0<a title=\"Carles II de Castella\" href=\"https:\/\/ca.wikipedia.org\/wiki\/Carles_II_de_Castella\">Carles II<\/a>) va arribar l&#8217;apogeu de la seva influ\u00e8ncia i poder, sobretot amb la incorporaci\u00f3 de\u00a0<a title=\"Regne de Portugal\" href=\"https:\/\/ca.wikipedia.org\/wiki\/Regne_de_Portugal\">Portugal<\/a>\u00a0i el seu<a class=\"mw-redirect\" title=\"Imperi portugu\u00e8s\" href=\"https:\/\/ca.wikipedia.org\/wiki\/Imperi_portugu%C3%A8s\">extens imperi<\/a>; mentre que els regnats dels anomenats\u00a0<b>\u00c0ustries Menors<\/b><a title=\"Felip III de Castella\" href=\"https:\/\/ca.wikipedia.org\/wiki\/Felip_III_de_Castella\">(Felip III<\/a>,\u00a0<a title=\"Felip IV de Castella\" href=\"https:\/\/ca.wikipedia.org\/wiki\/Felip_IV_de_Castella\">Felip IV<\/a>\u00a0i\u00a0<a title=\"Carles II de Castella\" href=\"https:\/\/ca.wikipedia.org\/wiki\/Carles_II_de_Castella\">Carles II<\/a>), coincidents amb el millor\u00a0<a class=\"mw-redirect\" title=\"Segle d'Or\" href=\"https:\/\/ca.wikipedia.org\/wiki\/Segle_d%27Or\">Segle d&#8217;Or<\/a>\u00a0de les arts i les lletres, van significar el que es coneix com a &#8220;decad\u00e8ncia espanyola&#8221;: la p\u00e8rdua de l&#8217;hegemonia europea i una profunda crisi econ\u00f2mica i social.<\/p>\n<p><iframe loading=\"lazy\" src=\"https:\/\/www.youtube.com\/embed\/rwgV4k6iZMU\" width=\"560\" height=\"315\" frameborder=\"0\"><\/iframe><\/p>\n<p>La supremacia mar\u00edtima espanyola al\u00a0<a title=\"Segle XVI\" href=\"https:\/\/ca.wikipedia.org\/wiki\/Segle_XVI\">segle\u00a0<span title=\"Nombre\u00a0escrit en xifres romanes\">xvi<\/span><\/a>\u00a0va ser demostrada amb la vict\u00f2ria contra els\u00a0<a class=\"mw-redirect\" title=\"Otomans\" href=\"https:\/\/ca.wikipedia.org\/wiki\/Otomans\">otomans<\/a>\u00a0a la\u00a0<a title=\"Batalla de Lepant (1571)\" href=\"https:\/\/ca.wikipedia.org\/wiki\/Batalla_de_Lepant_(1571)\">Batalla de Lepant (1571)<\/a>\u00a0i, despr\u00e9s del contratemps de la\u00a0<a class=\"mw-redirect\" title=\"Derrota de l'Armada Invencible\" href=\"https:\/\/ca.wikipedia.org\/wiki\/Derrota_de_l%27Armada_Invencible\">Derrota de l&#8217;Armada Invencible<\/a>\u00a0(1588) en una s\u00e8rie de vict\u00f2ries contra\u00a0<a title=\"Anglaterra\" href=\"https:\/\/ca.wikipedia.org\/wiki\/Anglaterra\">Anglaterra<\/a>\u00a0en la\u00a0<a title=\"Guerra angloespanyola (1585\u20131604)\" href=\"https:\/\/ca.wikipedia.org\/wiki\/Guerra_angloespanyola_(1585%E2%80%931604)\">Guerra angloespanyola (1585\u20131604)<\/a>. No obstant aix\u00f2, a mitjans del segle\u00a0<span title=\"Nombre\u00a0escrit en xifres romanes\">xvii<\/span>\u00a0el poder mar\u00edtim del Casal d&#8217;\u00c0ustria va patir un llarg declivi amb derrotes successives enfront de les\u00a0<a title=\"Prov\u00edncies Unides\" href=\"https:\/\/ca.wikipedia.org\/wiki\/Prov%C3%ADncies_Unides\">Prov\u00edncies Unides<\/a>\u00a0i despr\u00e9s davant\u00a0<a title=\"Anglaterra\" href=\"https:\/\/ca.wikipedia.org\/wiki\/Anglaterra\">d&#8217;Anglaterra<\/a>; durant l&#8217;any 1660, estava lluitant desesperadament per defensar les seves possessions exteriors dels\u00a0<a class=\"mw-redirect\" title=\"Pirateria\" href=\"https:\/\/ca.wikipedia.org\/wiki\/Pirateria\">pirates<\/a>\u00a0i\u00a0<a class=\"mw-redirect\" title=\"Corsaris\" href=\"https:\/\/ca.wikipedia.org\/wiki\/Corsaris\">corsaris<\/a>. Al continent europeu, els Habsburg de Madrid es van involucrar en la defensa dels seus parents de Viena en la vasta\u00a0<a title=\"Guerra dels Trenta Anys\" href=\"https:\/\/ca.wikipedia.org\/wiki\/Guerra_dels_Trenta_Anys\">Guerra dels Trenta Anys<\/a>\u00a0que, encara que va comen\u00e7ar amb bones perspectives per a l&#8217;armada espanyola, va acabar de manera catastr\u00f2fica despr\u00e9s de la\u00a0<a class=\"mw-redirect\" title=\"Crisi de 1640\" href=\"https:\/\/ca.wikipedia.org\/wiki\/Crisi_de_1640\">crisi de 1640<\/a>, amb la revolta simult\u00e0nia de\u00a0<a title=\"Regne de Portugal\" href=\"https:\/\/ca.wikipedia.org\/wiki\/Regne_de_Portugal\">Portugal<\/a>\u00a0(que es va separar definitivament),\u00a0<a title=\"Principat de Catalunya\" href=\"https:\/\/ca.wikipedia.org\/wiki\/Principat_de_Catalunya\">Catalunya<\/a>\u00a0i\u00a0<a title=\"Regne de N\u00e0pols\" href=\"https:\/\/ca.wikipedia.org\/wiki\/Regne_de_N%C3%A0pols\">N\u00e0pols<\/a>. A la segona meitat del segle\u00a0<span title=\"Nombre\u00a0escrit en xifres romanes\">xvii<\/span>, el Casal d&#8217;\u00c0ustria espanyol va ser substitu\u00eft en l&#8217;hegemonia europea per la\u00a0<a title=\"Regne de Fran\u00e7a\" href=\"https:\/\/ca.wikipedia.org\/wiki\/Regne_de_Fran%C3%A7a\">Fran\u00e7a<\/a>\u00a0de\u00a0<a class=\"mw-redirect\" title=\"Llu\u00eds XIV\" href=\"https:\/\/ca.wikipedia.org\/wiki\/Llu%C3%ADs_XIV\">Llu\u00eds XIV<\/a>.<\/p>\n<p><iframe loading=\"lazy\" src=\"https:\/\/www.youtube.com\/embed\/nT9ygJv8FoE\" width=\"560\" height=\"315\" frameborder=\"0\"><\/iframe><\/p>\n<p><iframe loading=\"lazy\" src=\"https:\/\/docs.google.com\/forms\/d\/e\/1FAIpQLSdS_n-1wnWKrlQwWE8Izfaz3Bx5KYpBmqsMnx8RPz-zS34gAQ\/viewform?embedded=true\" width=\"640\" height=\"3000\" frameborder=\"0\">S&#8217;est\u00e0 carregant\u2026<\/iframe><\/p>\n<p>&nbsp;<\/p>\n<p>&nbsp;<\/p>\n","protected":false},"excerpt":{"rendered":"<p>Reis Cat\u00f2lics<br \/>\nEls\u00a0Reis Cat\u00f2lics\u00a0\u00e9s el nom que van rebre\u00a0<a class=\"mw-redirect\" title=\"Isabel de Castella\" href=\"https:\/\/ca.wikipedia.org\/wiki\/Isabel_de_Castella\">Isabel I de Castella<\/a>\u00a0i\u00a0<a title=\"Ferran el Cat\u00f2lic\" href=\"https:\/\/ca.wikipedia.org\/wiki\/Ferran_el_Cat%C3%B2lic\">Ferran II d&#8217;Arag\u00f3<\/a>, del\u00a0<a title=\"Papa\" href=\"https:\/\/ca.wikipedia.org\/wiki\/Papa\">Papa<\/a>\u00a0<a title=\"Alexandre VI\" href=\"https:\/\/ca.wikipedia.org\/wiki\/Alexandre_VI\">Alexandre VI<\/a>, com a compensaci\u00f3 perqu\u00e8 abans havia atorgat el t\u00edtol de Rei Cristian\u00edssim al Rei de\u00a0<a title=\"Fran\u00e7a\"&hellip;  <a href=\"https:\/\/agora.xtec.cat\/cfacanovelles\/general\/edat-moderna-la-monarquia-hispanica-i-el-seu-imperi\/\" title=\"Read EDAT MODERNA: LA MONARQUIA HISP\u00c0NICA I EL SEU IMPERI\">Llegeix m\u00e9s\u00bb<\/a><\/p>\n","protected":false},"author":4,"featured_media":2965,"comment_status":"open","ping_status":"closed","sticky":false,"template":"","format":"standard","meta":{"_bbp_topic_count":0,"_bbp_reply_count":0,"_bbp_total_topic_count":0,"_bbp_total_reply_count":0,"_bbp_voice_count":0,"_bbp_anonymous_reply_count":0,"_bbp_topic_count_hidden":0,"_bbp_reply_count_hidden":0,"_bbp_forum_subforum_count":0,"footnotes":""},"categories":[1,108],"tags":[],"class_list":["post-2964","post","type-post","status-publish","format-standard","has-post-thumbnail","hentry","category-general","category-historia-i"],"post_mailing_queue_ids":[],"_links":{"self":[{"href":"https:\/\/agora.xtec.cat\/cfacanovelles\/wp-json\/wp\/v2\/posts\/2964","targetHints":{"allow":["GET"]}}],"collection":[{"href":"https:\/\/agora.xtec.cat\/cfacanovelles\/wp-json\/wp\/v2\/posts"}],"about":[{"href":"https:\/\/agora.xtec.cat\/cfacanovelles\/wp-json\/wp\/v2\/types\/post"}],"author":[{"embeddable":true,"href":"https:\/\/agora.xtec.cat\/cfacanovelles\/wp-json\/wp\/v2\/users\/4"}],"replies":[{"embeddable":true,"href":"https:\/\/agora.xtec.cat\/cfacanovelles\/wp-json\/wp\/v2\/comments?post=2964"}],"version-history":[{"count":1,"href":"https:\/\/agora.xtec.cat\/cfacanovelles\/wp-json\/wp\/v2\/posts\/2964\/revisions"}],"predecessor-version":[{"id":2966,"href":"https:\/\/agora.xtec.cat\/cfacanovelles\/wp-json\/wp\/v2\/posts\/2964\/revisions\/2966"}],"wp:featuredmedia":[{"embeddable":true,"href":"https:\/\/agora.xtec.cat\/cfacanovelles\/wp-json\/wp\/v2\/media\/2965"}],"wp:attachment":[{"href":"https:\/\/agora.xtec.cat\/cfacanovelles\/wp-json\/wp\/v2\/media?parent=2964"}],"wp:term":[{"taxonomy":"category","embeddable":true,"href":"https:\/\/agora.xtec.cat\/cfacanovelles\/wp-json\/wp\/v2\/categories?post=2964"},{"taxonomy":"post_tag","embeddable":true,"href":"https:\/\/agora.xtec.cat\/cfacanovelles\/wp-json\/wp\/v2\/tags?post=2964"}],"curies":[{"name":"wp","href":"https:\/\/api.w.org\/{rel}","templated":true}]}}