{"id":2890,"date":"2021-02-15T08:19:37","date_gmt":"2021-02-15T07:19:37","guid":{"rendered":"https:\/\/agora.xtec.cat\/cfacanovelles\/?p=2890"},"modified":"2026-02-09T16:23:15","modified_gmt":"2026-02-09T15:23:15","slug":"lhumanisme-i-la-reforma-religiosa","status":"publish","type":"post","link":"https:\/\/agora.xtec.cat\/cfacanovelles\/historia-i\/lhumanisme-i-la-reforma-religiosa\/","title":{"rendered":"EDAT MODERNA: L&#8217;Humanisme i la Reforma religiosa"},"content":{"rendered":"<h6>L\u2019<b>humanisme<\/b>\u00a0\u00e9s un moviment de renovaci\u00f3 cultural que va sorgir a\u00a0<a title=\"It\u00e0lia\" href=\"https:\/\/ca.wikipedia.org\/wiki\/It%C3%A0lia\">It\u00e0lia<\/a>, al segle\u00a0<span title=\"Nombre\u00a0escrit en xifres romanes\">xiv<\/span>, i que va ser expandit per Europa durant els segles XV i XVI.<sup id=\"cite_ref-1\" class=\"reference\"><a href=\"https:\/\/ca.wikipedia.org\/wiki\/Humanisme#cite_note-1\">[1]<\/a><\/sup><\/h6>\n<p>Una de les concrecions de l&#8217;humanisme va ser el moviment europeu de retorn a l&#8217;estudi i valoraci\u00f3 dels cl\u00e0ssics grecollatins, que es va desenvolupar a partir del segle\u00a0<span title=\"Nombre\u00a0escrit en xifres romanes\">xvi<\/span>, el vessant cultural del qual va ser el\u00a0<a title=\"Renaixement\" href=\"https:\/\/ca.wikipedia.org\/wiki\/Renaixement\">Renaixement<\/a>. L&#8217;<a title=\"Erasmisme\" href=\"https:\/\/ca.wikipedia.org\/wiki\/Erasmisme\">erasmisme<\/a>\u00a0n&#8217;\u00e9s un dels exponents m\u00e9s emblem\u00e0tics.<sup id=\"cite_ref-2\" class=\"reference\"><a href=\"https:\/\/ca.wikipedia.org\/wiki\/Humanisme#cite_note-2\">[2]<\/a><\/sup><\/p>\n<h4><span id=\"La_filosofia_de_l.27humanisme\"><\/span><span id=\"La_filosofia_de_l'humanisme\" class=\"mw-headline\">La filosofia de l&#8217;humanisme<\/span><\/h4>\n<ul>\n<li>El fil\u00f2sof grec\u00a0<a title=\"Prot\u00e0gores\" href=\"https:\/\/ca.wikipedia.org\/wiki\/Prot%C3%A0gores\">Prot\u00e0gores<\/a>\u00a0va mantenir una postura d&#8217;<a title=\"Agnosticisme\" href=\"https:\/\/ca.wikipedia.org\/wiki\/Agnosticisme\">agnosticisme<\/a>\u00a0(q\u00fcestionant la possibilitat de coneixement de d\u00e9u o no), que \u00e9s reivindicada habitualment per l&#8217;humanisme, tot i que altres branques d&#8217;aquest moviment es declaren formalment atees (com l&#8217;<a title=\"Existencialisme\" href=\"https:\/\/ca.wikipedia.org\/wiki\/Existencialisme\">existencialisme<\/a>) i, fins i tot, existeix l&#8217;anomenat\u00a0<i><a title=\"Humanisme cristi\u00e0\" href=\"https:\/\/ca.wikipedia.org\/wiki\/Humanisme_cristi%C3%A0\">humanisme cristi\u00e0<\/a><\/i>.<\/li>\n<li>Al corrent del\u00a0<a title=\"La\u00efcisme\" href=\"https:\/\/ca.wikipedia.org\/wiki\/La%C3%AFcisme\">la\u00efcisme<\/a>, en la seva defensa de la independ\u00e8ncia de l&#8217;\u00e9sser hum\u00e0 i la societat de tota influ\u00e8ncia religiosa, tamb\u00e9 hi ha participat l&#8217;humanisme.<\/li>\n<li><a title=\"S\u00f2crates\" href=\"https:\/\/ca.wikipedia.org\/wiki\/S%C3%B2crates\">S\u00f2crates<\/a>\u00a0va centrar en l&#8217;\u00e9sser hum\u00e0, especialment en l&#8217;aspecte \u00e8tic, la reflexi\u00f3 filos\u00f2fica, i la majoria dels altres fil\u00f2sofs se&#8217;n van ocupar.<\/li>\n<li>La filosofia de l&#8217;humanisme t\u00e9 com a objecte l&#8217;\u00e9sser hum\u00e0, no sols com a ens natural, sin\u00f3 tamb\u00e9 en el seu \u00e9sser essencial i, en conseq\u00fc\u00e8ncia, intenta fer de pont entre les ci\u00e8ncies positives i la\u00a0<a title=\"Metaf\u00edsica\" href=\"https:\/\/ca.wikipedia.org\/wiki\/Metaf%C3%ADsica\">metaf\u00edsica<\/a>.<\/li>\n<li><a class=\"mw-redirect\" title=\"Ludwig Feuerbach\" href=\"https:\/\/ca.wikipedia.org\/wiki\/Ludwig_Feuerbach\">Ludwig Feuerbach<\/a>\u00a0(<a title=\"1804\" href=\"https:\/\/ca.wikipedia.org\/wiki\/1804\">1804<\/a>&#8211;<a title=\"1872\" href=\"https:\/\/ca.wikipedia.org\/wiki\/1872\">1872<\/a>), amb la seva cr\u00edtica de la religi\u00f3 (que\u00a0<a title=\"Karl Marx\" href=\"https:\/\/ca.wikipedia.org\/wiki\/Karl_Marx\">Karl Marx<\/a>\u00a0considerava definitiva), reclamava que l&#8217;antropologia substitu\u00eds la teologia.<\/li>\n<li>L&#8217;\u00e9sser hum\u00e0, segons l&#8217;humanisme, t\u00e9 un lloc especial en el cosmos gr\u00e0cies a les caracter\u00edstiques humanes d&#8217;obertura al m\u00f3n, llibertat de comportament, poder de transcendir l&#8217;immediat i el seu car\u00e0cter d&#8217;esperit.<\/li>\n<li>L&#8217;aportaci\u00f3 de l&#8217;<a title=\"Estructuralisme\" href=\"https:\/\/ca.wikipedia.org\/wiki\/Estructuralisme\">estructuralisme<\/a>\u00a0replanteja les q\u00fcestions de llibertat, subjecte, hist\u00f2ria, cultura, societat, i les m\u00e9s recents sobre el sentit de l&#8217;\u00e9sser hum\u00e0.<\/li>\n<\/ul>\n<h4><span id=\"Expansi.C3.B3_de_l.27humanisme\"><\/span><span id=\"Expansi\u00f3_de_l'humanisme\" class=\"mw-headline\">Expansi\u00f3 de l&#8217;humanisme<\/span><\/h4>\n<p>La impremta hi va tenir un paper molt important; gr\u00e0cies a aquesta, l&#8217;humanisme es va poder expandir molt m\u00e9s r\u00e0pidament, a partir del 1450.<sup id=\"cite_ref-3\" class=\"reference\"><a href=\"https:\/\/ca.wikipedia.org\/wiki\/Humanisme#cite_note-3\">[3]<\/a><\/sup>\u00a0A m\u00e9s, les acad\u00e8mies i les universitats tamb\u00e9 van tenir un paper clau en la seva expansi\u00f3, i se centraren en la llengua, la filosofia i la literatura. Estaven formades per erudits que, sota la protecci\u00f3 econ\u00f2mica (mecenatge) d&#8217;un senyor, es dedicaven a la traducci\u00f3 de manuscrits antics i a l&#8217;intercanvi de coneixements i idees.<sup id=\"cite_ref-mann_4-0\" class=\"reference\"><a href=\"https:\/\/ca.wikipedia.org\/wiki\/Humanisme#cite_note-mann-4\">[4]<\/a><\/sup><\/p>\n<p><iframe loading=\"lazy\" title=\"YouTube video player\" src=\"https:\/\/www.youtube.com\/embed\/EmS0eeY8Osk?si=eW6h_hu7KIAV02Vp\" width=\"560\" height=\"315\" frameborder=\"0\" allowfullscreen=\"allowfullscreen\"><\/iframe><\/p>\n<h4><span id=\"La_Reforma_religiosa\" class=\"mw-headline\">La Reforma religiosa<\/span><\/h4>\n<p>Al final de l&#8217;edat mitjana, hi havia un cert malestar en \u00e0mplies capes de la societat pel rumb que havia pres l&#8217;Esgl\u00e9sia:<\/p>\n<ul>\n<li>Luxe exagerat amb qu\u00e8 s&#8217;envoltava l&#8217;alta jerarquia eclesi\u00e0stica.<\/li>\n<li>Escassa cultura i relaxament de costums del clergat.<\/li>\n<li>Compravenda de c\u00e0rrecs eclesi\u00e0stics per a benefici propi.<\/li>\n<li>Venda de butlles i indulg\u00e8ncies per a obtenir el perd\u00f3 de D\u00e9u.<\/li>\n<\/ul>\n<p>Alguns humanistes, com\u00a0<a title=\"Erasme de Rotterdam\" href=\"https:\/\/ca.wikipedia.org\/wiki\/Erasme_de_Rotterdam\">Erasme de Rotterdam<\/a>, van criticar-ho i van defensar una religiositat m\u00e9s \u00edntima basada en la lectura de la B\u00edblia. Aix\u00f2 va suposar la divisi\u00f3 de l&#8217;Esgl\u00e9sia el\u00a0<a title=\"1515\" href=\"https:\/\/ca.wikipedia.org\/wiki\/1515\">1515<\/a>.<\/p>\n<h4><span id=\"La_ruptura_de_Mart.C3.AD_Luter\"><\/span><span id=\"La_ruptura_de_Mart\u00ed_Luter\" class=\"mw-headline\">La ruptura de Mart\u00ed Luter<\/span><\/h4>\n<dl>\n<dd>\n<div class=\"noprint relarticle mainarticle\"><i>Articles principals:\u00a0<a class=\"mw-redirect\" title=\"Reforma protestant\" href=\"https:\/\/ca.wikipedia.org\/wiki\/Reforma_protestant\">Reforma protestant<\/a>,\u00a0<a title=\"Luteranisme\" href=\"https:\/\/ca.wikipedia.org\/wiki\/Luteranisme\">Luteranisme<\/a>, i\u00a0<a title=\"Protestantisme\" href=\"https:\/\/ca.wikipedia.org\/wiki\/Protestantisme\">Protestantisme<\/a><\/i><\/div>\n<\/dd>\n<\/dl>\n<p>Mart\u00ed Luter va ser un sacerdot alemany de l&#8217;orde dels agustins que, en un viatge que va fer a Roma l&#8217;any 1510, va poder observar la decad\u00e8ncia moral en qu\u00e8 vivia l&#8217;Esgl\u00e9sia i, per tant, va iniciar les seves cr\u00edtiques a l&#8217;Esgl\u00e9sia i la forma de vida de la jerarquia eclesi\u00e0stica. Va comen\u00e7ar amb la publicaci\u00f3 de les\u00a0<a class=\"mw-redirect\" title=\"Tesis de Wittenberg\" href=\"https:\/\/ca.wikipedia.org\/wiki\/Tesis_de_Wittenberg\">95 tesis<\/a>\u00a0contra la doctrina de l&#8217;Esgl\u00e9sia cat\u00f2lica i la jerarquia eclesi\u00e0stica. Luter va rebre el suport dels pr\u00ednceps i dels nobles alemanys, que volien fer seves les propietats de l&#8217;Esgl\u00e9sia i refor\u00e7ar la seva autoritat davant de l&#8217;emperador Carles V i davant del papa de Roma. La Reforma luterana fomenta:<\/p>\n<ul>\n<li>La salvaci\u00f3 per la fe<\/li>\n<li>El sacerdoci universal<\/li>\n<li>L&#8217;autoritat de la B\u00edblia<\/li>\n<\/ul>\n<p>La seva doctrina es va difondre r\u00e0pidament per Alemanya, Noruega, Su\u00e8cia, Su\u00efssa, Anglaterra, Dinamarca i els Pa\u00efsos Baixos. Juntament amb el luteranisme, van sorgir altres religions protestants.<\/p>\n<p><iframe loading=\"lazy\" src=\"https:\/\/www.youtube.com\/embed\/V1zdeV-q5u8\" width=\"560\" height=\"315\" frameborder=\"0\"><\/iframe><\/p>\n<h4><span id=\"Calvinisme\" class=\"mw-headline\">Calvinisme<\/span><\/h4>\n<dl>\n<dd>\n<div class=\"noprint relarticle mainarticle\"><i>Article principal:\u00a0<a title=\"Calvinisme\" href=\"https:\/\/ca.wikipedia.org\/wiki\/Calvinisme\">Calvinisme<\/a><\/i><\/div>\n<\/dd>\n<\/dl>\n<p>El va propagar per Su\u00efssa\u00a0<a class=\"mw-redirect\" title=\"Joan Calv\u00ed\" href=\"https:\/\/ca.wikipedia.org\/wiki\/Joan_Calv%C3%AD\">Joan Calv\u00ed<\/a>. \u00c9s encara m\u00e9s radical que el\u00a0<a title=\"Luteranisme\" href=\"https:\/\/ca.wikipedia.org\/wiki\/Luteranisme\">luteranisme<\/a>. La salvaci\u00f3 nom\u00e9s s&#8217;aconsegueix per mitj\u00e0 de la predestinaci\u00f3 (D\u00e9u destina a algunes persones a la salvaci\u00f3 i a altres a la condemnaci\u00f3, aquesta afirmaci\u00f3 negava la llibertat humana). Tenen 2 sagraments: el\u00a0<a title=\"Baptisme\" href=\"https:\/\/ca.wikipedia.org\/wiki\/Baptisme\">baptisme<\/a>\u00a0i la\u00a0<a title=\"Comuni\u00f3\" href=\"https:\/\/ca.wikipedia.org\/wiki\/Comuni%C3%B3\">comuni\u00f3<\/a>. No creuen ni en la Mare de D\u00e9u ni en els sants. La missa \u00e9s reempla\u00e7ada per la lectura de la B\u00edblia, els sermons i els cants. Les cerim\u00f2nies religioses s\u00f3n molt senzilles. Els fidels s\u00f3n guiats per un pastor, i aquest pot estar casat. No hi ha obedi\u00e8ncia al papa. No hi ha bisbes ni cardenals, negaven la jerarquia episcopal, el cap de l&#8217;Esgl\u00e9sia era el monarca, ja que no reconeixien l&#8217;autoritat del papa.<\/p>\n<h4><span id=\"Anglicanisme\" class=\"mw-headline\">Anglicanisme<\/span><\/h4>\n<dl>\n<dd>\n<div class=\"noprint relarticle mainarticle\"><i>Article principal:\u00a0<a title=\"Anglicanisme\" href=\"https:\/\/ca.wikipedia.org\/wiki\/Anglicanisme\">Anglicanisme<\/a><\/i><\/div>\n<\/dd>\n<\/dl>\n<p>Creat per\u00a0<a title=\"Enric VIII d'Anglaterra\" href=\"https:\/\/ca.wikipedia.org\/wiki\/Enric_VIII_d%27Anglaterra\">Enric VIII<\/a>\u00a0quan el papa\u00a0<a title=\"Climent VII\" href=\"https:\/\/ca.wikipedia.org\/wiki\/Climent_VII\">Climent VII<\/a>\u00a0es va negar a concedir-li l&#8217;anul\u00b7laci\u00f3 del matrimoni amb\u00a0<a title=\"Caterina d'Arag\u00f3\" href=\"https:\/\/ca.wikipedia.org\/wiki\/Caterina_d%27Arag%C3%B3\">Caterina d&#8217;Arag\u00f3<\/a>. Per mitj\u00e0 de l&#8217;Acta de supremacia, es va autoproclamar cap suprem de l&#8217;Esgl\u00e9sia anglicana. La salvaci\u00f3 s&#8217;obt\u00e9 per mitj\u00e0 de la fe. Hi ha dos sagraments: baptisme i comuni\u00f3. No es creu en la Mare de D\u00e9u ni els sants. La\u00a0<a title=\"Missa\" href=\"https:\/\/ca.wikipedia.org\/wiki\/Missa\">missa<\/a>\u00a0\u00e9s reempla\u00e7ada per la lectura de la B\u00edblia, els sermons i els cants. Mantenen la fastuositat en les celebracions. Els temples no tenen ni altar ni imatges. Els fidels s\u00f3n guiats per un pastor, que pot ser casat. El rei\/reina \u00e9s la m\u00e0xima autoritat religiosa. Es mantenen els bisbes.<\/p>\n<h4 id=\"firstHeading\" class=\"firstHeading\">Contrareforma<\/h4>\n<div id=\"bodyContent\" class=\"mw-body-content\">\n<div id=\"mw-content-text\" class=\"mw-content-ltr\" dir=\"ltr\" lang=\"ca\">\n<div class=\"mw-parser-output\">\n<p>La\u00a0<b>Contrareforma<\/b>\u00a0(tamb\u00e9 anomenada la &#8220;Revifada cat\u00f2lica&#8221;<sup id=\"cite_ref-1\" class=\"reference\"><a href=\"https:\/\/ca.wikipedia.org\/wiki\/Contrareforma#cite_note-1\">[1]<\/a><\/sup>\u00a0o la &#8220;Reforma cat\u00f2lica&#8221;) va ser el per\u00edode de ressorgiment\u00a0<a title=\"Hist\u00f2ria de l'Esgl\u00e9sia Cat\u00f2lica\" href=\"https:\/\/ca.wikipedia.org\/wiki\/Hist%C3%B2ria_de_l%27Esgl%C3%A9sia_Cat%C3%B2lica\">cat\u00f2lic<\/a>\u00a0que comen\u00e7\u00e0 amb el\u00a0<a title=\"Concili de Trento\" href=\"https:\/\/ca.wikipedia.org\/wiki\/Concili_de_Trento\">Concili de Trento<\/a>\u00a0(1545-1563) i acab\u00e0 amb el final de la\u00a0<a title=\"Guerra dels Trenta Anys\" href=\"https:\/\/ca.wikipedia.org\/wiki\/Guerra_dels_Trenta_Anys\">Guerra dels Trenta Anys<\/a>\u00a0(1648), i va ser iniciat en resposta al cisma provocat per\u00a0<a title=\"Mart\u00ed Luter\" href=\"https:\/\/ca.wikipedia.org\/wiki\/Mart%C3%AD_Luter\">Mart\u00ed Luter<\/a>\u00a0i les diferents\u00a0<a class=\"mw-redirect\" title=\"Reforma protestant\" href=\"https:\/\/ca.wikipedia.org\/wiki\/Reforma_protestant\">esgl\u00e9sies protestants<\/a>. Consist\u00ed en una s\u00e8rie de canvis a l&#8217;Esgl\u00e9sia Cat\u00f2lica per fer front a les cr\u00edtiques de l&#8217;\u00e8poca i enfortir-se davant les altres confessions.<\/p>\n<p>La contrareforma va ser un esfor\u00e7 integral compost per quatre elements principals:<\/p>\n<ol>\n<li>reconfiguraci\u00f3 eclesi\u00e0stica o estructural<\/li>\n<li>ordes religiosos<\/li>\n<li>moviments espirituals<\/li>\n<li>dimensions pol\u00edtiques<\/li>\n<\/ol>\n<p>Aquestes reformes inclo\u00efen la fundaci\u00f3 de\u00a0<a title=\"Seminari\" href=\"https:\/\/ca.wikipedia.org\/wiki\/Seminari\">seminaris<\/a>\u00a0per a la preparaci\u00f3 adequada dels\u00a0<a class=\"mw-redirect\" title=\"Prevere (catolicisme)\" href=\"https:\/\/ca.wikipedia.org\/wiki\/Prevere_(catolicisme)\">preveres<\/a>\u00a0en la vida espiritual i les tradicions teol\u00f2giques de l&#8217;Esgl\u00e9sia, la reforma de la vida religiosa fent tornar els ordes als seus or\u00edgens espirituals, i l&#8217;aparici\u00f3 de nous moviments espirituals enfocats a la vida devocional, basats en l&#8217;ascetisme, en la predicaci\u00f3 propera i en la ren\u00fancia al luxe i a una relaci\u00f3 personal amb\u00a0<a title=\"Crist\" href=\"https:\/\/ca.wikipedia.org\/wiki\/Crist\">Crist<\/a>, amb un paper central de la\u00a0<a title=\"Preg\u00e0ria\" href=\"https:\/\/ca.wikipedia.org\/wiki\/Preg%C3%A0ria\">preg\u00e0ria<\/a>, que inclo\u00efa els\u00a0<a title=\"M\u00edstics espanyols\" href=\"https:\/\/ca.wikipedia.org\/wiki\/M%C3%ADstics_espanyols\">m\u00edstics espanyols<\/a>\u00a0i l&#8217;<a title=\"Escola francesa d'espiritualitat\" href=\"https:\/\/ca.wikipedia.org\/wiki\/Escola_francesa_d%27espiritualitat\">escola francesa d&#8217;espiritualitat<\/a>. Es va refor\u00e7ar tamb\u00e9 el lideratge del\u00a0<a title=\"Papa\" href=\"https:\/\/ca.wikipedia.org\/wiki\/Papa\">Papa<\/a>\u00a0com a cap de l&#8217;Esgl\u00e9sia. Tamb\u00e9 van haver activitats pol\u00edtiques que inclogueren la\u00a0<a class=\"mw-redirect\" title=\"Inquisi\u00f3 romana\" href=\"https:\/\/ca.wikipedia.org\/wiki\/Inquisi%C3%B3_romana\">Inquisi\u00f3 romana<\/a>. Un \u00e8mfasi primari de la Contrareforma va ser una missi\u00f3 per arribar a aquelles parts del m\u00f3n que estaven sent colonitzades principalment pels cat\u00f2lic, aix\u00ed com intentar reconvertir aquelles regions com Su\u00e8cia o Anglaterra que havien abandonat el catolicisme.<sup id=\"cite_ref-britannica.com.ezproxy.liberty.edu_2-0\" class=\"reference\"><a href=\"https:\/\/ca.wikipedia.org\/wiki\/Contrareforma#cite_note-britannica.com.ezproxy.liberty.edu-2\">[2]<\/a><\/sup><\/p>\n<\/div>\n<p><iframe loading=\"lazy\" src=\"https:\/\/docs.google.com\/forms\/d\/e\/1FAIpQLSf-81jq9sGtP3sMV267ZJPpHtL9a2iu7C5TsdKPQ0R9S2OnQQ\/viewform?embedded=true\" width=\"640\" height=\"12801\" frameborder=\"0\">S&#8217;est\u00e0 carregant\u2026<\/iframe><\/p>\n<\/div>\n<\/div>\n","protected":false},"excerpt":{"rendered":"<p>L\u2019humanisme\u00a0\u00e9s un moviment de renovaci\u00f3 cultural que va sorgir a\u00a0<a title=\"It\u00e0lia\" href=\"https:\/\/ca.wikipedia.org\/wiki\/It%C3%A0lia\">It\u00e0lia<\/a>, al segle\u00a0xiv, i que va ser expandit per Europa durant els segles XV i XVI.<a href=\"https:\/\/ca.wikipedia.org\/wiki\/Humanisme#cite_note-1\">[1]<\/a><br \/>\nUna de les concrecions de l&#8217;humanisme va ser el moviment europeu de retorn a l&#8217;estudi i valoraci\u00f3 dels&hellip;  <a href=\"https:\/\/agora.xtec.cat\/cfacanovelles\/historia-i\/lhumanisme-i-la-reforma-religiosa\/\" title=\"Read EDAT MODERNA: L&#8217;Humanisme i la Reforma religiosa\">Llegeix m\u00e9s\u00bb<\/a><\/p>\n","protected":false},"author":4,"featured_media":0,"comment_status":"open","ping_status":"closed","sticky":false,"template":"","format":"standard","meta":{"_bbp_topic_count":0,"_bbp_reply_count":0,"_bbp_total_topic_count":0,"_bbp_total_reply_count":0,"_bbp_voice_count":0,"_bbp_anonymous_reply_count":0,"_bbp_topic_count_hidden":0,"_bbp_reply_count_hidden":0,"_bbp_forum_subforum_count":0,"footnotes":""},"categories":[108],"tags":[],"class_list":["post-2890","post","type-post","status-publish","format-standard","hentry","category-historia-i"],"post_mailing_queue_ids":[],"_links":{"self":[{"href":"https:\/\/agora.xtec.cat\/cfacanovelles\/wp-json\/wp\/v2\/posts\/2890","targetHints":{"allow":["GET"]}}],"collection":[{"href":"https:\/\/agora.xtec.cat\/cfacanovelles\/wp-json\/wp\/v2\/posts"}],"about":[{"href":"https:\/\/agora.xtec.cat\/cfacanovelles\/wp-json\/wp\/v2\/types\/post"}],"author":[{"embeddable":true,"href":"https:\/\/agora.xtec.cat\/cfacanovelles\/wp-json\/wp\/v2\/users\/4"}],"replies":[{"embeddable":true,"href":"https:\/\/agora.xtec.cat\/cfacanovelles\/wp-json\/wp\/v2\/comments?post=2890"}],"version-history":[{"count":5,"href":"https:\/\/agora.xtec.cat\/cfacanovelles\/wp-json\/wp\/v2\/posts\/2890\/revisions"}],"predecessor-version":[{"id":6593,"href":"https:\/\/agora.xtec.cat\/cfacanovelles\/wp-json\/wp\/v2\/posts\/2890\/revisions\/6593"}],"wp:attachment":[{"href":"https:\/\/agora.xtec.cat\/cfacanovelles\/wp-json\/wp\/v2\/media?parent=2890"}],"wp:term":[{"taxonomy":"category","embeddable":true,"href":"https:\/\/agora.xtec.cat\/cfacanovelles\/wp-json\/wp\/v2\/categories?post=2890"},{"taxonomy":"post_tag","embeddable":true,"href":"https:\/\/agora.xtec.cat\/cfacanovelles\/wp-json\/wp\/v2\/tags?post=2890"}],"curies":[{"name":"wp","href":"https:\/\/api.w.org\/{rel}","templated":true}]}}