{"id":2705,"date":"2021-01-31T15:39:22","date_gmt":"2021-01-31T14:39:22","guid":{"rendered":"https:\/\/agora.xtec.cat\/cfacanovelles\/?p=2705"},"modified":"2021-01-31T15:39:22","modified_gmt":"2021-01-31T14:39:22","slug":"com-llegim-les-fraccions","status":"publish","type":"post","link":"https:\/\/agora.xtec.cat\/cfacanovelles\/matematiques-i\/com-llegim-les-fraccions\/","title":{"rendered":"Com llegim les fraccions?"},"content":{"rendered":"<p>A continuaci\u00f3 trobareu una taula que ens explica com llegim les fraccions en catal\u00e0 segons quin \u00e9s el seu denominador.<\/p>\n<p><a href=\"https:\/\/agora.xtec.cat\/cfacanovelles\/wp-content\/uploads\/usu1982\/2021\/01\/fraccions.jpg\"><img loading=\"lazy\" decoding=\"async\" class=\" wp-image-2707 aligncenter\" src=\"https:\/\/agora.xtec.cat\/cfacanovelles\/wp-content\/uploads\/usu1982\/2021\/01\/fraccions.jpg\" alt=\"\" width=\"334\" height=\"95\" srcset=\"https:\/\/agora.xtec.cat\/cfacanovelles\/wp-content\/uploads\/usu1982\/2021\/01\/fraccions.jpg 397w, https:\/\/agora.xtec.cat\/cfacanovelles\/wp-content\/uploads\/usu1982\/2021\/01\/fraccions-300x85.jpg 300w\" sizes=\"auto, (max-width: 334px) 100vw, 334px\" \/><\/a><\/p>\n<p>Recordem tamb\u00e9 que sempre podrem utilitzar l&#8217;expressi\u00f3:<\/p>\n<p style=\"text-align: center;\"><strong>&#8220;numerador&#8221; &#8211; PARTIT &#8211; &#8220;denominador&#8221;:<\/strong><\/p>\n<p><a href=\"https:\/\/agora.xtec.cat\/cfacanovelles\/wp-content\/uploads\/usu1982\/2021\/01\/lectura-de-fraccions.jpg\"><img loading=\"lazy\" decoding=\"async\" class=\"alignnone size-full wp-image-2706\" src=\"https:\/\/agora.xtec.cat\/cfacanovelles\/wp-content\/uploads\/usu1982\/2021\/01\/lectura-de-fraccions.jpg\" alt=\"\" width=\"706\" height=\"596\" srcset=\"https:\/\/agora.xtec.cat\/cfacanovelles\/wp-content\/uploads\/usu1982\/2021\/01\/lectura-de-fraccions.jpg 706w, https:\/\/agora.xtec.cat\/cfacanovelles\/wp-content\/uploads\/usu1982\/2021\/01\/lectura-de-fraccions-300x253.jpg 300w\" sizes=\"auto, (max-width: 706px) 100vw, 706px\" \/><\/a><\/p>\n<p>1. En la taula, totes les fraccions estan en mascul\u00ed i en singular per\u00f2, tamb\u00e9 poden llegir-se en femen\u00ed i en plural. Utilitzarem les terminacions <strong>\u2013ena, \u2013ens i \u2013enes<\/strong>.<br \/>\n<em>Exemples<\/em>: onzena , novens, dinovenes. <em>Excepcions<\/em>: mitjos, ter\u00e7os, quarts, mitja, quartes&#8230;<br \/>\n2. A partir de 100, s\u2019afegeix la terminaci\u00f3 <strong>\u2013cent\u00e8<\/strong>.<br \/>\n3. A partir de 1000 s\u2019afegeix la terminaci\u00f3 <strong>\u2013\u00e8sim<\/strong>.<\/p>\n<p>&nbsp;<\/p>\n<p>A continuaci\u00f3 trobareu 2 exercicis per dur a terme identificant-vos primer al entrar:<\/p>\n<ul>\n<li><a href=\"https:\/\/www.thatquiz.org\/es\/classtest?2GI8BOHQ\">Lectura de fraccions I<\/a><\/li>\n<li><a href=\"https:\/\/www.thatquiz.org\/es\/classtest?VC1JCUM5\">Lectura de fraccions II<\/a><\/li>\n<\/ul>\n","protected":false},"excerpt":{"rendered":"<p>A continuaci\u00f3 trobareu una taula que ens explica com llegim les fraccions en catal\u00e0 segons quin \u00e9s el seu denominador.<br \/>\n<a href=\"https:\/\/agora.xtec.cat\/cfacanovelles\/wp-content\/uploads\/usu1982\/2021\/01\/fraccions.jpg\"><\/a><br \/>\nRecordem tamb\u00e9 que sempre podrem utilitzar l&#8217;expressi\u00f3:<br \/>\n&#8220;numerador&#8221; &#8211; PARTIT &#8211; &#8220;denominador&#8221;:<br \/>\n<a href=\"https:\/\/agora.xtec.cat\/cfacanovelles\/wp-content\/uploads\/usu1982\/2021\/01\/lectura-de-fraccions.jpg\"><\/a><br \/>\n1. En la taula, totes les fraccions estan en mascul\u00ed i en singular per\u00f2,&hellip;  <a href=\"https:\/\/agora.xtec.cat\/cfacanovelles\/matematiques-i\/com-llegim-les-fraccions\/\" title=\"Read Com llegim les fraccions?\">Llegeix m\u00e9s\u00bb<\/a><\/p>\n","protected":false},"author":4,"featured_media":2707,"comment_status":"open","ping_status":"closed","sticky":false,"template":"","format":"standard","meta":{"_bbp_topic_count":0,"_bbp_reply_count":0,"_bbp_total_topic_count":0,"_bbp_total_reply_count":0,"_bbp_voice_count":0,"_bbp_anonymous_reply_count":0,"_bbp_topic_count_hidden":0,"_bbp_reply_count_hidden":0,"_bbp_forum_subforum_count":0,"footnotes":""},"categories":[114],"tags":[],"class_list":["post-2705","post","type-post","status-publish","format-standard","has-post-thumbnail","hentry","category-matematiques-i"],"post_mailing_queue_ids":[],"_links":{"self":[{"href":"https:\/\/agora.xtec.cat\/cfacanovelles\/wp-json\/wp\/v2\/posts\/2705","targetHints":{"allow":["GET"]}}],"collection":[{"href":"https:\/\/agora.xtec.cat\/cfacanovelles\/wp-json\/wp\/v2\/posts"}],"about":[{"href":"https:\/\/agora.xtec.cat\/cfacanovelles\/wp-json\/wp\/v2\/types\/post"}],"author":[{"embeddable":true,"href":"https:\/\/agora.xtec.cat\/cfacanovelles\/wp-json\/wp\/v2\/users\/4"}],"replies":[{"embeddable":true,"href":"https:\/\/agora.xtec.cat\/cfacanovelles\/wp-json\/wp\/v2\/comments?post=2705"}],"version-history":[{"count":1,"href":"https:\/\/agora.xtec.cat\/cfacanovelles\/wp-json\/wp\/v2\/posts\/2705\/revisions"}],"predecessor-version":[{"id":2708,"href":"https:\/\/agora.xtec.cat\/cfacanovelles\/wp-json\/wp\/v2\/posts\/2705\/revisions\/2708"}],"wp:featuredmedia":[{"embeddable":true,"href":"https:\/\/agora.xtec.cat\/cfacanovelles\/wp-json\/wp\/v2\/media\/2707"}],"wp:attachment":[{"href":"https:\/\/agora.xtec.cat\/cfacanovelles\/wp-json\/wp\/v2\/media?parent=2705"}],"wp:term":[{"taxonomy":"category","embeddable":true,"href":"https:\/\/agora.xtec.cat\/cfacanovelles\/wp-json\/wp\/v2\/categories?post=2705"},{"taxonomy":"post_tag","embeddable":true,"href":"https:\/\/agora.xtec.cat\/cfacanovelles\/wp-json\/wp\/v2\/tags?post=2705"}],"curies":[{"name":"wp","href":"https:\/\/api.w.org\/{rel}","templated":true}]}}