{"id":2644,"date":"2021-01-25T09:16:45","date_gmt":"2021-01-25T08:16:45","guid":{"rendered":"https:\/\/agora.xtec.cat\/cfacanovelles\/?p=2644"},"modified":"2026-04-07T08:47:13","modified_gmt":"2026-04-07T06:47:13","slug":"la-ii-repulica","status":"publish","type":"post","link":"https:\/\/agora.xtec.cat\/cfacanovelles\/catalunya-dins-espanya-segle-xx\/la-ii-repulica\/","title":{"rendered":"la II Rep\u00falica"},"content":{"rendered":"<p>La\u00a0<b>Segona Rep\u00fablica Espanyola<\/b>\u00a0fou el r\u00e8gim pol\u00edtic democr\u00e0tic que va existir a\u00a0<a title=\"Espanya\" href=\"https:\/\/ca.wikipedia.org\/wiki\/Espanya\">Espanya<\/a>\u00a0entre el\u00a0<a title=\"Proclamaci\u00f3 de la Segona Rep\u00fablica Espanyola\" href=\"https:\/\/ca.wikipedia.org\/wiki\/Proclamaci%C3%B3_de_la_Segona_Rep%C3%BAblica_Espanyola\">14 d&#8217;abril de 1931<\/a>\u00a0(data de la proclamaci\u00f3 de la Rep\u00fablica, en substituci\u00f3 de la monarquia d&#8217;<a class=\"mw-redirect\" title=\"Alfons XIII\" href=\"https:\/\/ca.wikipedia.org\/wiki\/Alfons_XIII\">Alfons XIII<\/a>\u00a0i el sistema de la\u00a0<a title=\"Restauraci\u00f3 borb\u00f2nica\" href=\"https:\/\/ca.wikipedia.org\/wiki\/Restauraci%C3%B3_borb%C3%B2nica\">Restauraci\u00f3<\/a>) i l&#8217;1 d&#8217;abril de 1939 (final de la\u00a0<a title=\"Guerra Civil espanyola\" href=\"https:\/\/ca.wikipedia.org\/wiki\/Guerra_Civil_espanyola\">Guerra Civil espanyola<\/a>\u00a0i que va donar pas a la\u00a0<a title=\"Dictadura\" href=\"https:\/\/ca.wikipedia.org\/wiki\/Dictadura\">dictadura<\/a>\u00a0colpista del\u00a0<a title=\"Francisco Franco Bahamonde\" href=\"https:\/\/ca.wikipedia.org\/wiki\/Francisco_Franco_Bahamonde\">general Franco<\/a>). El numeral \u201csegona\u201d s&#8217;utilitza per a diferenciar-la del per\u00edode republic\u00e0 que hi va haver entre\u00a0<a title=\"1873\" href=\"https:\/\/ca.wikipedia.org\/wiki\/1873\">1873<\/a>\u00a0i\u00a0<a title=\"1874\" href=\"https:\/\/ca.wikipedia.org\/wiki\/1874\">1874<\/a>, conegut com la\u00a0<i><a title=\"Primera Rep\u00fablica Espanyola\" href=\"https:\/\/ca.wikipedia.org\/wiki\/Primera_Rep%C3%BAblica_Espanyola\">Primera Rep\u00fablica Espanyola<\/a><\/i>.<\/p>\n<p><img loading=\"lazy\" decoding=\"async\" class=\"size-large aligncenter\" src=\"https:\/\/historiaespana.es\/wp-content\/uploads\/segunda-republica-alegoria.jpg\" width=\"300\" height=\"412\" \/><\/p>\n<p>L&#8217;evoluci\u00f3 pol\u00edtica de la Segona Rep\u00fablica consta de quatre etapes en la fase de pau:\u00a0<b>el govern provisional\u00a0<\/b>(de l&#8217;abril al desembre de\u00a0<a title=\"1931\" href=\"https:\/\/ca.wikipedia.org\/wiki\/1931\">1931<\/a>), que va convocar unes\u00a0<a title=\"Eleccions generals espanyoles de 1931\" href=\"https:\/\/ca.wikipedia.org\/wiki\/Eleccions_generals_espanyoles_de_1931\">eleccions generals<\/a>\u00a0i la conseg\u00fcent aprovaci\u00f3 de la\u00a0<a class=\"mw-redirect\" title=\"Constituci\u00f3 Espanyola de 1931\" href=\"https:\/\/ca.wikipedia.org\/wiki\/Constituci%C3%B3_Espanyola_de_1931\">Constituci\u00f3 espanyola de 1931<\/a>. En segon lloc, i ja plenament de manera democr\u00e0tica apareix l&#8217;anomenat\u00a0<b><i>bienni reformista<\/i>\u00a0<\/b>(<a title=\"1931\" href=\"https:\/\/ca.wikipedia.org\/wiki\/1931\">1931<\/a>\u00a0&#8211;\u00a0<a title=\"1933\" href=\"https:\/\/ca.wikipedia.org\/wiki\/1933\">1933<\/a>), durant el qual el govern republic\u00e0 socialista de\u00a0<a class=\"mw-redirect\" title=\"Manuel Aza\u00f1a\" href=\"https:\/\/ca.wikipedia.org\/wiki\/Manuel_Aza%C3%B1a\">Manuel Aza\u00f1a<\/a>\u00a0va dur a terme diverses reformes que pretenien reformar l&#8217;estat. Seguidament, vingu\u00e9 el\u00a0<b>bienni conservador\u00a0<\/b>(<a title=\"1933\" href=\"https:\/\/ca.wikipedia.org\/wiki\/1933\">1933<\/a>\u00a0&#8211; 1935), tamb\u00e9 conegut com el\u00a0<i>Bienni Negre<\/i>, en el qual el govern del\u00a0<a title=\"Partit Republic\u00e0 Radical\" href=\"https:\/\/ca.wikipedia.org\/wiki\/Partit_Republic%C3%A0_Radical\">Partit Republic\u00e0 Radical<\/a>\u00a0d&#8217;<a class=\"mw-redirect\" title=\"Alejandro Lerroux\" href=\"https:\/\/ca.wikipedia.org\/wiki\/Alejandro_Lerroux\">Alejandro Lerroux<\/a>, recolzat des del parlament per la dreta cat\u00f2lica de la\u00a0<a title=\"Confederaci\u00f3 Espanyola de Dretes Aut\u00f2nomes\" href=\"https:\/\/ca.wikipedia.org\/wiki\/Confederaci%C3%B3_Espanyola_de_Dretes_Aut%C3%B2nomes\">CEDA<\/a>, va intentar frenar les reformes iniciades pel govern anterior. L&#8217;\u00faltima etapa republicana pr\u00e8via a l&#8217;inici de la\u00a0<a title=\"Guerra Civil espanyola\" href=\"https:\/\/ca.wikipedia.org\/wiki\/Guerra_Civil_espanyola\">Guerra Civil<\/a>\u00a0fou l&#8217;anomenat\u00a0<i><b>Front Popular<\/b><\/i>, coalici\u00f3 d&#8217;esquerres que va guanyar les eleccions del febrer de\u00a0<a title=\"1936\" href=\"https:\/\/ca.wikipedia.org\/wiki\/1936\">1936<\/a>\u00a0i que es mantingu\u00e9 fins a l&#8217;esclat del\u00a0<a title=\"Cop d'estat del 18 de juliol\" href=\"https:\/\/ca.wikipedia.org\/wiki\/Cop_d%27estat_del_18_de_juliol\">cop d&#8217;estat del 18 de juliol<\/a>\u00a0del 36.<\/p>\n<p>Durant la guerra, el govern de la Rep\u00fablica tingu\u00e9 tres presidents diversos:\u00a0<b><a title=\"Jos\u00e9 Giral Pereira\" href=\"https:\/\/ca.wikipedia.org\/wiki\/Jos%C3%A9_Giral_Pereira\">Jos\u00e9 Giral<\/a>\u00a0<\/b>(de juliol a setembre de 1936), tot i que el poder real qued\u00e0 en mans dels comit\u00e8s de guerra,\u00a0<b><a title=\"Francisco Largo Caballero\" href=\"https:\/\/ca.wikipedia.org\/wiki\/Francisco_Largo_Caballero\">Francisco Largo Caballero<\/a>\u00a0<\/b>l\u00edder de la UGT i l&#8217;\u00faltim fou el tamb\u00e9 socialista\u00a0<b><a title=\"Juan Negr\u00edn L\u00f3pez\" href=\"https:\/\/ca.wikipedia.org\/wiki\/Juan_Negr%C3%ADn_L%C3%B3pez\">Juan Negr\u00edn<\/a><\/b><a title=\"Juan Negr\u00edn L\u00f3pez\" href=\"https:\/\/ca.wikipedia.org\/wiki\/Juan_Negr%C3%ADn_L%C3%B3pez\">.<\/a>\u00a0Les institucions de la Rep\u00fablica es van mantenir en l&#8217;exili.<\/p>\n<p>&nbsp;<\/p>\n<p><iframe loading=\"lazy\" src=\"https:\/\/www.youtube.com\/embed\/dvp4wHQsoKw\" width=\"560\" height=\"315\" frameborder=\"0\"><\/iframe><br \/>\n<iframe loading=\"lazy\" src=\"https:\/\/www.youtube.com\/embed\/OZirgERQ2qc\" width=\"560\" height=\"315\" frameborder=\"0\"><\/iframe><\/p>\n<p><iframe loading=\"lazy\" src=\"https:\/\/www.youtube.com\/embed\/b-yEPHdcKpI\" width=\"560\" height=\"315\" frameborder=\"0\"><\/iframe><\/p>\n<p>Mireu el v\u00eddeo del Dragui fins al minut 12<\/p>\n<p>&nbsp;<\/p>\n<p><iframe loading=\"lazy\" src=\"https:\/\/docs.google.com\/forms\/d\/e\/1FAIpQLSefxo7ekrVd8ZUYnyElUiHG8wCKTk043o6tAcmYO_T8c6osPA\/viewform?embedded=true\" width=\"640\" height=\"4040\" frameborder=\"0\">S&#8217;est\u00e0 carregant\u2026<\/iframe><\/p>\n<p>&nbsp;<\/p>\n","protected":false},"excerpt":{"rendered":"<p>La\u00a0Segona Rep\u00fablica Espanyola\u00a0fou el r\u00e8gim pol\u00edtic democr\u00e0tic que va existir a\u00a0<a title=\"Espanya\" href=\"https:\/\/ca.wikipedia.org\/wiki\/Espanya\">Espanya<\/a>\u00a0entre el\u00a0<a title=\"Proclamaci\u00f3 de la Segona Rep\u00fablica Espanyola\" href=\"https:\/\/ca.wikipedia.org\/wiki\/Proclamaci%C3%B3_de_la_Segona_Rep%C3%BAblica_Espanyola\">14 d&#8217;abril de 1931<\/a>\u00a0(data de la proclamaci\u00f3 de la Rep\u00fablica, en substituci\u00f3 de la monarquia d&#8217;<a class=\"mw-redirect\" title=\"Alfons XIII\" href=\"https:\/\/ca.wikipedia.org\/wiki\/Alfons_XIII\">Alfons XIII<\/a>\u00a0i el sistema de la\u00a0<a&hellip;  <a href=\"https:\/\/agora.xtec.cat\/cfacanovelles\/catalunya-dins-espanya-segle-xx\/la-ii-repulica\/\" title=\"Read la II Rep\u00falica\">Llegeix m\u00e9s\u00bb<\/a><\/p>\n","protected":false},"author":4,"featured_media":2645,"comment_status":"open","ping_status":"closed","sticky":false,"template":"","format":"standard","meta":{"_bbp_topic_count":0,"_bbp_reply_count":0,"_bbp_total_topic_count":0,"_bbp_total_reply_count":0,"_bbp_voice_count":0,"_bbp_anonymous_reply_count":0,"_bbp_topic_count_hidden":0,"_bbp_reply_count_hidden":0,"_bbp_forum_subforum_count":0,"footnotes":""},"categories":[122],"tags":[],"class_list":["post-2644","post","type-post","status-publish","format-standard","has-post-thumbnail","hentry","category-catalunya-dins-espanya-segle-xx"],"post_mailing_queue_ids":[],"_links":{"self":[{"href":"https:\/\/agora.xtec.cat\/cfacanovelles\/wp-json\/wp\/v2\/posts\/2644","targetHints":{"allow":["GET"]}}],"collection":[{"href":"https:\/\/agora.xtec.cat\/cfacanovelles\/wp-json\/wp\/v2\/posts"}],"about":[{"href":"https:\/\/agora.xtec.cat\/cfacanovelles\/wp-json\/wp\/v2\/types\/post"}],"author":[{"embeddable":true,"href":"https:\/\/agora.xtec.cat\/cfacanovelles\/wp-json\/wp\/v2\/users\/4"}],"replies":[{"embeddable":true,"href":"https:\/\/agora.xtec.cat\/cfacanovelles\/wp-json\/wp\/v2\/comments?post=2644"}],"version-history":[{"count":1,"href":"https:\/\/agora.xtec.cat\/cfacanovelles\/wp-json\/wp\/v2\/posts\/2644\/revisions"}],"predecessor-version":[{"id":2646,"href":"https:\/\/agora.xtec.cat\/cfacanovelles\/wp-json\/wp\/v2\/posts\/2644\/revisions\/2646"}],"wp:featuredmedia":[{"embeddable":true,"href":"https:\/\/agora.xtec.cat\/cfacanovelles\/wp-json\/wp\/v2\/media\/2645"}],"wp:attachment":[{"href":"https:\/\/agora.xtec.cat\/cfacanovelles\/wp-json\/wp\/v2\/media?parent=2644"}],"wp:term":[{"taxonomy":"category","embeddable":true,"href":"https:\/\/agora.xtec.cat\/cfacanovelles\/wp-json\/wp\/v2\/categories?post=2644"},{"taxonomy":"post_tag","embeddable":true,"href":"https:\/\/agora.xtec.cat\/cfacanovelles\/wp-json\/wp\/v2\/tags?post=2644"}],"curies":[{"name":"wp","href":"https:\/\/api.w.org\/{rel}","templated":true}]}}