{"id":2536,"date":"2021-01-17T19:40:56","date_gmt":"2021-01-17T18:40:56","guid":{"rendered":"https:\/\/agora.xtec.cat\/cfacanovelles\/?p=2536"},"modified":"2026-03-23T16:37:02","modified_gmt":"2026-03-23T15:37:02","slug":"la-crisi-de-la-restauracio","status":"publish","type":"post","link":"https:\/\/agora.xtec.cat\/cfacanovelles\/catalunya-dins-espanya-segle-xx\/la-crisi-de-la-restauracio\/","title":{"rendered":"La crisi de la Restauraci\u00f3"},"content":{"rendered":"<h4 align=\"left\"><strong><span style=\"font-family: Verdana;\"><small>Entre 1898 i 1931, el sistema de la Restauraci\u00f3 cau en crisi.<\/small><br \/>\n<small>A partir del desastre colonial de 1898, es comen\u00e7a a q\u00fcestionar el sistema canovista. Com a resposta a la crisi, apareix el regeneracionisme, un corrent de pensament caracteritzat per la voluntat expressa de renovar el pa\u00eds, no tan sols en el terreny econ\u00f2mic, sin\u00f3 tamb\u00e9 en el cultural, el social i el pol\u00edtic. En efecte, la crisi colonial del 98 va fer que apareguessin nous programes pol\u00edtics que permetessin sortir de la crisi i, alhora, modernitzar el pa\u00eds.<\/small><\/span><\/strong><\/h4>\n<h4 align=\"left\"><strong><span style=\"font-family: Verdana;\"><small>La voluntat renovadora es va intentar fer tant des de dins del sistema (propostes regeneracionistes dels conservadors i dels liberals), com des de fora (alternatives proposades pels grups de l&#8217;oposici\u00f3 pol\u00edtica al sistema).<\/small><\/span><\/strong><\/h4>\n<h4 align=\"left\"><strong><span style=\"font-family: Verdana;\"><small>El successiu frac\u00e0s de les solucions regeneracionistes dels dos partits din\u00e0stics (Conservador i Liberal), entre 1902 i 1923, afegit a les diverses crisis (1905,1909 i sobretot 1917), l&#8217;escalada de viol\u00e8ncia social (pistolerisme), la radicalitzaci\u00f3 de l&#8217;oposici\u00f3, etc. va acabar amb la intervenci\u00f3 militar de Miguel Primo de Rivera, el 1923, el qual va instaurar, amb el benepl\u00e0cit del rei, una dictadura militar de caire feixista. El primer efecte fou la immediata suspensi\u00f3 del sistema constitucional.<\/small><br \/>\n<small>Per\u00f2 el frac\u00e0s de la Dictadura acabar\u00e0 per influir decisivament en el descr\u00e8dit de la monarquia i en la fi del sistema de la Restauraci\u00f3.<\/small><\/span><\/strong><\/h4>\n<h4 align=\"left\"><small><strong><span style=\"font-family: Verdana;\">La definitiva desintegraci\u00f3 del r\u00e8gim de la Restauraci\u00f3, malgrat els intents de regenerar el sistema, era un fet. El rei Alfons XIII havia esgotat totes les possibilitats i no li va quedar altra opci\u00f3 que marxar del pa\u00eds. D&#8217;aquesta manera s&#8217;obria la porta als republicans.<\/span><\/strong><\/small><\/h4>\n<h4 align=\"left\"><strong><small><span style=\"font-family: Verdana;\">El 14 d&#8217;abril de 1931 es proclamava la Segona Rep\u00fablica. Tornava l&#8217;hora dels republicans. En un clima d&#8217;euf\u00f2ria, molts pensaven que la Rep\u00fablica podria solucionar tots els problemes que la monarquia, ni amb governs democr\u00e0tics ni amb una dictadura militar, havia aconseguit. Per\u00f2 la il.lusi\u00f3 duraria poc. Durant la Segona Rep\u00fablica no nom\u00e9s van seguir els problemes, sin\u00f3 que es van agreujar. Al final de tot plegat, la Guerra Civil.<\/span><\/small><\/strong><\/h4>\n<h4><strong><small><span style=\"font-family: Verdana;\">Finalment, cal destacar d&#8217;aquesta \u00e8poca l&#8217;important paper del catalanisme en la pol\u00edtica estatal, intervenint en els anomenats &#8220;governs de concentraci\u00f3&#8221;. A nivell nacional, cal destacar l&#8217;obra de la Mancomunitat de Catalunya (1914-1925).<\/span><\/small><\/strong><\/h4>\n<p>&nbsp;<\/p>\n<p><iframe loading=\"lazy\" title=\"YouTube video player\" src=\"https:\/\/www.youtube.com\/embed\/qGiYee0FkY4?si=FCV428NRTYoSMy2L\" width=\"560\" height=\"315\" frameborder=\"0\" allowfullscreen=\"allowfullscreen\"><\/iframe><\/p>\n<p><iframe loading=\"lazy\" title=\"YouTube video player\" src=\"https:\/\/www.youtube.com\/embed\/qhezXHRWDj0?si=jOY8sTJraR3PcuCm\" width=\"560\" height=\"315\" frameborder=\"0\" allowfullscreen=\"allowfullscreen\"><\/iframe><\/p>\n<p><iframe loading=\"lazy\" title=\"YouTube video player\" src=\"https:\/\/www.youtube.com\/embed\/U7nykA6-U-4?si=GZgYTySoveCgtkW3\" width=\"560\" height=\"315\" frameborder=\"0\" allowfullscreen=\"allowfullscreen\"><\/iframe><\/p>\n<p>&nbsp;<\/p>\n<p><iframe loading=\"lazy\" src=\"https:\/\/docs.google.com\/forms\/d\/e\/1FAIpQLSeRbGu3AhQKYYGr9qwydymNn96921NWVxwxUFwKTE3ySAEwcQ\/viewform?embedded=true\" width=\"640\" height=\"5896\" frameborder=\"0\">S&#8217;est\u00e0 carregant\u2026<\/iframe><\/p>\n","protected":false},"excerpt":{"rendered":"<p>Entre 1898 i 1931, el sistema de la Restauraci\u00f3 cau en crisi.<br \/>\nA partir del desastre colonial de 1898, es comen\u00e7a a q\u00fcestionar el sistema canovista. Com a resposta a la crisi, apareix el regeneracionisme, un corrent de pensament caracteritzat per la voluntat expressa de renovar&hellip;  <a href=\"https:\/\/agora.xtec.cat\/cfacanovelles\/catalunya-dins-espanya-segle-xx\/la-crisi-de-la-restauracio\/\" title=\"Read La crisi de la Restauraci\u00f3\">Llegeix m\u00e9s\u00bb<\/a><\/p>\n","protected":false},"author":4,"featured_media":0,"comment_status":"open","ping_status":"closed","sticky":false,"template":"","format":"standard","meta":{"_bbp_topic_count":0,"_bbp_reply_count":0,"_bbp_total_topic_count":0,"_bbp_total_reply_count":0,"_bbp_voice_count":0,"_bbp_anonymous_reply_count":0,"_bbp_topic_count_hidden":0,"_bbp_reply_count_hidden":0,"_bbp_forum_subforum_count":0,"footnotes":""},"categories":[122],"tags":[],"class_list":["post-2536","post","type-post","status-publish","format-standard","hentry","category-catalunya-dins-espanya-segle-xx"],"post_mailing_queue_ids":[],"_links":{"self":[{"href":"https:\/\/agora.xtec.cat\/cfacanovelles\/wp-json\/wp\/v2\/posts\/2536","targetHints":{"allow":["GET"]}}],"collection":[{"href":"https:\/\/agora.xtec.cat\/cfacanovelles\/wp-json\/wp\/v2\/posts"}],"about":[{"href":"https:\/\/agora.xtec.cat\/cfacanovelles\/wp-json\/wp\/v2\/types\/post"}],"author":[{"embeddable":true,"href":"https:\/\/agora.xtec.cat\/cfacanovelles\/wp-json\/wp\/v2\/users\/4"}],"replies":[{"embeddable":true,"href":"https:\/\/agora.xtec.cat\/cfacanovelles\/wp-json\/wp\/v2\/comments?post=2536"}],"version-history":[{"count":4,"href":"https:\/\/agora.xtec.cat\/cfacanovelles\/wp-json\/wp\/v2\/posts\/2536\/revisions"}],"predecessor-version":[{"id":5208,"href":"https:\/\/agora.xtec.cat\/cfacanovelles\/wp-json\/wp\/v2\/posts\/2536\/revisions\/5208"}],"wp:attachment":[{"href":"https:\/\/agora.xtec.cat\/cfacanovelles\/wp-json\/wp\/v2\/media?parent=2536"}],"wp:term":[{"taxonomy":"category","embeddable":true,"href":"https:\/\/agora.xtec.cat\/cfacanovelles\/wp-json\/wp\/v2\/categories?post=2536"},{"taxonomy":"post_tag","embeddable":true,"href":"https:\/\/agora.xtec.cat\/cfacanovelles\/wp-json\/wp\/v2\/tags?post=2536"}],"curies":[{"name":"wp","href":"https:\/\/api.w.org\/{rel}","templated":true}]}}