{"id":2388,"date":"2020-12-14T09:16:33","date_gmt":"2020-12-14T08:16:33","guid":{"rendered":"https:\/\/agora.xtec.cat\/cfacanovelles\/?p=2388"},"modified":"2024-01-15T17:58:32","modified_gmt":"2024-01-15T16:58:32","slug":"la-construccio-de-lestat-liberal","status":"publish","type":"post","link":"https:\/\/agora.xtec.cat\/cfacanovelles\/catalunya-dins-espanya-segle-xx\/la-construccio-de-lestat-liberal\/","title":{"rendered":"La construcci\u00f3 de l&#8217;Estat liberal"},"content":{"rendered":"<h4>Despr\u00e9s de la mort de Ferran VII, s&#8217;inici\u00e0 a Espanya l&#8217;etapa isabelina marcada per l&#8217;enfrontament entre les forces que volen instaurar un r\u00e8gim liberal i els qui opten pel manteniment de l&#8217;antic r\u00e8gim absolutista. A m\u00e9s a m\u00e9s, dins els liberals hi haur\u00e0 divisions entre els m\u00e9s moderats, sempre partidaris de donar m\u00e9s poder al rei i els progressistes m\u00e9s partidaris de la sobirania nacional (el Congr\u00e9s i el Senat). Tot aquest per\u00edode estar\u00e0 marcat per les guerres carlines (partidaris de l&#8217;antic r\u00e8gim ) que provocar\u00e0 que la reina Isabel II estigui en mans del generals.<\/h4>\n<h4>Al mateix temps, el per\u00edode veur\u00e0 l&#8217;aparici\u00f3 de successives constitucions que alternaran entre un car\u00e0cter conservador i un de m\u00e9s democr\u00e0tic. L&#8217;etapa isabelina no pot desfer-se del esc\u00e0ndols de corrupci\u00f3 i degradaci\u00f3 p\u00fablica, cosa que culminar\u00e0 en l&#8217;expulsi\u00f3 d&#8217;Espanya de la reina Isabel II i el pas al Sexenni Democr\u00e0tic (per\u00edode altament inestable i que culminar\u00e0 amb dues fites: La Constituci\u00f3 de 1869, la primera realment democr\u00e0tica; la instauraci\u00f3 de la I Rep\u00fablica que va se fulminada per cantonalisme i per un cop d&#8217;Estat militar (tradici\u00f3 que marcar\u00e0 tant el segle XIX com el XX).<\/h4>\n<p>&nbsp;<\/p>\n<figure class=\"figure wp-caption aligncenter\"><img loading=\"lazy\" decoding=\"async\" class=\"\" src=\"https:\/\/upload.wikimedia.org\/wikipedia\/commons\/thumb\/8\/84\/Caricatura_etapas_del_sexenio_La_Flaca_1874.jpg\/1280px-Caricatura_etapas_del_sexenio_La_Flaca_1874.jpg\" width=\"714\" height=\"509\" \/><figcaption class=\"wp-caption-text\">Caricatura sobre el Sexenni Democr\u00e0tic<\/figcaption><\/figure>\n<p>&nbsp;<\/p>\n<h3>Observeu aquest v\u00eddeo del minut 23 al 36:31<\/h3>\n<p><iframe loading=\"lazy\" src=\"https:\/\/www.youtube.com\/embed\/3FORzW5uD_4?start=1434\" width=\"560\" height=\"315\" frameborder=\"0\"><\/iframe><\/p>\n<p><iframe loading=\"lazy\" src=\"https:\/\/www.youtube.com\/embed\/lDBVv_TjdgM?start=1434\" width=\"560\" height=\"315\" frameborder=\"0\"><\/iframe><\/p>\n<p><iframe loading=\"lazy\" src=\"https:\/\/docs.google.com\/forms\/d\/e\/1FAIpQLSeKMsRIH2Dp6Nlzn3ftVJS5hBMJYQCR38APu62pTDlPAtArXA\/viewform?embedded=true\" width=\"640\" height=\"3675\" frameborder=\"0\">S&#8217;est\u00e0 carregant\u2026<\/iframe><\/p>\n<p>&nbsp;<\/p>\n","protected":false},"excerpt":{"rendered":"<p>Despr\u00e9s de la mort de Ferran VII, s&#8217;inici\u00e0 a Espanya l&#8217;etapa isabelina marcada per l&#8217;enfrontament entre les forces que volen instaurar un r\u00e8gim liberal i els qui opten pel manteniment de l&#8217;antic r\u00e8gim absolutista. A m\u00e9s a m\u00e9s, dins els liberals hi haur\u00e0 divisions entre&hellip;  <a href=\"https:\/\/agora.xtec.cat\/cfacanovelles\/catalunya-dins-espanya-segle-xx\/la-construccio-de-lestat-liberal\/\" title=\"Read La construcci\u00f3 de l&#8217;Estat liberal\">Llegeix m\u00e9s\u00bb<\/a><\/p>\n","protected":false},"author":4,"featured_media":2389,"comment_status":"open","ping_status":"closed","sticky":false,"template":"","format":"standard","meta":{"_bbp_topic_count":0,"_bbp_reply_count":0,"_bbp_total_topic_count":0,"_bbp_total_reply_count":0,"_bbp_voice_count":0,"_bbp_anonymous_reply_count":0,"_bbp_topic_count_hidden":0,"_bbp_reply_count_hidden":0,"_bbp_forum_subforum_count":0,"footnotes":""},"categories":[122],"tags":[],"class_list":["post-2388","post","type-post","status-publish","format-standard","has-post-thumbnail","hentry","category-catalunya-dins-espanya-segle-xx"],"post_mailing_queue_ids":[],"_links":{"self":[{"href":"https:\/\/agora.xtec.cat\/cfacanovelles\/wp-json\/wp\/v2\/posts\/2388","targetHints":{"allow":["GET"]}}],"collection":[{"href":"https:\/\/agora.xtec.cat\/cfacanovelles\/wp-json\/wp\/v2\/posts"}],"about":[{"href":"https:\/\/agora.xtec.cat\/cfacanovelles\/wp-json\/wp\/v2\/types\/post"}],"author":[{"embeddable":true,"href":"https:\/\/agora.xtec.cat\/cfacanovelles\/wp-json\/wp\/v2\/users\/4"}],"replies":[{"embeddable":true,"href":"https:\/\/agora.xtec.cat\/cfacanovelles\/wp-json\/wp\/v2\/comments?post=2388"}],"version-history":[{"count":1,"href":"https:\/\/agora.xtec.cat\/cfacanovelles\/wp-json\/wp\/v2\/posts\/2388\/revisions"}],"predecessor-version":[{"id":2390,"href":"https:\/\/agora.xtec.cat\/cfacanovelles\/wp-json\/wp\/v2\/posts\/2388\/revisions\/2390"}],"wp:featuredmedia":[{"embeddable":true,"href":"https:\/\/agora.xtec.cat\/cfacanovelles\/wp-json\/wp\/v2\/media\/2389"}],"wp:attachment":[{"href":"https:\/\/agora.xtec.cat\/cfacanovelles\/wp-json\/wp\/v2\/media?parent=2388"}],"wp:term":[{"taxonomy":"category","embeddable":true,"href":"https:\/\/agora.xtec.cat\/cfacanovelles\/wp-json\/wp\/v2\/categories?post=2388"},{"taxonomy":"post_tag","embeddable":true,"href":"https:\/\/agora.xtec.cat\/cfacanovelles\/wp-json\/wp\/v2\/tags?post=2388"}],"curies":[{"name":"wp","href":"https:\/\/api.w.org\/{rel}","templated":true}]}}