{"id":2377,"date":"2020-12-13T07:54:07","date_gmt":"2020-12-13T06:54:07","guid":{"rendered":"https:\/\/agora.xtec.cat\/cfacanovelles\/?p=2377"},"modified":"2026-01-16T13:41:08","modified_gmt":"2026-01-16T12:41:08","slug":"la-prehistoria","status":"publish","type":"post","link":"https:\/\/agora.xtec.cat\/cfacanovelles\/historia-i\/la-prehistoria\/","title":{"rendered":"LA PREHIST\u00d2RIA"},"content":{"rendered":"<h3 style=\"text-align: center;\">L\u00cdNIA CRONOL\u00d2GICA DE LA PREHIST\u00d2RIA<\/h3>\n<p><img decoding=\"async\" src=\"https:\/\/docs.google.com\/drawings\/d\/e\/2PACX-1vRmjdOsSG5cBQVwh9yGqXVom2H4OlKV-kOCqaXQjRTSos4aGe7A907vGJCTqevR7KLz1Thg3Rl5xW02\/pub?w=1440&amp;h=1080\" \/><\/p>\n<p>la Prehist\u00f2ria \u00e9s l&#8217;etapa m\u00e9s llarga de la humanitat que comen\u00e7a amb l&#8217;aparici\u00f3 dels primers humans fa uns 2, 5 milions d&#8217;anys i evolucionar\u00e0 fins arribar a l&#8217;Homo sapiens sapiens (l&#8217;hum\u00e0 modern). A m\u00e9s l&#8217;evoluci\u00f3 anat\u00f2mica, tamb\u00e9 es dona l&#8217;evoluci\u00f3 en la tecnologia i en la seva forma de viure. La primera s&#8217;evidencia per mitj\u00e0 de les eines que comencen de ser simple pedres tallades i acabaran amb l&#8217;eclosi\u00f3 dels metalls molt en paral\u00b7lel a l&#8217;aparici\u00f3 de les primeres civilitzacions. Precisament la gran revoluci\u00f3 humana consist\u00ed a dependre menys de la natura per alimentar-se i a produir ella mateixa els seu aliments amb el domini de l&#8217;agricultura i la domesticaci\u00f3 dels animals. Aix\u00ed, es passa de grups humans petits i n\u00f2mades a poblacions m\u00e9s sedent\u00e0ries que donaran lloc a gran civilitzacions i amb elles l&#8217;aparici\u00f3 de l&#8217;escriptura que posar\u00e0 fi a aquest llarg per\u00edode de la humanitat.<\/p>\n<p><iframe loading=\"lazy\" src=\"https:\/\/www.youtube.com\/embed\/G2tUkEvo_lM\" width=\"560\" height=\"315\" frameborder=\"0\" allowfullscreen=\"allowfullscreen\"><\/iframe><\/p>\n<p><iframe loading=\"lazy\" src=\"https:\/\/docs.google.com\/forms\/d\/e\/1FAIpQLSc3lVf32VaL-JqresAwLRNXBJFdWthIvX91EPJoX6qWpT5Y-g\/viewform?embedded=true\" width=\"640\" height=\"4244\" frameborder=\"0\" marginwidth=\"0\" marginheight=\"0\">S&#8217;est\u00e0 carregant\u2026<\/iframe><\/p>\n","protected":false},"excerpt":{"rendered":"<p>L\u00cdNIA CRONOL\u00d2GICA DE LA PREHIST\u00d2RIA<\/p>\n<p>la Prehist\u00f2ria \u00e9s l&#8217;etapa m\u00e9s llarga de la humanitat que comen\u00e7a amb l&#8217;aparici\u00f3 dels primers humans fa uns 2, 5 milions d&#8217;anys i evolucionar\u00e0 fins arribar a l&#8217;Homo sapiens sapiens (l&#8217;hum\u00e0 modern). A m\u00e9s l&#8217;evoluci\u00f3 anat\u00f2mica, tamb\u00e9 es dona l&#8217;evoluci\u00f3 en&hellip;  <a href=\"https:\/\/agora.xtec.cat\/cfacanovelles\/historia-i\/la-prehistoria\/\" title=\"Read LA PREHIST\u00d2RIA\">Llegeix m\u00e9s\u00bb<\/a><\/p>\n","protected":false},"author":4,"featured_media":0,"comment_status":"open","ping_status":"closed","sticky":false,"template":"","format":"standard","meta":{"_bbp_topic_count":0,"_bbp_reply_count":0,"_bbp_total_topic_count":0,"_bbp_total_reply_count":0,"_bbp_voice_count":0,"_bbp_anonymous_reply_count":0,"_bbp_topic_count_hidden":0,"_bbp_reply_count_hidden":0,"_bbp_forum_subforum_count":0,"footnotes":""},"categories":[108],"tags":[],"class_list":["post-2377","post","type-post","status-publish","format-standard","hentry","category-historia-i"],"post_mailing_queue_ids":[],"_links":{"self":[{"href":"https:\/\/agora.xtec.cat\/cfacanovelles\/wp-json\/wp\/v2\/posts\/2377","targetHints":{"allow":["GET"]}}],"collection":[{"href":"https:\/\/agora.xtec.cat\/cfacanovelles\/wp-json\/wp\/v2\/posts"}],"about":[{"href":"https:\/\/agora.xtec.cat\/cfacanovelles\/wp-json\/wp\/v2\/types\/post"}],"author":[{"embeddable":true,"href":"https:\/\/agora.xtec.cat\/cfacanovelles\/wp-json\/wp\/v2\/users\/4"}],"replies":[{"embeddable":true,"href":"https:\/\/agora.xtec.cat\/cfacanovelles\/wp-json\/wp\/v2\/comments?post=2377"}],"version-history":[{"count":2,"href":"https:\/\/agora.xtec.cat\/cfacanovelles\/wp-json\/wp\/v2\/posts\/2377\/revisions"}],"predecessor-version":[{"id":3804,"href":"https:\/\/agora.xtec.cat\/cfacanovelles\/wp-json\/wp\/v2\/posts\/2377\/revisions\/3804"}],"wp:attachment":[{"href":"https:\/\/agora.xtec.cat\/cfacanovelles\/wp-json\/wp\/v2\/media?parent=2377"}],"wp:term":[{"taxonomy":"category","embeddable":true,"href":"https:\/\/agora.xtec.cat\/cfacanovelles\/wp-json\/wp\/v2\/categories?post=2377"},{"taxonomy":"post_tag","embeddable":true,"href":"https:\/\/agora.xtec.cat\/cfacanovelles\/wp-json\/wp\/v2\/tags?post=2377"}],"curies":[{"name":"wp","href":"https:\/\/api.w.org\/{rel}","templated":true}]}}