{"id":2102,"date":"2020-11-22T07:53:59","date_gmt":"2020-11-22T06:53:59","guid":{"rendered":"https:\/\/agora.xtec.cat\/cfacanovelles\/?p=2102"},"modified":"2025-11-14T08:44:31","modified_gmt":"2025-11-14T07:44:31","slug":"problemes-i-riscos-ambientals","status":"publish","type":"post","link":"https:\/\/agora.xtec.cat\/cfacanovelles\/geografia-i\/problemes-i-riscos-ambientals\/","title":{"rendered":"Problemes i riscos ambientals"},"content":{"rendered":"<h4>Un risc \u00e9s un possible perill per als humans, per als \u00e9ssers vius o per a les coses. Poden ser naturals o humans. La influ\u00e8ncia de la humanitat sobre el medi ambient no \u00e9s inn\u00f2cua sin\u00f3 cada vegada \u00e9s m\u00e9s gran provocant un canvi clim\u00e0tic a escala global de conseq\u00fc\u00e8ncies catastr\u00f2fiques. Per \u00faltim, en la societat actual vivim es espais urbans que funcionen com un ecosistema ecol\u00f2gic propi i que han d&#8217;encarar problemes de contaminaci\u00f3 greu o de gesti\u00f3 de les deixalles.<\/h4>\n<p>&nbsp;<\/p>\n<p><iframe loading=\"lazy\" src=\"https:\/\/www.ccma.cat\/video\/embed\/sx3\/5833242\/\" width=\"500px\" height=\"281px\" frameborder=\"0\" scrolling=\"no\" allowfullscreen=\"allowfullscreen\"><\/iframe><\/p>\n<p>&nbsp;<\/p>\n<h5>Fes les activitats del formulari sobre problemes mediambientals<\/h5>\n<p><iframe loading=\"lazy\" src=\"https:\/\/docs.google.com\/forms\/d\/e\/1FAIpQLSfFp_vH0ty065-zS9NGE2YgIxklQktz6DV02RH9BQiAjn2N-Q\/viewform?embedded=true\" width=\"640\" height=\"6801\" frameborder=\"0\" marginwidth=\"0\" marginheight=\"0\">S&#8217;est\u00e0 carregant\u2026<\/iframe><\/p>\n","protected":false},"excerpt":{"rendered":"<p>Un risc \u00e9s un possible perill per als humans, per als \u00e9ssers vius o per a les coses. Poden ser naturals o humans. La influ\u00e8ncia de la humanitat sobre el medi ambient no \u00e9s inn\u00f2cua sin\u00f3 cada vegada \u00e9s m\u00e9s gran provocant un canvi clim\u00e0tic&hellip;  <a href=\"https:\/\/agora.xtec.cat\/cfacanovelles\/geografia-i\/problemes-i-riscos-ambientals\/\" title=\"Read Problemes i riscos ambientals\">Llegeix m\u00e9s\u00bb<\/a><\/p>\n","protected":false},"author":4,"featured_media":0,"comment_status":"open","ping_status":"closed","sticky":false,"template":"","format":"standard","meta":{"_bbp_topic_count":0,"_bbp_reply_count":0,"_bbp_total_topic_count":0,"_bbp_total_reply_count":0,"_bbp_voice_count":0,"_bbp_anonymous_reply_count":0,"_bbp_topic_count_hidden":0,"_bbp_reply_count_hidden":0,"_bbp_forum_subforum_count":0,"footnotes":""},"categories":[106],"tags":[],"class_list":["post-2102","post","type-post","status-publish","format-standard","hentry","category-geografia-i"],"post_mailing_queue_ids":[],"_links":{"self":[{"href":"https:\/\/agora.xtec.cat\/cfacanovelles\/wp-json\/wp\/v2\/posts\/2102","targetHints":{"allow":["GET"]}}],"collection":[{"href":"https:\/\/agora.xtec.cat\/cfacanovelles\/wp-json\/wp\/v2\/posts"}],"about":[{"href":"https:\/\/agora.xtec.cat\/cfacanovelles\/wp-json\/wp\/v2\/types\/post"}],"author":[{"embeddable":true,"href":"https:\/\/agora.xtec.cat\/cfacanovelles\/wp-json\/wp\/v2\/users\/4"}],"replies":[{"embeddable":true,"href":"https:\/\/agora.xtec.cat\/cfacanovelles\/wp-json\/wp\/v2\/comments?post=2102"}],"version-history":[{"count":3,"href":"https:\/\/agora.xtec.cat\/cfacanovelles\/wp-json\/wp\/v2\/posts\/2102\/revisions"}],"predecessor-version":[{"id":5508,"href":"https:\/\/agora.xtec.cat\/cfacanovelles\/wp-json\/wp\/v2\/posts\/2102\/revisions\/5508"}],"wp:attachment":[{"href":"https:\/\/agora.xtec.cat\/cfacanovelles\/wp-json\/wp\/v2\/media?parent=2102"}],"wp:term":[{"taxonomy":"category","embeddable":true,"href":"https:\/\/agora.xtec.cat\/cfacanovelles\/wp-json\/wp\/v2\/categories?post=2102"},{"taxonomy":"post_tag","embeddable":true,"href":"https:\/\/agora.xtec.cat\/cfacanovelles\/wp-json\/wp\/v2\/tags?post=2102"}],"curies":[{"name":"wp","href":"https:\/\/api.w.org\/{rel}","templated":true}]}}