{"id":2065,"date":"2021-11-11T16:03:42","date_gmt":"2021-11-11T15:03:42","guid":{"rendered":"https:\/\/agora.xtec.cat\/cfacanovelles\/?p=2065"},"modified":"2025-10-06T16:58:45","modified_gmt":"2025-10-06T14:58:45","slug":"la-funcio-de-nutricio","status":"publish","type":"post","link":"https:\/\/agora.xtec.cat\/cfacanovelles\/educacio-per-a-la-salut\/la-funcio-de-nutricio\/","title":{"rendered":"Unitat 2. La Funci\u00f3 de Nutrici\u00f3"},"content":{"rendered":"<p>La funci\u00f3 de NUTRICI\u00d3 engloba el que entenem ordin\u00e0riament per nutrici\u00f3 dels aliments, per\u00f2 tamb\u00e9 l\u2019oxigen de l&#8217;aire i l\u2019expulsi\u00f3 del residus generats en el metabolisme, per tant hi ha una s\u00e8rie d\u2019aparells i \u00f2rgans que s\u2019encarreguen d\u2019aquesta funci\u00f3. Passem a estudiar-los<\/p>\n<p><iframe loading=\"lazy\" src=\"\/\/www.youtube.com\/embed\/nj168qvxJzg\" width=\"560\" height=\"315\" frameborder=\"0\"><\/iframe><\/p>\n<p>&nbsp;<\/p>\n<h3>L&#8217;aparell circulatori<\/h3>\n<p>Les funcions de l&#8217;aparell circulatori s\u00f3n:<\/p>\n<figure class=\"figure wp-caption alignleft\"><a href=\"http:\/\/www.xtec.cat\/~fmarquin\/index.htm\" target=\"_blank\" rel=\"noopener\"><img loading=\"lazy\" decoding=\"async\" class=\"wp-image-6219\" src=\"https:\/\/agora.xtec.cat\/cfacanovelles\/wp-content\/uploads\/usu1982\/2021\/11\/circulacio-sang.jpeg\" alt=\"\" width=\"301\" height=\"474\" \/><\/a><figcaption class=\"wp-caption-text\">Imatge extreta de http:\/\/www.xtec.cat\/~fmarquin\/index.htm<\/figcaption><\/figure>\n<p>1. Transportar les subst\u00e0ncies nutritives i l&#8217;oxigen a tot el cos.<br \/>\n2. Recollir les subst\u00e0ncies de rebuig i expulsar-les<\/p>\n<p>L&#8217;aparell circulatori est\u00e0 format per:<\/p>\n<ul>\n<li>Els vasos sanguinis<\/li>\n<li>El cor<\/li>\n<li>La sang<\/li>\n<\/ul>\n<p class=\"Estilo10\"><span style=\"font-family: Verdana, Arial, Helvetica, sans-serif;\">Els vasos sanguinis s\u00f3n conductes per on circula la sang.<\/span><\/p>\n<p class=\"Estilo10\"><span style=\"font-family: Verdana, Arial, Helvetica, sans-serif;\">Hi ha de tres tipus de vasos sanguinis:<\/span><\/p>\n<p><span class=\"Estilo10\"><span style=\"font-family: Verdana, Arial, Helvetica, sans-serif;\">1. les art\u00e8ries, que tenen els conductes amb les parets gruixudes.<br \/>\n2. les venes, que tenen els conductes amb les parets primes.<br \/>\n3. els capil\u00b7lars, que tenen els conductes fin\u00edssims i que uneixen les art\u00e8ries amb les venes.<\/span><\/span><\/p>\n<p>&nbsp;<\/p>\n<p>&nbsp;<\/p>\n<p>&nbsp;<\/p>\n<p><iframe loading=\"lazy\" title=\"YouTube video player\" src=\"https:\/\/www.youtube.com\/embed\/13tlWdumpoo?si=CXCWeQso9L09E2ir\" width=\"560\" height=\"315\" frameborder=\"0\" allowfullscreen=\"allowfullscreen\"><\/iframe><\/p>\n<h3>L&#8217;aparell digestiu<\/h3>\n<p>L\u2019<strong>aparell digestiu<\/strong>\u00a0\u00e9s el sistema d\u2019\u00f2rgans que transforma els\u00a0<strong>aliments<\/strong>\u00a0en\u00a0<strong>subst\u00e0ncies simples<\/strong>\u00a0en un proc\u00e9s anomenat\u00a0<strong>digesti\u00f3<\/strong><\/p>\n<figure class=\"figure wp-caption alignleft\"><a href=\"http:\/\/www.xtec.cat\/~fmarquin\/index.htm\" target=\"_blank\" rel=\"noopener\"><img loading=\"lazy\" decoding=\"async\" class=\"wp-image-6216\" src=\"https:\/\/agora.xtec.cat\/cfacanovelles\/wp-content\/uploads\/usu1982\/2021\/11\/digestiu.jpg\" alt=\"\" width=\"317\" height=\"452\" \/><\/a><figcaption class=\"wp-caption-text\">Imatge extreta de http:\/\/www.xtec.cat\/~fmarquin\/index.htm<\/figcaption><\/figure>\n<p>&nbsp;<\/p>\n<p><span style=\"font-family: inherit; font-size: 1em;\">. Un cop realitzada la digesti\u00f3, l\u2019organisme pot <\/span><strong style=\"font-family: inherit; font-size: 1em;\">absorbir<\/strong><span style=\"font-family: inherit; font-size: 1em;\">\u00a0aquestes subst\u00e0ncies i fer-les servir per obtenir\u00a0<\/span><strong style=\"font-family: inherit; font-size: 1em;\">energia<\/strong><span style=\"font-family: inherit; font-size: 1em;\">\u00a0i\u00a0<\/span><strong style=\"font-family: inherit; font-size: 1em;\">mat\u00e8ria<\/strong><span style=\"font-family: inherit; font-size: 1em;\">\u00a0per al cos.<\/span><\/p>\n<p>&nbsp;<\/p>\n<p><iframe loading=\"lazy\" title=\"YouTube video player\" src=\"https:\/\/www.youtube.com\/embed\/DPQX4FKIYo0?si=DMbNtN0i_sqvPii6\" width=\"560\" height=\"315\" frameborder=\"0\" allowfullscreen=\"allowfullscreen\"><\/iframe><\/p>\n<p>&nbsp;<\/p>\n<h3>L&#8217;aparell respiratori<\/h3>\n<p><span class=\"Estilo9\"><span class=\"Estilo10\"><span style=\"font-family: Verdana, Arial, Helvetica, sans-serif;\">L&#8217;aparell respiratori serveix per respirar. <\/span><\/span><\/span><\/p>\n<p><span class=\"Estilo9\"><span class=\"Estilo10\"><span style=\"font-family: Verdana, Arial, Helvetica, sans-serif;\">L&#8217;aparell respiratori est\u00e0 format per:<\/span><\/span><\/span><\/p>\n<p><span class=\"Estilo10\"><span style=\"font-family: Verdana, Arial, Helvetica, sans-serif;\">1. El nas<br \/>\n2. La boca<br \/>\n3. La tr\u00e0quea<br \/>\n4. Els pulmons<\/span><\/span><\/p>\n<p><span class=\"Estilo10\"><span style=\"font-family: Verdana, Arial, Helvetica, sans-serif;\"> L&#8217;aire que respirem entra pel nas i passa per la tr\u00e0quea fins arribar als pulmons. Finalment l&#8217;aire torna a sortir dels pulmons fins a la boca.<\/span><\/span><\/p>\n<h6><\/h6>\n<figure class=\"figure wp-caption alignleft\"><a href=\"http:\/\/www.xtec.cat\/~fmarquin\/index.htm\" target=\"_blank\" rel=\"noopener\"><img loading=\"lazy\" decoding=\"async\" src=\"https:\/\/i.pinimg.com\/originals\/03\/71\/e5\/0371e5cea61cec1331b03c1401e9ff10.jpg\" alt=\"Felt crafts kids: Discover 8 APARELL RESPIRATORI ideas on this Pinterest board | science biology, biology labs and more\" width=\"325\" height=\"457\" \/><\/a><figcaption class=\"wp-caption-text\">Imatge extreta de http:\/\/www.xtec.cat\/~fmarquin\/index.htm<\/figcaption><\/figure>\n<p><iframe loading=\"lazy\" title=\"YouTube video player\" src=\"https:\/\/www.youtube.com\/embed\/_UF9S-E5eAc?si=fXo62uTIk39QFo-J\" width=\"560\" height=\"315\" frameborder=\"0\" allowfullscreen=\"allowfullscreen\"><\/iframe><\/p>\n<p>&nbsp;<\/p>\n<p>&nbsp;<\/p>\n<p>&nbsp;<\/p>\n<h3><\/h3>\n<h3><\/h3>\n<h3>L&#8217;aparell excretor<\/h3>\n<p>La funci\u00f3 de l&#8217;aparell excretor \u00e9s la d&#8217;eliminar les subst\u00e0ncies t\u00f2xiques del cos.<\/p>\n<p class=\"Estilo13\"><span style=\"font-family: Verdana, Arial, Helvetica, sans-serif;\">L&#8217;aparell excretor est\u00e0 format per:<\/span><\/p>\n<figure class=\"figure wp-caption alignleft\"><a href=\"http:\/\/www.xtec.cat\/~fmarquin\/index.htm\" target=\"_blank\" rel=\"noopener\"><img loading=\"lazy\" decoding=\"async\" class=\"wp-image-6222\" src=\"https:\/\/agora.xtec.cat\/cfacanovelles\/wp-content\/uploads\/usu1982\/2021\/11\/excretor-e1757583498161.jpg\" alt=\"\" width=\"265\" height=\"385\" \/><\/a><figcaption class=\"wp-caption-text\">Imatge extreta de http:\/\/www.xtec.cat\/~fmarquin\/index.htm<\/figcaption><\/figure>\n<ul>\n<li style=\"list-style-type: none;\">\n<ul>\n<li style=\"list-style-type: none;\">\n<ul>\n<li style=\"list-style-type: none;\">\n<ul>\n<li style=\"list-style-type: none;\">\n<ul>\n<li style=\"list-style-type: none;\">\n<ul>\n<li style=\"list-style-type: none;\">\n<ul>\n<li style=\"list-style-type: none;\">\n<ul>\n<li style=\"list-style-type: none;\">\n<ul>\n<li style=\"list-style-type: none;\">\n<ul>\n<li style=\"list-style-type: none;\">\n<ul>\n<li style=\"list-style-type: none;\">\n<ol class=\"Estilo13\">\n<li><span style=\"font-family: Verdana, Arial, Helvetica, sans-serif;\">L&#8217;aparell urinari:<\/span>\n<ul>\n<li style=\"list-style-type: none;\">\n<ul>\n<li style=\"list-style-type: none;\">\n<ol class=\"Estilo13\" style=\"list-style-type: lower-alpha;\">\n<li>\u00d2rgans\n<ul>\n<li style=\"list-style-type: none;\">\n<ol class=\"Estilo13\" style=\"list-style-type: lower-greek;\">\n<li class=\"Estilo13\"><span style=\"font-family: Verdana, Arial, Helvetica, sans-serif;\">els ronyons<\/span><\/li>\n<li class=\"Estilo13\"><span style=\"font-family: Verdana, Arial, Helvetica, sans-serif;\">la bufeta<\/span><\/li>\n<\/ol>\n<\/li>\n<\/ul>\n<\/li>\n<li class=\"Estilo13\"><span style=\"font-family: Verdana, Arial, Helvetica, sans-serif;\">Conductes\u00a0<\/span>\n<ul>\n<li style=\"list-style-type: none;\">\n<ol class=\"Estilo13\" style=\"list-style-type: lower-greek;\">\n<li class=\"Estilo13\"><span style=\"font-family: Verdana, Arial, Helvetica, sans-serif;\">la uretra<\/span><\/li>\n<li class=\"Estilo13\"><span class=\"Estilo13\"><span style=\"font-family: Verdana, Arial, Helvetica, sans-serif;\">els ur\u00e8ters<\/span><\/span><\/li>\n<\/ol>\n<\/li>\n<\/ul>\n<\/li>\n<\/ol>\n<\/li>\n<\/ul>\n<\/li>\n<\/ul>\n<\/li>\n<li><span style=\"font-family: Verdana, Arial, Helvetica, sans-serif;\">La pell<\/span><\/li>\n<\/ol>\n<\/li>\n<li><iframe loading=\"lazy\" title=\"YouTube video player\" src=\"https:\/\/www.youtube.com\/embed\/JCFYnsq8-OA?si=QoRo4JNjzqONwNtK\" width=\"560\" height=\"315\" frameborder=\"0\" allowfullscreen=\"allowfullscreen\"><\/iframe><\/li>\n<\/ul>\n<\/li>\n<\/ul>\n<\/li>\n<\/ul>\n<\/li>\n<\/ul>\n<\/li>\n<\/ul>\n<\/li>\n<\/ul>\n<\/li>\n<\/ul>\n<\/li>\n<\/ul>\n<\/li>\n<\/ul>\n<\/li>\n<\/ul>\n<\/li>\n<\/ul>\n<p>&nbsp;<\/p>\n<h4>Ara fes aquest formulari<\/h4>\n<p>&nbsp;<\/p>\n<p><iframe loading=\"lazy\" src=\"https:\/\/docs.google.com\/forms\/d\/e\/1FAIpQLSfUt1fRZ3jsNlrHg-11K9ranyOSL_157P4HIVVa1XVjZiNPGg\/viewform?embedded=true\" width=\"640\" height=\"11242\" frameborder=\"0\" marginwidth=\"0\" marginheight=\"0\">S&#8217;est\u00e0 carregant\u2026<\/iframe><\/p>\n","protected":false},"excerpt":{"rendered":"<p>La funci\u00f3 de NUTRICI\u00d3 engloba el que entenem ordin\u00e0riament per nutrici\u00f3 dels aliments, per\u00f2 tamb\u00e9 l\u2019oxigen de l&#8217;aire i l\u2019expulsi\u00f3 del residus generats en el metabolisme, per tant hi ha una s\u00e8rie d\u2019aparells i \u00f2rgans que s\u2019encarreguen d\u2019aquesta funci\u00f3. Passem a estudiar-los<\/p>\n<p>&nbsp;<br \/>\nL&#8217;aparell circulatori<br \/>\nLes funcions de&hellip;  <a href=\"https:\/\/agora.xtec.cat\/cfacanovelles\/educacio-per-a-la-salut\/la-funcio-de-nutricio\/\" title=\"Read Unitat 2. La Funci\u00f3 de Nutrici\u00f3\">Llegeix m\u00e9s\u00bb<\/a><\/p>\n","protected":false},"author":1,"featured_media":0,"comment_status":"open","ping_status":"closed","sticky":false,"template":"","format":"standard","meta":{"_bbp_topic_count":0,"_bbp_reply_count":0,"_bbp_total_topic_count":0,"_bbp_total_reply_count":0,"_bbp_voice_count":0,"_bbp_anonymous_reply_count":0,"_bbp_topic_count_hidden":0,"_bbp_reply_count_hidden":0,"_bbp_forum_subforum_count":0,"footnotes":""},"categories":[104],"tags":[],"class_list":["post-2065","post","type-post","status-publish","format-standard","hentry","category-educacio-per-a-la-salut"],"post_mailing_queue_ids":[],"_links":{"self":[{"href":"https:\/\/agora.xtec.cat\/cfacanovelles\/wp-json\/wp\/v2\/posts\/2065","targetHints":{"allow":["GET"]}}],"collection":[{"href":"https:\/\/agora.xtec.cat\/cfacanovelles\/wp-json\/wp\/v2\/posts"}],"about":[{"href":"https:\/\/agora.xtec.cat\/cfacanovelles\/wp-json\/wp\/v2\/types\/post"}],"author":[{"embeddable":true,"href":"https:\/\/agora.xtec.cat\/cfacanovelles\/wp-json\/wp\/v2\/users\/1"}],"replies":[{"embeddable":true,"href":"https:\/\/agora.xtec.cat\/cfacanovelles\/wp-json\/wp\/v2\/comments?post=2065"}],"version-history":[{"count":7,"href":"https:\/\/agora.xtec.cat\/cfacanovelles\/wp-json\/wp\/v2\/posts\/2065\/revisions"}],"predecessor-version":[{"id":6286,"href":"https:\/\/agora.xtec.cat\/cfacanovelles\/wp-json\/wp\/v2\/posts\/2065\/revisions\/6286"}],"wp:attachment":[{"href":"https:\/\/agora.xtec.cat\/cfacanovelles\/wp-json\/wp\/v2\/media?parent=2065"}],"wp:term":[{"taxonomy":"category","embeddable":true,"href":"https:\/\/agora.xtec.cat\/cfacanovelles\/wp-json\/wp\/v2\/categories?post=2065"},{"taxonomy":"post_tag","embeddable":true,"href":"https:\/\/agora.xtec.cat\/cfacanovelles\/wp-json\/wp\/v2\/tags?post=2065"}],"curies":[{"name":"wp","href":"https:\/\/api.w.org\/{rel}","templated":true}]}}