{"id":1979,"date":"2020-11-16T15:40:18","date_gmt":"2020-11-16T14:40:18","guid":{"rendered":"https:\/\/agora.xtec.cat\/cfacanovelles\/?p=1979"},"modified":"2025-11-14T08:43:08","modified_gmt":"2025-11-14T07:43:08","slug":"les-ciutats-i-el-mon-urba","status":"publish","type":"post","link":"https:\/\/agora.xtec.cat\/cfacanovelles\/c-soc-ii-i-moviment-migratori\/les-ciutats-i-el-mon-urba\/","title":{"rendered":"Les ciutats i el m\u00f3n urb\u00e0"},"content":{"rendered":"<h4>En aquesta unitat tractarem la ciutat i la seva influ\u00e8ncia dins l&#8217;espai geogr\u00e0fic. El concepte de ciutat presenta certes dificultats ja que no hi ha un \u00fanic criteri per definir-la. Tradicionalment s&#8217;emprava el nombre d&#8217;habitants, per\u00f2 aquest criteri divergia\u00a0 segons l&#8217;extensi\u00f3 i la poblaci\u00f3 de cada pa\u00eds. En aquesta unitat en veur\u00e0s els diversos criteris.<\/h4>\n<h4>Ara observa aquest v\u00eddeo explicatiu i despr\u00e9s fes les activitats relacionades amb la lli\u00e7\u00f3 de la unitat<\/h4>\n<p>&nbsp;<\/p>\n<p><iframe loading=\"lazy\" src=\"https:\/\/www.youtube.com\/embed\/90J34wMe-bk\" width=\"560\" height=\"315\" frameborder=\"0\"><\/iframe><\/p>\n<h4>Fes les activitats del formulari que t&#8217;indiqui el professor<\/h4>\n<h4><\/h4>\n<h4><\/h4>\n<p><iframe loading=\"lazy\" src=\"https:\/\/docs.google.com\/forms\/d\/e\/1FAIpQLSf9gImZ0CQ11kUjPzYXmEv-Ybv4ZTGLVLjKtIcTAN5FfXDX7A\/viewform?embedded=true\" width=\"640\" height=\"3700\" frameborder=\"0\" marginwidth=\"0\" marginheight=\"0\">S&#8217;est\u00e0 carregant\u2026<\/iframe><\/p>\n","protected":false},"excerpt":{"rendered":"<p>En aquesta unitat tractarem la ciutat i la seva influ\u00e8ncia dins l&#8217;espai geogr\u00e0fic. El concepte de ciutat presenta certes dificultats ja que no hi ha un \u00fanic criteri per definir-la. Tradicionalment s&#8217;emprava el nombre d&#8217;habitants, per\u00f2 aquest criteri divergia\u00a0 segons l&#8217;extensi\u00f3 i la poblaci\u00f3 de&hellip;  <a href=\"https:\/\/agora.xtec.cat\/cfacanovelles\/c-soc-ii-i-moviment-migratori\/les-ciutats-i-el-mon-urba\/\" title=\"Read Les ciutats i el m\u00f3n urb\u00e0\">Llegeix m\u00e9s\u00bb<\/a><\/p>\n","protected":false},"author":4,"featured_media":0,"comment_status":"open","ping_status":"closed","sticky":false,"template":"","format":"standard","meta":{"_bbp_topic_count":0,"_bbp_reply_count":0,"_bbp_total_topic_count":0,"_bbp_total_reply_count":0,"_bbp_voice_count":0,"_bbp_anonymous_reply_count":0,"_bbp_topic_count_hidden":0,"_bbp_reply_count_hidden":0,"_bbp_forum_subforum_count":0,"footnotes":""},"categories":[121],"tags":[],"class_list":["post-1979","post","type-post","status-publish","format-standard","hentry","category-c-soc-ii-i-moviment-migratori"],"post_mailing_queue_ids":[],"_links":{"self":[{"href":"https:\/\/agora.xtec.cat\/cfacanovelles\/wp-json\/wp\/v2\/posts\/1979","targetHints":{"allow":["GET"]}}],"collection":[{"href":"https:\/\/agora.xtec.cat\/cfacanovelles\/wp-json\/wp\/v2\/posts"}],"about":[{"href":"https:\/\/agora.xtec.cat\/cfacanovelles\/wp-json\/wp\/v2\/types\/post"}],"author":[{"embeddable":true,"href":"https:\/\/agora.xtec.cat\/cfacanovelles\/wp-json\/wp\/v2\/users\/4"}],"replies":[{"embeddable":true,"href":"https:\/\/agora.xtec.cat\/cfacanovelles\/wp-json\/wp\/v2\/comments?post=1979"}],"version-history":[{"count":4,"href":"https:\/\/agora.xtec.cat\/cfacanovelles\/wp-json\/wp\/v2\/posts\/1979\/revisions"}],"predecessor-version":[{"id":5669,"href":"https:\/\/agora.xtec.cat\/cfacanovelles\/wp-json\/wp\/v2\/posts\/1979\/revisions\/5669"}],"wp:attachment":[{"href":"https:\/\/agora.xtec.cat\/cfacanovelles\/wp-json\/wp\/v2\/media?parent=1979"}],"wp:term":[{"taxonomy":"category","embeddable":true,"href":"https:\/\/agora.xtec.cat\/cfacanovelles\/wp-json\/wp\/v2\/categories?post=1979"},{"taxonomy":"post_tag","embeddable":true,"href":"https:\/\/agora.xtec.cat\/cfacanovelles\/wp-json\/wp\/v2\/tags?post=1979"}],"curies":[{"name":"wp","href":"https:\/\/api.w.org\/{rel}","templated":true}]}}