{"id":1874,"date":"2025-10-10T20:11:57","date_gmt":"2025-10-10T18:11:57","guid":{"rendered":"https:\/\/agora.xtec.cat\/cfacanovelles\/?p=1874"},"modified":"2026-04-12T21:15:38","modified_gmt":"2026-04-12T19:15:38","slug":"unitat-2","status":"publish","type":"post","link":"https:\/\/agora.xtec.cat\/cfacanovelles\/catala-1-mati\/unitat-2\/","title":{"rendered":"TEMA 2 &#8211; LA FAM\u00cdLIA"},"content":{"rendered":"<p>En aquesta unitat treballarem:<\/p>\n<p><span style=\"font-weight: 400;\">-Els determinants demostratius.\u00a0<\/span><\/p>\n<p><span style=\"font-weight: 400;\">-Les persones.\u00a0<\/span><\/p>\n<p><span style=\"font-weight: 400;\">-Els determinants possessius<\/span><\/p>\n<p><span style=\"font-weight: 400;\">&#8211;<a href=\"https:\/\/wordwall.net\/es\/resource\/81246764\/cee-font-de-labella\/la-familia-membres\" target=\"_blank\" rel=\"noopener\">La fam\u00edlia<\/a><\/span><\/p>\n<p><span style=\"font-weight: 400;\">-L&#8217;Article definit<\/span><\/p>\n<p><span style=\"font-weight: 400;\">-Com es contrau la preposici\u00f3 i l&#8217;article personal.<\/span><\/p>\n<p><span style=\"font-weight: 400;\">-El Verb tenir<\/span><\/p>\n<p><span style=\"font-weight: 400;\">-L&#8217;adverbi afirmatiu i adverbi negatiu<\/span><\/p>\n<p><span style=\"font-weight: 400;\">-Els Numerals (10-99)<\/span><\/p>\n<p><strong>\u00a0<\/strong><\/p>\n<p><a href=\"https:\/\/agora.xtec.cat\/cfacanovelles\/wp-content\/uploads\/usu1982\/2025\/10\/PHOTO-2025-10-11-18-23-12.jpg\"><img loading=\"lazy\" decoding=\"async\" class=\"alignnone size-large wp-image-6298\" src=\"https:\/\/agora.xtec.cat\/cfacanovelles\/wp-content\/uploads\/usu1982\/2025\/10\/PHOTO-2025-10-11-18-23-12-1024x663.jpg\" alt=\"\" width=\"1024\" height=\"663\" srcset=\"https:\/\/agora.xtec.cat\/cfacanovelles\/wp-content\/uploads\/usu1982\/2025\/10\/PHOTO-2025-10-11-18-23-12-1024x663.jpg 1024w, https:\/\/agora.xtec.cat\/cfacanovelles\/wp-content\/uploads\/usu1982\/2025\/10\/PHOTO-2025-10-11-18-23-12-300x194.jpg 300w, https:\/\/agora.xtec.cat\/cfacanovelles\/wp-content\/uploads\/usu1982\/2025\/10\/PHOTO-2025-10-11-18-23-12-768x498.jpg 768w, https:\/\/agora.xtec.cat\/cfacanovelles\/wp-content\/uploads\/usu1982\/2025\/10\/PHOTO-2025-10-11-18-23-12.jpg 1031w\" sizes=\"auto, (max-width: 1024px) 100vw, 1024px\" \/><\/a><\/p>\n<p><strong>La fam\u00edlia<\/strong><\/p>\n<ol>\n<li>Observa aquest arbre geneal\u00f2gic:<\/li>\n<\/ol>\n<p><a href=\"https:\/\/agora.xtec.cat\/cfacanovelles\/wp-content\/uploads\/usu1982\/2020\/10\/fam\u00edlia-1-.jpg\"><img loading=\"lazy\" decoding=\"async\" class=\"alignnone size-full wp-image-1875\" src=\"https:\/\/agora.xtec.cat\/cfacanovelles\/wp-content\/uploads\/usu1982\/2020\/10\/fam\u00edlia-1-.jpg\" alt=\"\" width=\"906\" height=\"560\" \/><\/a><\/p>\n<p>Hola! Em dic Albert. Els meus avis es diuen Joan i Maria i els meus pares Marc i Anna. Tinc dos oncles i tres ties. L&#8217;oncle Pau nom\u00e9s t\u00e9 un fill que es diu com ell. La seva dona \u00e9s la tia Joana. Una de les meves ties \u00e9s jove i encara \u00e9s soltera. Es diu Isabel. La tercera tia es diu Elena i est\u00e0 casada amb l&#8217;oncle Ton. Els seus fills s\u00f3n el meu cos\u00ed Jordi i la meva cosina Alba. Tamb\u00e9 tinc dues germanes bessones que els agraden molt els animals. Una es diu A\u00cfda, i t\u00e9 un conillet blanc, i l&#8217;altra es diu Berta. El m\u00e9s petit de casa \u00e9s en Llu\u00eds.<\/p>\n<p>&nbsp;<\/p>\n<p>&nbsp;<\/p>\n<p>&nbsp;<\/p>\n<p>Vols practicar? Respon els seg\u00fcents exercicis<\/p>\n<p>Exercici 2.1<\/p>\n<ol>\n<li>Com es diuen els seus avis?<\/li>\n<li>Com es diuen els seus cosins?<\/li>\n<li>Com es diuen els seus pares?<\/li>\n<li>Quants tiets t\u00e9 l&#8217;Albert?<\/li>\n<li>Quantes tietes t\u00e9 l&#8217;Albert?<\/li>\n<li>Com \u00e9s diuen els seus germans?<\/li>\n<\/ol>\n<p>Exercici 2.2. COMPLETA LES FRASES (mira l\u2019arbre geneal\u00f2gic de baix)<\/p>\n<ol>\n<li>En Mateu \u00e9s el &#8230;&#8230;&#8230;&#8230;&#8230;&#8230;&#8230;&#8230;&#8230;&#8230;&#8230;&#8230;&#8230;&#8230;d\u2019en Pau Sunyol i\u00a0 la Rita Sunyol.<\/li>\n<li>La Rosa \u00e9s la &#8230;&#8230;&#8230;&#8230;&#8230;&#8230;&#8230;&#8230;&#8230;&#8230;&#8230;&#8230;&#8230;&#8230;.. d\u2019en Pau Sunyol i\u00a0 la Rita Sunyol.<\/li>\n<li>En Pau Sunyol \u00e9s el &#8230;&#8230;&#8230;&#8230;&#8230;&#8230;&#8230;&#8230;&#8230;&#8230;&#8230;&#8230;&#8230;&#8230;. d\u2019en Mateu i de la Rosa.<\/li>\n<li>La Rita Sunyol \u00e9s la &#8230;&#8230;&#8230;&#8230;&#8230;&#8230;&#8230;&#8230;&#8230;&#8230;&#8230;&#8230;&#8230;&#8230;&#8230;. d\u2019en Mateu i de la Rosa.<\/li>\n<li>La Carme \u00e9s la &#8230;&#8230;&#8230;&#8230;&#8230;&#8230;&#8230;&#8230;&#8230;&#8230;&#8230;&#8230;&#8230;&#8230;&#8230;&#8230;&#8230;&#8230;..d\u2019en Pau Sunyol.<\/li>\n<li>En Joan L\u00f3pez \u00e9s\u00a0 el &#8230;&#8230;&#8230;&#8230;&#8230;&#8230;&#8230;&#8230;&#8230;&#8230;&#8230;&#8230;&#8230;&#8230;&#8230;&#8230;..de la Rita.<\/li>\n<li>En Carles L\u00f3pez \u00e9s &#8230;&#8230;&#8230;&#8230;&#8230;&#8230;&#8230;&#8230;&#8230;&#8230;&#8230;&#8230;&#8230;&#8230;&#8230;&#8230;&#8230;d\u2019en Mateu\u00a0 i la Rosa.<\/li>\n<li>La Berta Sunyol \u00e9s &#8230;&#8230;&#8230;&#8230;&#8230;&#8230;&#8230;&#8230;&#8230;&#8230;&#8230;&#8230;&#8230;&#8230;&#8230;&#8230;&#8230;.d\u2019en Mateu i la Rosa.<a href=\"https:\/\/forms.gle\/R2AuWhz7LDgXDH4PA\" target=\"_blank\" rel=\"noopener noreferrer\"><img loading=\"lazy\" decoding=\"async\" class=\"alignnone size-large wp-image-1876\" src=\"https:\/\/agora.xtec.cat\/cfacanovelles\/wp-content\/uploads\/usu1982\/2020\/10\/familia-2--1024x633.jpg\" alt=\"\" width=\"1024\" height=\"633\" srcset=\"https:\/\/agora.xtec.cat\/cfacanovelles\/wp-content\/uploads\/usu1982\/2020\/10\/familia-2--1024x633.jpg 1024w, https:\/\/agora.xtec.cat\/cfacanovelles\/wp-content\/uploads\/usu1982\/2020\/10\/familia-2--e1607459987137-150x93.jpg 150w, https:\/\/agora.xtec.cat\/cfacanovelles\/wp-content\/uploads\/usu1982\/2020\/10\/familia-2--300x185.jpg 300w, https:\/\/agora.xtec.cat\/cfacanovelles\/wp-content\/uploads\/usu1982\/2020\/10\/familia-2--768x475.jpg 768w, https:\/\/agora.xtec.cat\/cfacanovelles\/wp-content\/uploads\/usu1982\/2020\/10\/familia-2-.jpg 1071w\" sizes=\"auto, (max-width: 1024px) 100vw, 1024px\" \/><\/a><\/li>\n<\/ol>\n<p><strong>Repassem el Verb tenir <\/strong><\/p>\n<p>jo tinc <a href=\"https:\/\/agora.xtec.cat\/cfacanovelles\/wp-content\/uploads\/usu1982\/2020\/10\/fam\u00edlia-3-.jpg\"><img loading=\"lazy\" decoding=\"async\" class=\"wp-image-1877 alignright\" src=\"https:\/\/agora.xtec.cat\/cfacanovelles\/wp-content\/uploads\/usu1982\/2020\/10\/fam\u00edlia-3-.jpg\" alt=\"\" width=\"70\" height=\"70\" srcset=\"https:\/\/agora.xtec.cat\/cfacanovelles\/wp-content\/uploads\/usu1982\/2020\/10\/fam\u00edlia-3-.jpg 350w, https:\/\/agora.xtec.cat\/cfacanovelles\/wp-content\/uploads\/usu1982\/2020\/10\/fam\u00edlia-3--150x150.jpg 150w, https:\/\/agora.xtec.cat\/cfacanovelles\/wp-content\/uploads\/usu1982\/2020\/10\/fam\u00edlia-3--300x300.jpg 300w\" sizes=\"auto, (max-width: 70px) 100vw, 70px\" \/><\/a><\/p>\n<p>tu tens<\/p>\n<p>ell t\u00e9<\/p>\n<p>nosaltres tenim<\/p>\n<p>vosaltres teniu<\/p>\n<p>elles tenen<\/p>\n<p>&nbsp;<\/p>\n<p><strong>Repassem els<\/strong>\u00a0possessius<\/p>\n<p>el meu\u00a0\u00a0\u00a0\u00a0\u00a0 \u00a0\u00a0 la meva\u00a0\u00a0\u00a0\u00a0\u00a0\u00a0\u00a0 els meus\u00a0\u00a0\u00a0\u00a0\u00a0\u00a0\u00a0\u00a0 les meves<\/p>\n<p>el teu\u00a0\u00a0\u00a0\u00a0\u00a0 \u00a0 \u00a0 la teva\u00a0 \u00a0 \u00a0 \u00a0 \u00a0\u00a0 els teus \u00a0 \u00a0 \u00a0 \u00a0 \u00a0 les teves<\/p>\n<p>el seu \u00a0 \u00a0 \u00a0 \u00a0 la seva \u00a0 \u00a0 \u00a0 \u00a0\u00a0 els seus \u00a0 \u00a0 \u00a0 \u00a0\u00a0 les seves<\/p>\n<p>el nostre\u00a0\u00a0\u00a0 la nostra \u00a0 \u00a0 \u00a0\u00a0 els nostres \u00a0 \u00a0\u00a0 les nostres<\/p>\n<p>el vostre \u00a0\u00a0 la vostra \u00a0 \u00a0 \u00a0\u00a0 els vostres \u00a0 \u00a0\u00a0 les vostres<\/p>\n<p>el seu \u00a0 \u00a0 \u00a0 la seva \u00a0 \u00a0 \u00a0 \u00a0 \u00a0 els seus \u00a0 \u00a0 \u00a0 \u00a0 les seves<\/p>\n<p>&nbsp;<\/p>\n<p>Per practicar una mica m\u00e9s aqu\u00ed tens alguns exercicis: <a href=\"https:\/\/wordwall.net\/es\/resource\/81246764\/cee-font-de-labella\/la-familia-membres\">LA FAM\u00cdLIA<\/a><\/p>\n<p>&nbsp;<\/p>\n<p><strong>Si has fet tots els exercicis anteriors, has fet una molt bona feina!<\/strong><\/p>\n","protected":false},"excerpt":{"rendered":"<p>En aquesta unitat treballarem:<br \/>\n-Els determinants demostratius.\u00a0<br \/>\n-Les persones.\u00a0<br \/>\n-Els determinants possessius<br \/>\n&#8211;<a href=\"https:\/\/wordwall.net\/es\/resource\/81246764\/cee-font-de-labella\/la-familia-membres\" target=\"_blank\" rel=\"noopener\">La fam\u00edlia<\/a><br \/>\n-L&#8217;Article definit<br \/>\n-Com es contrau la preposici\u00f3 i l&#8217;article personal.<br \/>\n-El Verb tenir<br \/>\n-L&#8217;adverbi afirmatiu i adverbi negatiu<br \/>\n-Els Numerals (10-99)<br \/>\n\u00a0<br \/>\n<a href=\"https:\/\/agora.xtec.cat\/cfacanovelles\/wp-content\/uploads\/usu1982\/2025\/10\/PHOTO-2025-10-11-18-23-12.jpg\"><\/a><br \/>\nLa fam\u00edlia<\/p>\n<ol>\n<li>Observa aquest arbre geneal\u00f2gic:<\/li>\n<\/ol>\n<p><a href=\"https:\/\/agora.xtec.cat\/cfacanovelles\/wp-content\/uploads\/usu1982\/2020\/10\/fam\u00edlia-1-.jpg\"><\/a><br \/>\nHola! Em dic Albert. Els meus avis es diuen Joan i&hellip;  <a href=\"https:\/\/agora.xtec.cat\/cfacanovelles\/catala-1-mati\/unitat-2\/\" title=\"Read TEMA 2 &#8211; LA FAM\u00cdLIA\">Llegeix m\u00e9s\u00bb<\/a><\/p>\n","protected":false},"author":25,"featured_media":6298,"comment_status":"open","ping_status":"closed","sticky":false,"template":"","format":"standard","meta":{"_bbp_topic_count":0,"_bbp_reply_count":0,"_bbp_total_topic_count":0,"_bbp_total_reply_count":0,"_bbp_voice_count":0,"_bbp_anonymous_reply_count":0,"_bbp_topic_count_hidden":0,"_bbp_reply_count_hidden":0,"_bbp_forum_subforum_count":0,"footnotes":""},"categories":[140],"tags":[],"class_list":["post-1874","post","type-post","status-publish","format-standard","has-post-thumbnail","hentry","category-catala-1-mati"],"post_mailing_queue_ids":[],"_links":{"self":[{"href":"https:\/\/agora.xtec.cat\/cfacanovelles\/wp-json\/wp\/v2\/posts\/1874","targetHints":{"allow":["GET"]}}],"collection":[{"href":"https:\/\/agora.xtec.cat\/cfacanovelles\/wp-json\/wp\/v2\/posts"}],"about":[{"href":"https:\/\/agora.xtec.cat\/cfacanovelles\/wp-json\/wp\/v2\/types\/post"}],"author":[{"embeddable":true,"href":"https:\/\/agora.xtec.cat\/cfacanovelles\/wp-json\/wp\/v2\/users\/25"}],"replies":[{"embeddable":true,"href":"https:\/\/agora.xtec.cat\/cfacanovelles\/wp-json\/wp\/v2\/comments?post=1874"}],"version-history":[{"count":6,"href":"https:\/\/agora.xtec.cat\/cfacanovelles\/wp-json\/wp\/v2\/posts\/1874\/revisions"}],"predecessor-version":[{"id":6659,"href":"https:\/\/agora.xtec.cat\/cfacanovelles\/wp-json\/wp\/v2\/posts\/1874\/revisions\/6659"}],"wp:featuredmedia":[{"embeddable":true,"href":"https:\/\/agora.xtec.cat\/cfacanovelles\/wp-json\/wp\/v2\/media\/6298"}],"wp:attachment":[{"href":"https:\/\/agora.xtec.cat\/cfacanovelles\/wp-json\/wp\/v2\/media?parent=1874"}],"wp:term":[{"taxonomy":"category","embeddable":true,"href":"https:\/\/agora.xtec.cat\/cfacanovelles\/wp-json\/wp\/v2\/categories?post=1874"},{"taxonomy":"post_tag","embeddable":true,"href":"https:\/\/agora.xtec.cat\/cfacanovelles\/wp-json\/wp\/v2\/tags?post=1874"}],"curies":[{"name":"wp","href":"https:\/\/api.w.org\/{rel}","templated":true}]}}