{"id":1870,"date":"2020-10-26T10:50:25","date_gmt":"2020-10-26T09:50:25","guid":{"rendered":"https:\/\/agora.xtec.cat\/cfacanovelles\/?p=1870"},"modified":"2025-10-14T19:29:49","modified_gmt":"2025-10-14T17:29:49","slug":"la-poblacio-despanya-i-catalunya","status":"publish","type":"post","link":"https:\/\/agora.xtec.cat\/cfacanovelles\/c-soc-ii-i-moviment-migratori\/la-poblacio-despanya-i-catalunya\/","title":{"rendered":"La poblaci\u00f3 d&#8217;Espanya i Catalunya"},"content":{"rendered":"<p>La poblaci\u00f3 espanyola i catalana s&#8217;insereixen dins la din\u00e0mica de poblaci\u00f3 dels pa\u00efsos rics, la qual cosa vol dir que estan entrant en un proc\u00e9s accelerat d&#8217;envelliment.<\/p>\n<p><img loading=\"lazy\" decoding=\"async\" class=\"alignnone size-large\" src=\"https:\/\/geografiabatxillerat.files.wordpress.com\/2019\/12\/distribucic3b3-per-edats-cata.png\" width=\"561\" height=\"341\" \/><\/p>\n<h4>Fes les activitats del formulari de sota<\/h4>\n<p><iframe loading=\"lazy\" src=\"https:\/\/docs.google.com\/forms\/d\/e\/1FAIpQLSe_VX7RIqrVfNPsw-aJeOjIatMpNvF8FPRDBuEo276XVsWusw\/viewform?embedded=true\" width=\"640\" height=\"4386\" frameborder=\"0\" marginwidth=\"0\" marginheight=\"0\">S&#8217;est\u00e0 carregant\u2026<\/iframe><\/p>\n","protected":false},"excerpt":{"rendered":"<p>La poblaci\u00f3 espanyola i catalana s&#8217;insereixen dins la din\u00e0mica de poblaci\u00f3 dels pa\u00efsos rics, la qual cosa vol dir que estan entrant en un proc\u00e9s accelerat d&#8217;envelliment.<\/p>\n<p>Fes les activitats del formulari de sota<br \/>\nS&#8217;est\u00e0 carregant\u2026<\/p>\n","protected":false},"author":4,"featured_media":0,"comment_status":"open","ping_status":"closed","sticky":false,"template":"","format":"standard","meta":{"_bbp_topic_count":0,"_bbp_reply_count":0,"_bbp_total_topic_count":0,"_bbp_total_reply_count":0,"_bbp_voice_count":0,"_bbp_anonymous_reply_count":0,"_bbp_topic_count_hidden":0,"_bbp_reply_count_hidden":0,"_bbp_forum_subforum_count":0,"footnotes":""},"categories":[121],"tags":[],"class_list":["post-1870","post","type-post","status-publish","format-standard","hentry","category-c-soc-ii-i-moviment-migratori"],"post_mailing_queue_ids":[],"_links":{"self":[{"href":"https:\/\/agora.xtec.cat\/cfacanovelles\/wp-json\/wp\/v2\/posts\/1870","targetHints":{"allow":["GET"]}}],"collection":[{"href":"https:\/\/agora.xtec.cat\/cfacanovelles\/wp-json\/wp\/v2\/posts"}],"about":[{"href":"https:\/\/agora.xtec.cat\/cfacanovelles\/wp-json\/wp\/v2\/types\/post"}],"author":[{"embeddable":true,"href":"https:\/\/agora.xtec.cat\/cfacanovelles\/wp-json\/wp\/v2\/users\/4"}],"replies":[{"embeddable":true,"href":"https:\/\/agora.xtec.cat\/cfacanovelles\/wp-json\/wp\/v2\/comments?post=1870"}],"version-history":[{"count":3,"href":"https:\/\/agora.xtec.cat\/cfacanovelles\/wp-json\/wp\/v2\/posts\/1870\/revisions"}],"predecessor-version":[{"id":5516,"href":"https:\/\/agora.xtec.cat\/cfacanovelles\/wp-json\/wp\/v2\/posts\/1870\/revisions\/5516"}],"wp:attachment":[{"href":"https:\/\/agora.xtec.cat\/cfacanovelles\/wp-json\/wp\/v2\/media?parent=1870"}],"wp:term":[{"taxonomy":"category","embeddable":true,"href":"https:\/\/agora.xtec.cat\/cfacanovelles\/wp-json\/wp\/v2\/categories?post=1870"},{"taxonomy":"post_tag","embeddable":true,"href":"https:\/\/agora.xtec.cat\/cfacanovelles\/wp-json\/wp\/v2\/tags?post=1870"}],"curies":[{"name":"wp","href":"https:\/\/api.w.org\/{rel}","templated":true}]}}