{"id":161,"date":"2014-09-19T16:00:03","date_gmt":"2014-09-19T16:00:03","guid":{"rendered":"http:\/\/agora.xtec.cat\/cfacanovelles\/?p=161"},"modified":"2019-11-21T09:59:25","modified_gmt":"2019-11-21T08:59:25","slug":"noticia-7","status":"publish","type":"post","link":"https:\/\/agora.xtec.cat\/cfacanovelles\/general\/noticia-7\/","title":{"rendered":"PRIMER DIA DE CLASSE AL CFA CANOVELLES"},"content":{"rendered":"<p>Dem\u00e0, dia 18 de setembre, s&#8217;inicien les classes a l&#8217;Escola d&#8217;Adults de Canovelles, tot i que el centre va iniciar la seva activitat el dia 2 de setembre. Durant aquesta primera quinzena, al centre s&#8217;han realitzat proves de nivell per a noves preinscripcions i feina de preparaci\u00f3 del curs, per part de tot el personal.<br \/>\n<a href=\"https:\/\/agora.xtec.cat\/cfacanovelles\/wp-content\/uploads\/usu1982\/2014\/09\/llibreta.jpg\"><img loading=\"lazy\" decoding=\"async\" class=\"alignnone size-full wp-image-406\" src=\"https:\/\/agora.xtec.cat\/cfacanovelles\/wp-content\/uploads\/usu1982\/2014\/09\/llibreta.jpg\" alt=\"\" width=\"275\" height=\"183\" \/><\/a><br \/>\nEnguany, la novetat est\u00e0 en qu\u00e8 hi haur\u00e0 m\u00e9s grups de catal\u00e0 i castell\u00e0 inicials. Aquest increment en aquests estudis respon a la gran demanda dels cursos anteriors. Aprendre catal\u00e0 \u00e9s f\u00e0cil!<br \/>\n<iframe loading=\"lazy\" src=\"https:\/\/www.ccma.cat\/video\/embed\/5775416\/\" width=\"500px\" height=\"281px\" frameborder=\"0\" scrolling=\"no\" allowfullscreen=\"allowfullscreen\"><\/iframe><br \/>\nUna de les plataformes per aprendre catal\u00e0 de forma virtual \u00e9s Parla.cat<br \/>\n<iframe loading=\"lazy\" src=\"https:\/\/www.youtube.com\/embed\/JUFeaCjGdRM\" width=\"560\" height=\"315\" frameborder=\"5\" allowfullscreen=\"allowfullscreen\"><\/iframe><\/p>\n","protected":false},"excerpt":{"rendered":"<p>Dem\u00e0, dia 18 de setembre, s&#8217;inicien les classes a l&#8217;Escola d&#8217;Adults de Canovelles, tot i que el centre va iniciar la seva activitat el dia 2 de setembre. Durant aquesta primera quinzena, al centre s&#8217;han realitzat proves de nivell per a noves preinscripcions i feina&hellip;  <a href=\"https:\/\/agora.xtec.cat\/cfacanovelles\/general\/noticia-7\/\" title=\"Read PRIMER DIA DE CLASSE AL CFA CANOVELLES\">Llegeix m\u00e9s\u00bb<\/a><\/p>\n","protected":false},"author":1,"featured_media":407,"comment_status":"closed","ping_status":"closed","sticky":false,"template":"","format":"standard","meta":{"_bbp_topic_count":0,"_bbp_reply_count":0,"_bbp_total_topic_count":0,"_bbp_total_reply_count":0,"_bbp_voice_count":0,"_bbp_anonymous_reply_count":0,"_bbp_topic_count_hidden":0,"_bbp_reply_count_hidden":0,"_bbp_forum_subforum_count":0,"footnotes":""},"categories":[1],"tags":[],"class_list":["post-161","post","type-post","status-publish","format-standard","has-post-thumbnail","hentry","category-general"],"post_mailing_queue_ids":[],"_links":{"self":[{"href":"https:\/\/agora.xtec.cat\/cfacanovelles\/wp-json\/wp\/v2\/posts\/161","targetHints":{"allow":["GET"]}}],"collection":[{"href":"https:\/\/agora.xtec.cat\/cfacanovelles\/wp-json\/wp\/v2\/posts"}],"about":[{"href":"https:\/\/agora.xtec.cat\/cfacanovelles\/wp-json\/wp\/v2\/types\/post"}],"author":[{"embeddable":true,"href":"https:\/\/agora.xtec.cat\/cfacanovelles\/wp-json\/wp\/v2\/users\/1"}],"replies":[{"embeddable":true,"href":"https:\/\/agora.xtec.cat\/cfacanovelles\/wp-json\/wp\/v2\/comments?post=161"}],"version-history":[{"count":2,"href":"https:\/\/agora.xtec.cat\/cfacanovelles\/wp-json\/wp\/v2\/posts\/161\/revisions"}],"predecessor-version":[{"id":408,"href":"https:\/\/agora.xtec.cat\/cfacanovelles\/wp-json\/wp\/v2\/posts\/161\/revisions\/408"}],"wp:featuredmedia":[{"embeddable":true,"href":"https:\/\/agora.xtec.cat\/cfacanovelles\/wp-json\/wp\/v2\/media\/407"}],"wp:attachment":[{"href":"https:\/\/agora.xtec.cat\/cfacanovelles\/wp-json\/wp\/v2\/media?parent=161"}],"wp:term":[{"taxonomy":"category","embeddable":true,"href":"https:\/\/agora.xtec.cat\/cfacanovelles\/wp-json\/wp\/v2\/categories?post=161"},{"taxonomy":"post_tag","embeddable":true,"href":"https:\/\/agora.xtec.cat\/cfacanovelles\/wp-json\/wp\/v2\/tags?post=161"}],"curies":[{"name":"wp","href":"https:\/\/api.w.org\/{rel}","templated":true}]}}