{"id":134,"date":"2014-09-19T10:45:22","date_gmt":"2014-09-19T10:45:22","guid":{"rendered":"http:\/\/agora.xtec.cat\/cfacanovelles\/?p=134"},"modified":"2019-11-21T09:59:25","modified_gmt":"2019-11-21T08:59:25","slug":"noticia-5","status":"publish","type":"post","link":"https:\/\/agora.xtec.cat\/cfacanovelles\/general\/noticia-5\/","title":{"rendered":"Canovelles est\u00e0 de dol"},"content":{"rendered":"<p>Aquest mes de setembre ha comen\u00e7at amb una trista not\u00edcia pels ve\u00efns i ve\u00efnes de Canovelles. El passat dia 9 de setembre un jove motorista de 18 anys va perdre la vida quan circulava pel municipi. El motorista va morir despr\u00e9s de caure i ser atropellat per un cami\u00f3 a la carretera C-1415b (que porta de Canovelles a Santa Eul\u00e0lia de Ron\u00e7ana), prop del kil\u00f2metre 9.<\/p>\n<p><a href=\"https:\/\/agora.xtec.cat\/cfacanovelles\/wp-content\/uploads\/usu1982\/2014\/09\/canovelles-cercle.png\"><img loading=\"lazy\" decoding=\"async\" class=\"alignnone size-large wp-image-412\" src=\"https:\/\/agora.xtec.cat\/cfacanovelles\/wp-content\/uploads\/usu1982\/2014\/09\/canovelles-cercle-1024x629.png\" alt=\"\" width=\"1024\" height=\"629\" srcset=\"https:\/\/agora.xtec.cat\/cfacanovelles\/wp-content\/uploads\/usu1982\/2014\/09\/canovelles-cercle.png 1024w, https:\/\/agora.xtec.cat\/cfacanovelles\/wp-content\/uploads\/usu1982\/2014\/09\/canovelles-cercle-300x184.png 300w, https:\/\/agora.xtec.cat\/cfacanovelles\/wp-content\/uploads\/usu1982\/2014\/09\/canovelles-cercle-768x472.png 768w\" sizes=\"auto, (max-width: 1024px) 100vw, 1024px\" \/><\/a><\/p>\n<p>Diverses dotacions dels Bombers, Mossos d&#8217;Esquadra i serveis m\u00e8dics (SEM) van acudir al lloc del sinistre tant aviat com va ser possible, per\u00f2 no van poder fer res per salvar la vida del jove pilot.<\/p>\n<p>VOTV us explica els fets:<\/p>\n<p><iframe loading=\"lazy\" src=\"https:\/\/www.youtube.com\/embed\/HjJ8u-KxUnU\" width=\"560\" height=\"315\" frameborder=\"0\" allowfullscreen=\"allowfullscreen\"><\/iframe><\/p>\n<h1><\/h1>\n","protected":false},"excerpt":{"rendered":"<p>Aquest mes de setembre ha comen\u00e7at amb una trista not\u00edcia pels ve\u00efns i ve\u00efnes de Canovelles. El passat dia 9 de setembre un jove motorista de 18 anys va perdre la vida quan circulava pel municipi. El motorista va morir despr\u00e9s de caure i ser&hellip;  <a href=\"https:\/\/agora.xtec.cat\/cfacanovelles\/general\/noticia-5\/\" title=\"Read Canovelles est\u00e0 de dol\">Llegeix m\u00e9s\u00bb<\/a><\/p>\n","protected":false},"author":1,"featured_media":413,"comment_status":"closed","ping_status":"closed","sticky":false,"template":"","format":"standard","meta":{"_bbp_topic_count":0,"_bbp_reply_count":0,"_bbp_total_topic_count":0,"_bbp_total_reply_count":0,"_bbp_voice_count":0,"_bbp_anonymous_reply_count":0,"_bbp_topic_count_hidden":0,"_bbp_reply_count_hidden":0,"_bbp_forum_subforum_count":0,"footnotes":""},"categories":[1],"tags":[37,38],"class_list":["post-134","post","type-post","status-publish","format-standard","has-post-thumbnail","hentry","category-general","tag-audiovisuals","tag-sant-jordi"],"post_mailing_queue_ids":[],"_links":{"self":[{"href":"https:\/\/agora.xtec.cat\/cfacanovelles\/wp-json\/wp\/v2\/posts\/134","targetHints":{"allow":["GET"]}}],"collection":[{"href":"https:\/\/agora.xtec.cat\/cfacanovelles\/wp-json\/wp\/v2\/posts"}],"about":[{"href":"https:\/\/agora.xtec.cat\/cfacanovelles\/wp-json\/wp\/v2\/types\/post"}],"author":[{"embeddable":true,"href":"https:\/\/agora.xtec.cat\/cfacanovelles\/wp-json\/wp\/v2\/users\/1"}],"replies":[{"embeddable":true,"href":"https:\/\/agora.xtec.cat\/cfacanovelles\/wp-json\/wp\/v2\/comments?post=134"}],"version-history":[{"count":1,"href":"https:\/\/agora.xtec.cat\/cfacanovelles\/wp-json\/wp\/v2\/posts\/134\/revisions"}],"predecessor-version":[{"id":414,"href":"https:\/\/agora.xtec.cat\/cfacanovelles\/wp-json\/wp\/v2\/posts\/134\/revisions\/414"}],"wp:featuredmedia":[{"embeddable":true,"href":"https:\/\/agora.xtec.cat\/cfacanovelles\/wp-json\/wp\/v2\/media\/413"}],"wp:attachment":[{"href":"https:\/\/agora.xtec.cat\/cfacanovelles\/wp-json\/wp\/v2\/media?parent=134"}],"wp:term":[{"taxonomy":"category","embeddable":true,"href":"https:\/\/agora.xtec.cat\/cfacanovelles\/wp-json\/wp\/v2\/categories?post=134"},{"taxonomy":"post_tag","embeddable":true,"href":"https:\/\/agora.xtec.cat\/cfacanovelles\/wp-json\/wp\/v2\/tags?post=134"}],"curies":[{"name":"wp","href":"https:\/\/api.w.org\/{rel}","templated":true}]}}