{"id":900,"date":"2020-09-23T16:34:04","date_gmt":"2020-09-23T14:34:04","guid":{"rendered":"https:\/\/agora.xtec.cat\/cfacanfolguera\/?p=900"},"modified":"2020-09-23T16:34:04","modified_gmt":"2020-09-23T14:34:04","slug":"pla-dorganitzacio-del-cfa-can-folguera-per-al-curs-2020-2021","status":"publish","type":"post","link":"https:\/\/agora.xtec.cat\/cfacanfolguera\/portada\/pla-dorganitzacio-del-cfa-can-folguera-per-al-curs-2020-2021\/","title":{"rendered":"Pla d&#8217;organitzaci\u00f3 del CFA Can Folguera per al curs 2020-2021"},"content":{"rendered":"<p>En el context de la pand\u00e8mia de la COVID-19, s&#8217;han establert per al curs actual nous protocols i canvis en l&#8217;organitzaci\u00f3 del nostre centre per tal d&#8217;adaptar-nos a aquesta situaci\u00f3 excepcional. Si cliqueu <a href=\"https:\/\/agora.xtec.cat\/cfacanfolguera\/wp-content\/uploads\/usu249\/2020\/09\/Pla-dorganitzaci\u00f3-del-CFA-Can-Folguera-Curs-2020-21def1.pdf\"><strong><em>aqu\u00ed<\/em><\/strong><\/a>, podreu descarregar el &#8220;Pla d&#8217;organitzaci\u00f3 del CFA Can Folguera per al curs 2020-2021&#8221; i informar-vos detalladament de les actuacions que portarem a terme al llarg del curs. Tot i aix\u00f2, es podrien produir modificacions posteriors en cas de rebre noves instruccions de Sanitat i\/o Educaci\u00f3.<\/p>\n","protected":false},"excerpt":{"rendered":"<p>En el context de la pand\u00e8mia de la COVID-19, s&#8217;han establert per al curs actual nous protocols i canvis en l&#8217;organitzaci\u00f3 del nostre centre per tal d&#8217;adaptar-nos a aquesta situaci\u00f3 excepcional. Si cliqueu <a href=\"https:\/\/agora.xtec.cat\/cfacanfolguera\/wp-content\/uploads\/usu249\/2020\/09\/Pla-dorganitzaci\u00f3-del-CFA-Can-Folguera-Curs-2020-21def1.pdf\">aqu\u00ed<\/a>, podreu descarregar el &#8220;Pla d&#8217;organitzaci\u00f3 del CFA Can Folguera per&hellip;  <a href=\"https:\/\/agora.xtec.cat\/cfacanfolguera\/portada\/pla-dorganitzacio-del-cfa-can-folguera-per-al-curs-2020-2021\/\" title=\"Read Pla d&#8217;organitzaci\u00f3 del CFA Can Folguera per al curs 2020-2021\">Llegeix m\u00e9s\u00bb<\/a><\/p>\n","protected":false},"author":1,"featured_media":0,"comment_status":"closed","ping_status":"closed","sticky":false,"template":"","format":"standard","meta":{"_bbp_topic_count":0,"_bbp_reply_count":0,"_bbp_total_topic_count":0,"_bbp_total_reply_count":0,"_bbp_voice_count":0,"_bbp_anonymous_reply_count":0,"_bbp_topic_count_hidden":0,"_bbp_reply_count_hidden":0,"_bbp_forum_subforum_count":0,"footnotes":""},"categories":[29],"tags":[],"class_list":["post-900","post","type-post","status-publish","format-standard","hentry","category-portada"],"post_mailing_queue_ids":[],"_links":{"self":[{"href":"https:\/\/agora.xtec.cat\/cfacanfolguera\/wp-json\/wp\/v2\/posts\/900","targetHints":{"allow":["GET"]}}],"collection":[{"href":"https:\/\/agora.xtec.cat\/cfacanfolguera\/wp-json\/wp\/v2\/posts"}],"about":[{"href":"https:\/\/agora.xtec.cat\/cfacanfolguera\/wp-json\/wp\/v2\/types\/post"}],"author":[{"embeddable":true,"href":"https:\/\/agora.xtec.cat\/cfacanfolguera\/wp-json\/wp\/v2\/users\/1"}],"replies":[{"embeddable":true,"href":"https:\/\/agora.xtec.cat\/cfacanfolguera\/wp-json\/wp\/v2\/comments?post=900"}],"version-history":[{"count":2,"href":"https:\/\/agora.xtec.cat\/cfacanfolguera\/wp-json\/wp\/v2\/posts\/900\/revisions"}],"predecessor-version":[{"id":904,"href":"https:\/\/agora.xtec.cat\/cfacanfolguera\/wp-json\/wp\/v2\/posts\/900\/revisions\/904"}],"wp:attachment":[{"href":"https:\/\/agora.xtec.cat\/cfacanfolguera\/wp-json\/wp\/v2\/media?parent=900"}],"wp:term":[{"taxonomy":"category","embeddable":true,"href":"https:\/\/agora.xtec.cat\/cfacanfolguera\/wp-json\/wp\/v2\/categories?post=900"},{"taxonomy":"post_tag","embeddable":true,"href":"https:\/\/agora.xtec.cat\/cfacanfolguera\/wp-json\/wp\/v2\/tags?post=900"}],"curies":[{"name":"wp","href":"https:\/\/api.w.org\/{rel}","templated":true}]}}